{"id":57405,"date":"2025-06-15T06:15:10","date_gmt":"2025-06-15T11:15:10","guid":{"rendered":"https:\/\/revistazetta.com\/?p=57405"},"modified":"2025-06-15T06:15:10","modified_gmt":"2025-06-15T11:15:10","slug":"la-magia-es-bolivar-y-hoy-celebramos-con-orgullo-todo-lo-que-nos-hace-unicos","status":"publish","type":"post","link":"https:\/\/revistazetta.com\/?p=57405","title":{"rendered":"\u00a1La magia es Bol\u00edvar y hoy celebramos con orgullo todo lo que nos hace \u00fanicos!"},"content":{"rendered":"<p><strong>Cartagena de Indias, 15 de junio de 2025.-<\/strong> El gobierno departamental, en cabeza del gobernador Yamil Arana, despleg\u00f3 una intensa campa\u00f1a de celebraci\u00f3n del aniversario 168 de la creaci\u00f3n de este ente territorial.<\/p>\n<p>\u201cSon 168 a\u00f1os y seguimos latiendo fuerte, como el tambor que suena en las fiestas, como el r\u00edo que nunca se detiene. Somos colores, voces, historia viva. Esto es Bol\u00edvar: un lugar que no se cuenta, se siente\u201d, expres\u00f3 el gobernador Arana en sus redes sociales.<\/p>\n<p>\u00abPorque la magia est\u00e1 en lo que somos: en lo que creemos, en lo que so\u00f1amos, en lo que construimos juntos.<\/p>\n<p>\u00a1La magia es Bol\u00edvar y hoy celebramos con orgullo todo lo que nos hace \u00fanicos!<\/p>\n<p>\u00a1Feliz cumplea\u00f1os al mejor departamento!<\/p>\n<p><strong>Creaci\u00f3n legal de Bol\u00edvar<\/strong><\/p>\n<p>La creaci\u00f3n del Estado de Bol\u00edvar (con sus similares del Cauca, Cundinamarca, Boyac\u00e1, y Magdalena), por la Ley 15 de junio de 1857 que cre\u00f3 el Estado Soberano de Bol\u00edvar, vino a ser la culminaci\u00f3n de un largo proceso pol\u00edtico, iniciado con la Constituci\u00f3n de 1853.<\/p>\n<p>Hasta la expedici\u00f3n de la ley de 15 de junio de 1857, a partir de la conformaci\u00f3n de una rep\u00fablica libre y aut\u00f3noma, este pa\u00eds adopt\u00f3 cinco constituciones a saber: la de 1821 conocida como Constituci\u00f3n de C\u00facuta, la de 1830 expedida por el llamado Congreso Admirable, la de 1832 que cre\u00f3 el Estado de la Nueva Granada, y las de 1843 y 1853 que se expidieron para la Rep\u00fablica de la Nueva Granada.<\/p>\n<p><img loading=\"lazy\" decoding=\"async\" class=\"alignnone size-medium wp-image-57407\" src=\"https:\/\/revistazetta.com\/wp-content\/uploads\/2025\/06\/SaveClip.App_506033420_18508254931063276_8190987979675061041_n-500x333.jpg\" alt=\"\" width=\"500\" height=\"333\" srcset=\"https:\/\/revistazetta.com\/wp-content\/uploads\/2025\/06\/SaveClip.App_506033420_18508254931063276_8190987979675061041_n-500x333.jpg 500w, https:\/\/revistazetta.com\/wp-content\/uploads\/2025\/06\/SaveClip.App_506033420_18508254931063276_8190987979675061041_n-1024x683.jpg 1024w, https:\/\/revistazetta.com\/wp-content\/uploads\/2025\/06\/SaveClip.App_506033420_18508254931063276_8190987979675061041_n-243x162.jpg 243w, https:\/\/revistazetta.com\/wp-content\/uploads\/2025\/06\/SaveClip.App_506033420_18508254931063276_8190987979675061041_n.jpg 1080w\" sizes=\"auto, (max-width: 500px) 100vw, 500px\" \/> <img loading=\"lazy\" decoding=\"async\" class=\"alignnone size-medium wp-image-57408\" src=\"https:\/\/revistazetta.com\/wp-content\/uploads\/2025\/06\/SaveClip.App_506084276_18508254940063276_5836601684749488641_n-500x333.jpg\" alt=\"\" width=\"500\" height=\"333\" srcset=\"https:\/\/revistazetta.com\/wp-content\/uploads\/2025\/06\/SaveClip.App_506084276_18508254940063276_5836601684749488641_n-500x333.jpg 500w, https:\/\/revistazetta.com\/wp-content\/uploads\/2025\/06\/SaveClip.App_506084276_18508254940063276_5836601684749488641_n-1024x683.jpg 1024w, https:\/\/revistazetta.com\/wp-content\/uploads\/2025\/06\/SaveClip.App_506084276_18508254940063276_5836601684749488641_n-243x162.jpg 243w, https:\/\/revistazetta.com\/wp-content\/uploads\/2025\/06\/SaveClip.App_506084276_18508254940063276_5836601684749488641_n.jpg 1080w\" sizes=\"auto, (max-width: 500px) 100vw, 500px\" \/><\/p>\n","protected":false},"excerpt":{"rendered":"<p>Cartagena de Indias, 15 de junio de 2025.- El gobierno departamental, en cabeza del gobernador Yamil Arana, despleg\u00f3 una intensa campa\u00f1a de celebraci\u00f3n del aniversario 168 de la creaci\u00f3n de este ente territorial. \u201cSon 168 a\u00f1os y seguimos latiendo fuerte, como el tambor que suena en las fiestas, como el r\u00edo que nunca se detiene. Somos colores, voces, historia viva. Esto es Bol\u00edvar: un lugar que no se cuenta, se siente\u201d, expres\u00f3 el gobernador Arana en sus redes sociales. \u00abPorque la magia est\u00e1 en lo que somos: en lo que&#8230; <\/p>\n","protected":false},"author":3,"featured_media":57406,"comment_status":"closed","ping_status":"closed","sticky":false,"template":"","format":"standard","meta":{"footnotes":"","_links_to":"","_links_to_target":""},"categories":[33,1450,80],"tags":[73,839,285,365,300,583],"class_list":["post-57405","post","type-post","status-publish","format-standard","has-post-thumbnail","hentry","category-actualidad-bolivar","category-parasladers","category-region","tag-bolivar","tag-departamento-de-bolivar","tag-destacada","tag-gobernacion-de-bolivar","tag-region","tag-yamil-arana"],"_links":{"self":[{"href":"https:\/\/revistazetta.com\/index.php?rest_route=\/wp\/v2\/posts\/57405","targetHints":{"allow":["GET"]}}],"collection":[{"href":"https:\/\/revistazetta.com\/index.php?rest_route=\/wp\/v2\/posts"}],"about":[{"href":"https:\/\/revistazetta.com\/index.php?rest_route=\/wp\/v2\/types\/post"}],"author":[{"embeddable":true,"href":"https:\/\/revistazetta.com\/index.php?rest_route=\/wp\/v2\/users\/3"}],"replies":[{"embeddable":true,"href":"https:\/\/revistazetta.com\/index.php?rest_route=%2Fwp%2Fv2%2Fcomments&post=57405"}],"version-history":[{"count":0,"href":"https:\/\/revistazetta.com\/index.php?rest_route=\/wp\/v2\/posts\/57405\/revisions"}],"wp:featuredmedia":[{"embeddable":true,"href":"https:\/\/revistazetta.com\/index.php?rest_route=\/wp\/v2\/media\/57406"}],"wp:attachment":[{"href":"https:\/\/revistazetta.com\/index.php?rest_route=%2Fwp%2Fv2%2Fmedia&parent=57405"}],"wp:term":[{"taxonomy":"category","embeddable":true,"href":"https:\/\/revistazetta.com\/index.php?rest_route=%2Fwp%2Fv2%2Fcategories&post=57405"},{"taxonomy":"post_tag","embeddable":true,"href":"https:\/\/revistazetta.com\/index.php?rest_route=%2Fwp%2Fv2%2Ftags&post=57405"}],"curies":[{"name":"wp","href":"https:\/\/api.w.org\/{rel}","templated":true}]}}