{"id":57419,"date":"2025-06-17T18:38:59","date_gmt":"2025-06-17T23:38:59","guid":{"rendered":"https:\/\/revistazetta.com\/?p=57419"},"modified":"2025-06-17T18:38:59","modified_gmt":"2025-06-17T23:38:59","slug":"los-30-centros-de-vida-de-cartagena-con-todos-los-juguetes","status":"publish","type":"post","link":"https:\/\/revistazetta.com\/?p=57419","title":{"rendered":"Los 30 Centros de Vida de Cartagena con \u201ctodos los juguetes\u201d"},"content":{"rendered":"<div class=\"xdj266r x14z9mp xat24cr x1lziwak x1vvkbs x126k92a\">\n<div dir=\"auto\">\n<p style=\"padding-left: 40px;\"><span style=\"color: #0000ff;\"><em>Alcald\u00eda de Cartagena entrega robusta dotaci\u00f3n que favorece a casi cuatro mil personas mayores<\/em><\/span><\/p>\n<p style=\"padding-left: 40px;\"><em><span style=\"color: #0000ff;\">Electrodom\u00e9sticos, menaje de cocina, sillas, mesas y televisores hacen parte de los casi 23 mil elementos que son distribuidos, progresivamente, en estos 30 espacios ubicados en la zona urbana, insular y rural.<\/span><\/em><\/p>\n<p><strong>Cartagena de Indias, 17 de junio de 2025.-<\/strong> La Alcald\u00eda de Cartagena inici\u00f3 la entrega de una robusta dotaci\u00f3n a los 30 Centros de Vida del Distrito, que quedar\u00e1n \u00abcon todos los juguetes\u00bb, tal como qued\u00f3 registrado en la visita que hizo Liliana Ma\u00f1ana, primera gestora social.<\/p>\n<div class=\"x14z9mp xat24cr x1lziwak x1vvkbs xtlvy1s x126k92a\">\n<div dir=\"auto\">Son casi 23 mil elementos, desde modernos electrodom\u00e9sticos y menaje de cocina, hasta c\u00f3modas sillas, mesas, aires, televisores y m\u00e1s. \u00a1Todo para que los casi 4.000 adultos mayores disfruten de espacios dignos y llenos de vida!<\/div>\n<\/div>\n<div dir=\"auto\">\n<div class=\"x14z9mp xat24cr x1lziwak x1vvkbs xtlvy1s x126k92a\">\n<div dir=\"auto\"><img loading=\"lazy\" decoding=\"async\" class=\"alignnone size-medium wp-image-57426\" src=\"https:\/\/revistazetta.com\/wp-content\/uploads\/2025\/06\/WhatsApp-Image-2025-06-17-at-13.02.59-500x333.jpeg\" alt=\"\" width=\"500\" height=\"333\" srcset=\"https:\/\/revistazetta.com\/wp-content\/uploads\/2025\/06\/WhatsApp-Image-2025-06-17-at-13.02.59-500x333.jpeg 500w, https:\/\/revistazetta.com\/wp-content\/uploads\/2025\/06\/WhatsApp-Image-2025-06-17-at-13.02.59-1024x683.jpeg 1024w, https:\/\/revistazetta.com\/wp-content\/uploads\/2025\/06\/WhatsApp-Image-2025-06-17-at-13.02.59-243x162.jpeg 243w, https:\/\/revistazetta.com\/wp-content\/uploads\/2025\/06\/WhatsApp-Image-2025-06-17-at-13.02.59-1536x1024.jpeg 1536w, https:\/\/revistazetta.com\/wp-content\/uploads\/2025\/06\/WhatsApp-Image-2025-06-17-at-13.02.59-2048x1366.jpeg 2048w\" sizes=\"auto, (max-width: 500px) 100vw, 500px\" \/><\/div>\n<\/div>\n<div class=\"x14z9mp xat24cr x1lziwak x1vvkbs xtlvy1s x126k92a\">\n<div dir=\"auto\">Los primeros en recibir la dotaci\u00f3n, fueron los CDV del barrio San Isidro y Olaya, sector El Tanc\u00f3n. Esta acci\u00f3n se suma a los Centros de Vida ya renovados en 2025, cambiando instalaciones por completo para su seguridad y felicidad. Esta es una apuesta de la Alcald\u00eda por una Cartagena m\u00e1s humana. \u00a1Porque el bienestar de nuestros mayores es el coraz\u00f3n de nuestra Superciudad!<\/div>\n<\/div>\n<\/div>\n<p>\u201cEstoy muy agradecida y llena de gozo por esta dotaci\u00f3n que nuestro alcalde Dumek Turbay le ha regalado a este Centro de Vida, tambi\u00e9n le agradecemos a la primera dama, Liliana Majana, y a la secretar\u00eda de Desarrollo Social, Ana Milena Jim\u00e9nez. Estamos muy contentos de haber recibido esta dotaci\u00f3n\u201d, expres\u00f3 Gledys Recuero, beneficiaria del programa.<\/p>\n<p><img loading=\"lazy\" decoding=\"async\" class=\"alignnone size-medium wp-image-57429\" src=\"https:\/\/revistazetta.com\/wp-content\/uploads\/2025\/06\/WhatsApp-Image-2025-06-17-at-13.03.01-1-500x333.jpeg\" alt=\"\" width=\"500\" height=\"333\" srcset=\"https:\/\/revistazetta.com\/wp-content\/uploads\/2025\/06\/WhatsApp-Image-2025-06-17-at-13.03.01-1-500x333.jpeg 500w, https:\/\/revistazetta.com\/wp-content\/uploads\/2025\/06\/WhatsApp-Image-2025-06-17-at-13.03.01-1-1024x683.jpeg 1024w, https:\/\/revistazetta.com\/wp-content\/uploads\/2025\/06\/WhatsApp-Image-2025-06-17-at-13.03.01-1-243x162.jpeg 243w, https:\/\/revistazetta.com\/wp-content\/uploads\/2025\/06\/WhatsApp-Image-2025-06-17-at-13.03.01-1-1536x1024.jpeg 1536w, https:\/\/revistazetta.com\/wp-content\/uploads\/2025\/06\/WhatsApp-Image-2025-06-17-at-13.03.01-1-2048x1366.jpeg 2048w\" sizes=\"auto, (max-width: 500px) 100vw, 500px\" \/><\/p>\n<p>Las entregas contemplan desde electrodom\u00e9sticos como neveras, enfriadores, aire acondicionado y abanicos, hasta menaje de cocina que incluye ollas, platos, cucharas, calderos y vasos. En esta ocasi\u00f3n, los Centros de Vida tambi\u00e9n ser\u00e1n surtidos con elementos mobiliarios como sillas y mesas, adem\u00e1s de televisores. Esta iniciativa beneficiar\u00e1 a aproximadamente 4 mil personas mayores.<\/p>\n<p>\u201cCon esta entrega reafirmamos nuestro compromiso con el bienestar de cerca de 4 mil personas mayores que hacen parte de los Centros de Vida. Desde la Alcald\u00eda de Cartagena, estamos felices de seguir fortaleciendo estos espacios, no solo en infraestructura, sino tambi\u00e9n con dotaciones que mejoran su calidad de vida. Porque nuestras personas mayores merecen entornos donde se sientan cuidados, valorados y felices\u201d, afirm\u00f3 la gestora social, Liliana Majana<\/p>\n<p><img loading=\"lazy\" decoding=\"async\" class=\"alignnone size-medium wp-image-57424\" src=\"https:\/\/revistazetta.com\/wp-content\/uploads\/2025\/06\/WhatsApp-Image-2025-06-17-at-13.02.58-500x333.jpeg\" alt=\"\" width=\"500\" height=\"333\" srcset=\"https:\/\/revistazetta.com\/wp-content\/uploads\/2025\/06\/WhatsApp-Image-2025-06-17-at-13.02.58-500x333.jpeg 500w, https:\/\/revistazetta.com\/wp-content\/uploads\/2025\/06\/WhatsApp-Image-2025-06-17-at-13.02.58-1024x683.jpeg 1024w, https:\/\/revistazetta.com\/wp-content\/uploads\/2025\/06\/WhatsApp-Image-2025-06-17-at-13.02.58-243x162.jpeg 243w, https:\/\/revistazetta.com\/wp-content\/uploads\/2025\/06\/WhatsApp-Image-2025-06-17-at-13.02.58-1536x1024.jpeg 1536w, https:\/\/revistazetta.com\/wp-content\/uploads\/2025\/06\/WhatsApp-Image-2025-06-17-at-13.02.58-2048x1366.jpeg 2048w\" sizes=\"auto, (max-width: 500px) 100vw, 500px\" \/><\/p>\n<p><strong>\u00a1Un gran a\u00f1o para los Centros de Vida!<\/strong><br \/>\nEn lo que va de 2025, la Alcald\u00eda de Cartagena ha entregado cuatro Centros de Vida completamente renovados en sectores como El Poz\u00f3n, Chiquinquir\u00e1, Bayunca e Isla Fuerte, cuyos trabajos implicaron un cambio en un 200% de estas instalaciones, que no hab\u00edan sido intervenidas por a\u00f1os y que tras las obras realizadas cumplen con todos los requerimientos para que los adultos mayores, que all\u00ed asisten, se sientan seguros y sobre todo felices. \u201cEs de gran beneficio para estas personas, nos va a cambiar la atenci\u00f3n, nos ayudar\u00e1 a tener a los adultos mayores activos y felices con una atenci\u00f3n integral, el cual es nuestro objetivo y lo que logramos d\u00eda a d\u00eda\u201d, indic\u00f3 Nubis Mej\u00eda, directora del Centro de Vida de San Isidro.<\/p>\n<p><img loading=\"lazy\" decoding=\"async\" class=\"alignnone size-medium wp-image-57422\" src=\"https:\/\/revistazetta.com\/wp-content\/uploads\/2025\/06\/WhatsApp-Image-2025-06-17-at-13.02.57-500x333.jpeg\" alt=\"\" width=\"500\" height=\"333\" srcset=\"https:\/\/revistazetta.com\/wp-content\/uploads\/2025\/06\/WhatsApp-Image-2025-06-17-at-13.02.57-500x333.jpeg 500w, https:\/\/revistazetta.com\/wp-content\/uploads\/2025\/06\/WhatsApp-Image-2025-06-17-at-13.02.57-1024x683.jpeg 1024w, https:\/\/revistazetta.com\/wp-content\/uploads\/2025\/06\/WhatsApp-Image-2025-06-17-at-13.02.57-243x162.jpeg 243w, https:\/\/revistazetta.com\/wp-content\/uploads\/2025\/06\/WhatsApp-Image-2025-06-17-at-13.02.57-1536x1024.jpeg 1536w, https:\/\/revistazetta.com\/wp-content\/uploads\/2025\/06\/WhatsApp-Image-2025-06-17-at-13.02.57-2048x1365.jpeg 2048w\" sizes=\"auto, (max-width: 500px) 100vw, 500px\" \/><\/p>\n<p>Simult\u00e1neamente, el gobierno actual, liderado por el alcalde Dumek Turbay Paz, tambi\u00e9n mejor\u00f3 la infraestructura de los Centros de Vida de Bellavista, La Candelaria y Olaya Herrera sector El Tanc\u00f3n, con obras en cielos rasos, ba\u00f1os, bodegas, cocinas, pisos, puertas, aires acondicionados y cubiertas.<\/p>\n<p>Esta gran jornada permitir\u00e1 renovar los implementos y optimizar los entornos destinados al bienestar de esta poblaci\u00f3n. Los Centros de Vida han sido creados para ofrecer atenci\u00f3n integral a las personas mayores, cubriendo aspectos fundamentales como la salud, la alimentaci\u00f3n, la recreaci\u00f3n y el bienestar emocional. Con esta nueva dotaci\u00f3n, el Gobierno Distrital fortalece los entornos de cuidado, apost\u00e1ndole a un trato digno y a una ciudad m\u00e1s humana.<\/p>\n<p><img loading=\"lazy\" decoding=\"async\" class=\"alignnone size-medium wp-image-57423\" src=\"https:\/\/revistazetta.com\/wp-content\/uploads\/2025\/06\/WhatsApp-Image-2025-06-17-at-13.02.58-1-500x333.jpeg\" alt=\"\" width=\"500\" height=\"333\" srcset=\"https:\/\/revistazetta.com\/wp-content\/uploads\/2025\/06\/WhatsApp-Image-2025-06-17-at-13.02.58-1-500x333.jpeg 500w, https:\/\/revistazetta.com\/wp-content\/uploads\/2025\/06\/WhatsApp-Image-2025-06-17-at-13.02.58-1-1024x683.jpeg 1024w, https:\/\/revistazetta.com\/wp-content\/uploads\/2025\/06\/WhatsApp-Image-2025-06-17-at-13.02.58-1-243x162.jpeg 243w, https:\/\/revistazetta.com\/wp-content\/uploads\/2025\/06\/WhatsApp-Image-2025-06-17-at-13.02.58-1-1536x1024.jpeg 1536w, https:\/\/revistazetta.com\/wp-content\/uploads\/2025\/06\/WhatsApp-Image-2025-06-17-at-13.02.58-1-2048x1366.jpeg 2048w\" sizes=\"auto, (max-width: 500px) 100vw, 500px\" \/> \u00a0<img loading=\"lazy\" decoding=\"async\" class=\"alignnone size-medium wp-image-57425\" src=\"https:\/\/revistazetta.com\/wp-content\/uploads\/2025\/06\/WhatsApp-Image-2025-06-17-at-13.02.59-1-500x333.jpeg\" alt=\"\" width=\"500\" height=\"333\" srcset=\"https:\/\/revistazetta.com\/wp-content\/uploads\/2025\/06\/WhatsApp-Image-2025-06-17-at-13.02.59-1-500x333.jpeg 500w, https:\/\/revistazetta.com\/wp-content\/uploads\/2025\/06\/WhatsApp-Image-2025-06-17-at-13.02.59-1-1024x683.jpeg 1024w, https:\/\/revistazetta.com\/wp-content\/uploads\/2025\/06\/WhatsApp-Image-2025-06-17-at-13.02.59-1-243x162.jpeg 243w, https:\/\/revistazetta.com\/wp-content\/uploads\/2025\/06\/WhatsApp-Image-2025-06-17-at-13.02.59-1-1536x1024.jpeg 1536w, https:\/\/revistazetta.com\/wp-content\/uploads\/2025\/06\/WhatsApp-Image-2025-06-17-at-13.02.59-1-2048x1366.jpeg 2048w\" sizes=\"auto, (max-width: 500px) 100vw, 500px\" \/> \u00a0<img loading=\"lazy\" decoding=\"async\" class=\"alignnone size-medium wp-image-57427\" src=\"https:\/\/revistazetta.com\/wp-content\/uploads\/2025\/06\/WhatsApp-Image-2025-06-17-at-13.03.00-1-500x333.jpeg\" alt=\"\" width=\"500\" height=\"333\" srcset=\"https:\/\/revistazetta.com\/wp-content\/uploads\/2025\/06\/WhatsApp-Image-2025-06-17-at-13.03.00-1-500x333.jpeg 500w, https:\/\/revistazetta.com\/wp-content\/uploads\/2025\/06\/WhatsApp-Image-2025-06-17-at-13.03.00-1-1024x683.jpeg 1024w, https:\/\/revistazetta.com\/wp-content\/uploads\/2025\/06\/WhatsApp-Image-2025-06-17-at-13.03.00-1-243x162.jpeg 243w, https:\/\/revistazetta.com\/wp-content\/uploads\/2025\/06\/WhatsApp-Image-2025-06-17-at-13.03.00-1-1536x1024.jpeg 1536w, https:\/\/revistazetta.com\/wp-content\/uploads\/2025\/06\/WhatsApp-Image-2025-06-17-at-13.03.00-1-2048x1366.jpeg 2048w\" sizes=\"auto, (max-width: 500px) 100vw, 500px\" \/> <img loading=\"lazy\" decoding=\"async\" class=\"alignnone size-medium wp-image-57428\" src=\"https:\/\/revistazetta.com\/wp-content\/uploads\/2025\/06\/WhatsApp-Image-2025-06-17-at-13.03.00-500x333.jpeg\" alt=\"\" width=\"500\" height=\"333\" srcset=\"https:\/\/revistazetta.com\/wp-content\/uploads\/2025\/06\/WhatsApp-Image-2025-06-17-at-13.03.00-500x333.jpeg 500w, https:\/\/revistazetta.com\/wp-content\/uploads\/2025\/06\/WhatsApp-Image-2025-06-17-at-13.03.00-1024x683.jpeg 1024w, https:\/\/revistazetta.com\/wp-content\/uploads\/2025\/06\/WhatsApp-Image-2025-06-17-at-13.03.00-243x162.jpeg 243w, https:\/\/revistazetta.com\/wp-content\/uploads\/2025\/06\/WhatsApp-Image-2025-06-17-at-13.03.00-1536x1024.jpeg 1536w, https:\/\/revistazetta.com\/wp-content\/uploads\/2025\/06\/WhatsApp-Image-2025-06-17-at-13.03.00-2048x1366.jpeg 2048w\" sizes=\"auto, (max-width: 500px) 100vw, 500px\" \/> \u00a0<img loading=\"lazy\" decoding=\"async\" class=\"alignnone size-medium wp-image-57430\" src=\"https:\/\/revistazetta.com\/wp-content\/uploads\/2025\/06\/WhatsApp-Image-2025-06-17-at-13.03.01-500x333.jpeg\" alt=\"\" width=\"500\" height=\"333\" srcset=\"https:\/\/revistazetta.com\/wp-content\/uploads\/2025\/06\/WhatsApp-Image-2025-06-17-at-13.03.01-500x333.jpeg 500w, https:\/\/revistazetta.com\/wp-content\/uploads\/2025\/06\/WhatsApp-Image-2025-06-17-at-13.03.01-1024x683.jpeg 1024w, https:\/\/revistazetta.com\/wp-content\/uploads\/2025\/06\/WhatsApp-Image-2025-06-17-at-13.03.01-243x162.jpeg 243w, https:\/\/revistazetta.com\/wp-content\/uploads\/2025\/06\/WhatsApp-Image-2025-06-17-at-13.03.01-1536x1024.jpeg 1536w, https:\/\/revistazetta.com\/wp-content\/uploads\/2025\/06\/WhatsApp-Image-2025-06-17-at-13.03.01-2048x1366.jpeg 2048w\" sizes=\"auto, (max-width: 500px) 100vw, 500px\" \/><\/p>\n<\/div>\n<div dir=\"auto\"><\/div>\n<\/div>\n","protected":false},"excerpt":{"rendered":"<p>Alcald\u00eda de Cartagena entrega robusta dotaci\u00f3n que favorece a casi cuatro mil personas mayores Electrodom\u00e9sticos, menaje de cocina, sillas, mesas y televisores hacen parte de los casi 23 mil elementos que son distribuidos, progresivamente, en estos 30 espacios ubicados en la zona urbana, insular y rural. Cartagena de Indias, 17 de junio de 2025.- La Alcald\u00eda de Cartagena inici\u00f3 la entrega de una robusta dotaci\u00f3n a los 30 Centros de Vida del Distrito, que quedar\u00e1n \u00abcon todos los juguetes\u00bb, tal como qued\u00f3 registrado en la visita que hizo Liliana Ma\u00f1ana,&#8230; <\/p>\n","protected":false},"author":3,"featured_media":57420,"comment_status":"closed","ping_status":"closed","sticky":false,"template":"","format":"standard","meta":{"footnotes":"","_links_to":"","_links_to_target":""},"categories":[86,1450,32],"tags":[274,297,285,296,1838],"class_list":["post-57419","post","type-post","status-publish","format-standard","has-post-thumbnail","hentry","category-comunidad","category-parasladers","category-actualidad-distrito","tag-alcaldia-de-cartagena","tag-comunidad","tag-destacada","tag-distrito","tag-liliana-majana"],"_links":{"self":[{"href":"https:\/\/revistazetta.com\/index.php?rest_route=\/wp\/v2\/posts\/57419","targetHints":{"allow":["GET"]}}],"collection":[{"href":"https:\/\/revistazetta.com\/index.php?rest_route=\/wp\/v2\/posts"}],"about":[{"href":"https:\/\/revistazetta.com\/index.php?rest_route=\/wp\/v2\/types\/post"}],"author":[{"embeddable":true,"href":"https:\/\/revistazetta.com\/index.php?rest_route=\/wp\/v2\/users\/3"}],"replies":[{"embeddable":true,"href":"https:\/\/revistazetta.com\/index.php?rest_route=%2Fwp%2Fv2%2Fcomments&post=57419"}],"version-history":[{"count":0,"href":"https:\/\/revistazetta.com\/index.php?rest_route=\/wp\/v2\/posts\/57419\/revisions"}],"wp:featuredmedia":[{"embeddable":true,"href":"https:\/\/revistazetta.com\/index.php?rest_route=\/wp\/v2\/media\/57420"}],"wp:attachment":[{"href":"https:\/\/revistazetta.com\/index.php?rest_route=%2Fwp%2Fv2%2Fmedia&parent=57419"}],"wp:term":[{"taxonomy":"category","embeddable":true,"href":"https:\/\/revistazetta.com\/index.php?rest_route=%2Fwp%2Fv2%2Fcategories&post=57419"},{"taxonomy":"post_tag","embeddable":true,"href":"https:\/\/revistazetta.com\/index.php?rest_route=%2Fwp%2Fv2%2Ftags&post=57419"}],"curies":[{"name":"wp","href":"https:\/\/api.w.org\/{rel}","templated":true}]}}