{"id":57438,"date":"2025-06-19T23:19:56","date_gmt":"2025-06-20T04:19:56","guid":{"rendered":"https:\/\/revistazetta.com\/?p=57438"},"modified":"2025-06-19T23:19:56","modified_gmt":"2025-06-20T04:19:56","slug":"alcantarillado-de-el-guamo-tiene-financiacion-asegurada-para-2025","status":"publish","type":"post","link":"https:\/\/revistazetta.com\/?p=57438","title":{"rendered":"Alcantarillado de El Guamo tiene financiaci\u00f3n asegurada para 2025"},"content":{"rendered":"<p><strong>El Guamo, 20 de junio de 2025.-<\/strong> El atrio de la capilla Santa Luc\u00eda, coraz\u00f3n del municipio montemariano de El Guamo, sirvi\u00f3 de escenario natural para que la gerente de Aguas de Bol\u00edvar, Eliana Romero Valiente, en compa\u00f1\u00eda del alcalde municipal Javier Angulo Romero, socializara el alcance de las obras de optimizaci\u00f3n y construcci\u00f3n del sistema de alcantarillado sanitario, que busca reducir riesgos de enfermedades y mejora en la calidad de vida de 4.435 habitantes de la cabecera municipal.<\/p>\n<p><img loading=\"lazy\" decoding=\"async\" class=\"alignnone size-medium wp-image-57441\" src=\"https:\/\/revistazetta.com\/wp-content\/uploads\/2025\/06\/WhatsApp-Image-2025-06-19-at-16.36.27-500x281.jpeg\" alt=\"\" width=\"500\" height=\"281\" srcset=\"https:\/\/revistazetta.com\/wp-content\/uploads\/2025\/06\/WhatsApp-Image-2025-06-19-at-16.36.27-500x281.jpeg 500w, https:\/\/revistazetta.com\/wp-content\/uploads\/2025\/06\/WhatsApp-Image-2025-06-19-at-16.36.27-1024x576.jpeg 1024w, https:\/\/revistazetta.com\/wp-content\/uploads\/2025\/06\/WhatsApp-Image-2025-06-19-at-16.36.27-250x141.jpeg 250w, https:\/\/revistazetta.com\/wp-content\/uploads\/2025\/06\/WhatsApp-Image-2025-06-19-at-16.36.27.jpeg 1500w\" sizes=\"auto, (max-width: 500px) 100vw, 500px\" \/><\/p>\n<p>La gerente de Aguas de Bol\u00edvar dijo que este proyecto es fruto del esfuerzo y el trabajo articulado entre todas las instituciones \u201cTuvimos dos conceptos t\u00e9cnicos favorables por parte del Ministerio, pero no consegu\u00edamos los recursos. El gobernador Yamil Arana Padau\u00ed nunca se cans\u00f3 y siempre guard\u00f3 la esperanza de que el Gobierno Nacional asignara los recursos, y el 30 de diciembre cuando cerr\u00e1bamos el a\u00f1o 2024 recibimos la llamada confirmando la financiaci\u00f3n total de este importante proyecto\u201d, dijo.<\/p>\n<p>\u201cHoy es una realidad, iniciamos con la primera socializaci\u00f3n del alcance de las obras que cambiar\u00e1 vidas a toda esta comunidad que esper\u00f3 por m\u00e1s de 25 a\u00f1os la materializaci\u00f3n de un sue\u00f1o y el querer de su dirigencia\u201d, indic\u00f3 la funcionaria.<\/p>\n<p>Agreg\u00f3 que con el inicio de las obras del sistema de alcantarillado de El Guamo, suman seis los proyectos de alcantarillado en todo el departamento que, sumado a los 16 proyectos de acueductos en ejecuci\u00f3n, constituyen una inversi\u00f3n sin precedentes en materia de agua potable y saneamiento b\u00e1sico en la historia reciente del departamento.<\/p>\n<p><img loading=\"lazy\" decoding=\"async\" class=\"alignnone size-medium wp-image-57440\" src=\"https:\/\/revistazetta.com\/wp-content\/uploads\/2025\/06\/WhatsApp-Image-2025-06-19-at-16.36.26-498x333.jpeg\" alt=\"\" width=\"498\" height=\"333\" srcset=\"https:\/\/revistazetta.com\/wp-content\/uploads\/2025\/06\/WhatsApp-Image-2025-06-19-at-16.36.26-498x333.jpeg 498w, https:\/\/revistazetta.com\/wp-content\/uploads\/2025\/06\/WhatsApp-Image-2025-06-19-at-16.36.26-1024x684.jpeg 1024w, https:\/\/revistazetta.com\/wp-content\/uploads\/2025\/06\/WhatsApp-Image-2025-06-19-at-16.36.26-242x162.jpeg 242w, https:\/\/revistazetta.com\/wp-content\/uploads\/2025\/06\/WhatsApp-Image-2025-06-19-at-16.36.26-1536x1026.jpeg 1536w, https:\/\/revistazetta.com\/wp-content\/uploads\/2025\/06\/WhatsApp-Image-2025-06-19-at-16.36.26.jpeg 1600w\" sizes=\"auto, (max-width: 498px) 100vw, 498px\" \/><\/p>\n<p>Javier Angulo Romero, alcalde del municipio montemariano de El Guamo, no ocult\u00f3 su felicidad por materializar el sue\u00f1o de un pueblo que anhelaba una obra de tal envergadura para conectar desarrollo.<\/p>\n<p>\u201cYo que soy nacido y criado en El Guamo, siento que uno hace parte del sue\u00f1o de toda una comunidad. Como m\u00e1xima autoridad municipal extiendo mi voz de agradecimiento al Ministerio de Vivienda, a mi gran amigo el gobernador, Yamil Arana Padau\u00ed, y a la gerente de Aguas de Bol\u00edvar, Eliana Romero, por apropiarse de las necesidades sentidas que tenemos los municipios en materia de agua y saneamiento b\u00e1sico\u201d, subray\u00f3 el burgomaestre local.<\/p>\n<p><strong>El proyecto<\/strong><\/p>\n<p>El proyecto de construcci\u00f3n y optimizaci\u00f3n del sistema de alcantarillado sanitario para la cabecera municipal de El Guamo, tendr\u00e1 una inversi\u00f3n de $20.142 millones y ser\u00e1 financiado en su totalidad por el Ministerio de Vivienda Ciudad y Territorio.<\/p>\n<p>Las obras ser\u00e1n realizadas por el Consorcio Gama y tendr\u00e1n un tiempo de ejecuci\u00f3n de 17 meses contados a partir de la suscripci\u00f3n del acta de inicio.<\/p>\n<p>Los trabajos comprenden la instalaci\u00f3n de 14 kil\u00f3metros de tuber\u00edas (distintos di\u00e1metros), pozos de inspecci\u00f3n, conexiones domiciliarias, sistema de tratamiento de aguas residuales, construcci\u00f3n de sifones, instalaciones el\u00e9ctricas, obras complementarias, y la puesta en marcha del sistema.<\/p>\n<p>Se tiene previsto que el gobernador de Bol\u00edvar y el viceministro de Agua Potable y Saneamiento b\u00e1sico pongan la primera piedra en fecha y hora por confirmar.<\/p>\n<p>&nbsp;<\/p>\n","protected":false},"excerpt":{"rendered":"<p>El Guamo, 20 de junio de 2025.- El atrio de la capilla Santa Luc\u00eda, coraz\u00f3n del municipio montemariano de El Guamo, sirvi\u00f3 de escenario natural para que la gerente de Aguas de Bol\u00edvar, Eliana Romero Valiente, en compa\u00f1\u00eda del alcalde municipal Javier Angulo Romero, socializara el alcance de las obras de optimizaci\u00f3n y construcci\u00f3n del sistema de alcantarillado sanitario, que busca reducir riesgos de enfermedades y mejora en la calidad de vida de 4.435 habitantes de la cabecera municipal. La gerente de Aguas de Bol\u00edvar dijo que este proyecto es&#8230; <\/p>\n","protected":false},"author":3,"featured_media":57439,"comment_status":"closed","ping_status":"closed","sticky":false,"template":"","format":"standard","meta":{"footnotes":"","_links_to":"","_links_to_target":""},"categories":[33,1450,80],"tags":[73,285,300],"class_list":["post-57438","post","type-post","status-publish","format-standard","has-post-thumbnail","hentry","category-actualidad-bolivar","category-parasladers","category-region","tag-bolivar","tag-destacada","tag-region"],"_links":{"self":[{"href":"https:\/\/revistazetta.com\/index.php?rest_route=\/wp\/v2\/posts\/57438","targetHints":{"allow":["GET"]}}],"collection":[{"href":"https:\/\/revistazetta.com\/index.php?rest_route=\/wp\/v2\/posts"}],"about":[{"href":"https:\/\/revistazetta.com\/index.php?rest_route=\/wp\/v2\/types\/post"}],"author":[{"embeddable":true,"href":"https:\/\/revistazetta.com\/index.php?rest_route=\/wp\/v2\/users\/3"}],"replies":[{"embeddable":true,"href":"https:\/\/revistazetta.com\/index.php?rest_route=%2Fwp%2Fv2%2Fcomments&post=57438"}],"version-history":[{"count":0,"href":"https:\/\/revistazetta.com\/index.php?rest_route=\/wp\/v2\/posts\/57438\/revisions"}],"wp:featuredmedia":[{"embeddable":true,"href":"https:\/\/revistazetta.com\/index.php?rest_route=\/wp\/v2\/media\/57439"}],"wp:attachment":[{"href":"https:\/\/revistazetta.com\/index.php?rest_route=%2Fwp%2Fv2%2Fmedia&parent=57438"}],"wp:term":[{"taxonomy":"category","embeddable":true,"href":"https:\/\/revistazetta.com\/index.php?rest_route=%2Fwp%2Fv2%2Fcategories&post=57438"},{"taxonomy":"post_tag","embeddable":true,"href":"https:\/\/revistazetta.com\/index.php?rest_route=%2Fwp%2Fv2%2Ftags&post=57438"}],"curies":[{"name":"wp","href":"https:\/\/api.w.org\/{rel}","templated":true}]}}