{"id":57462,"date":"2025-06-21T11:38:00","date_gmt":"2025-06-21T16:38:00","guid":{"rendered":"https:\/\/revistazetta.com\/?p=57462"},"modified":"2025-06-21T13:37:54","modified_gmt":"2025-06-21T18:37:54","slug":"con-dumek-la-transformacion-de-cartagena-es-imparable","status":"publish","type":"post","link":"https:\/\/revistazetta.com\/?p=57462","title":{"rendered":"Con Dumek, la transformaci\u00f3n de Cartagena es imparable: Balance de 18 meses de gobierno"},"content":{"rendered":"<div><span style=\"color: #0000ff;\"><em><strong>Alcald\u00eda de Cartagena hizo balance de sus 18 meses de gobierno y planifica el futuro de Cartagena. <\/strong><\/em><\/span>El alcalde Dumek Turbay junto al gabinete distrital revisaron los avances del Plan de Desarrollo 2024-2027: Cartagena, ciudad de derechos. Planeaci\u00f3n Distrital socializ\u00f3 el diagn\u00f3stico del Plan de Ordenamiento Territorial (POT).<\/div>\n<div><\/div>\n<div><strong>Cartagena de Indias, 21 de junio de 2025.-\u00a0<\/strong>Tras un a\u00f1o y medio en el Palacio de la Aduana, el alcalde de Cartagena, Dumek Turbay, lider\u00f3 este viernes una Jornada de Planificaci\u00f3n Estrat\u00e9gica de Gobierno junto al gabinete distrital.<\/div>\n<div><\/div>\n<div>Durante el encuentro, se revisaron los avances del Plan de Desarrollo 2024\u20132027: Cartagena, ciudad de derechos y se socializ\u00f3 el estado actual del proceso de revisi\u00f3n y ajuste del Plan de Ordenamiento Territorial (POT), el instrumento que orientar\u00e1 el crecimiento y desarrollo urbano de la ciudad durante los pr\u00f3ximos 12 a\u00f1os.<\/div>\n<div><img loading=\"lazy\" decoding=\"async\" class=\"alignnone size-medium wp-image-57468\" src=\"https:\/\/revistazetta.com\/wp-content\/uploads\/2025\/06\/WhatsApp-Image-2025-06-21-at-07.31.29-500x333.jpeg\" alt=\"\" width=\"500\" height=\"333\" srcset=\"https:\/\/revistazetta.com\/wp-content\/uploads\/2025\/06\/WhatsApp-Image-2025-06-21-at-07.31.29-500x333.jpeg 500w, https:\/\/revistazetta.com\/wp-content\/uploads\/2025\/06\/WhatsApp-Image-2025-06-21-at-07.31.29-1024x683.jpeg 1024w, https:\/\/revistazetta.com\/wp-content\/uploads\/2025\/06\/WhatsApp-Image-2025-06-21-at-07.31.29-243x162.jpeg 243w, https:\/\/revistazetta.com\/wp-content\/uploads\/2025\/06\/WhatsApp-Image-2025-06-21-at-07.31.29-1536x1024.jpeg 1536w, https:\/\/revistazetta.com\/wp-content\/uploads\/2025\/06\/WhatsApp-Image-2025-06-21-at-07.31.29-2048x1366.jpeg 2048w\" sizes=\"auto, (max-width: 500px) 100vw, 500px\" \/><\/div>\n<div>El alcalde hizo un recuento de los principales hitos, proyectos y obras ejecutadas e iniciadas en estos primeros 18 meses de gobierno, destacando que Cartagena est\u00e1 recuperando su brillo, se posiciona como un referente regional y nacional, y proyecta una imagen positiva ante el pa\u00eds.<\/div>\n<div><\/div>\n<div>Entre los avances, Turbay destac\u00f3 el desmonte del edificio Aquarela y el cumplimiento de la orden judicial para la restituci\u00f3n del espacio p\u00fablico ocupado por Caf\u00e9 del Mar, dos temas que durante a\u00f1os fueron foco de debate y controversia en la ciudad.<\/div>\n<div><img loading=\"lazy\" decoding=\"async\" class=\"alignnone size-medium wp-image-57464\" src=\"https:\/\/revistazetta.com\/wp-content\/uploads\/2025\/06\/WhatsApp-Image-2025-06-21-at-07.31.28-1-500x333.jpeg\" alt=\"\" width=\"500\" height=\"333\" srcset=\"https:\/\/revistazetta.com\/wp-content\/uploads\/2025\/06\/WhatsApp-Image-2025-06-21-at-07.31.28-1-500x333.jpeg 500w, https:\/\/revistazetta.com\/wp-content\/uploads\/2025\/06\/WhatsApp-Image-2025-06-21-at-07.31.28-1-1024x683.jpeg 1024w, https:\/\/revistazetta.com\/wp-content\/uploads\/2025\/06\/WhatsApp-Image-2025-06-21-at-07.31.28-1-243x162.jpeg 243w, https:\/\/revistazetta.com\/wp-content\/uploads\/2025\/06\/WhatsApp-Image-2025-06-21-at-07.31.28-1-1536x1024.jpeg 1536w, https:\/\/revistazetta.com\/wp-content\/uploads\/2025\/06\/WhatsApp-Image-2025-06-21-at-07.31.28-1-2048x1366.jpeg 2048w\" sizes=\"auto, (max-width: 500px) 100vw, 500px\" \/><\/div>\n<div><\/div>\n<div>El mandatario tambi\u00e9n enfatiz\u00f3 que la Heroica est\u00e1 lista para dar inicio a grandes obras de transformaci\u00f3n, que no solo cambiar\u00e1n el rostro de Cartagena, sino que tambi\u00e9n generar\u00e1n empleo, desarrollo y soluciones a problemas hist\u00f3ricos. Entre los proyectos clave mencion\u00f3: Malec\u00f3n del Mar, intercambiadores viales de Ternera y La Carolina y construccion de nuevos colegios.<\/div>\n<div><\/div>\n<div>\u201cNuestro \u00fanico partido es el de las soluciones. Por eso emprendimos el mayor programa de inversi\u00f3n jam\u00e1s visto en Cartagena: proyectos de infraestructura vial, construcci\u00f3n y mejoramiento de escuelas, parques, escenarios deportivos, hospitales, obras de saneamiento b\u00e1sico y atenci\u00f3n social\u201d, afirm\u00f3 Turbay.<\/div>\n<div><img loading=\"lazy\" decoding=\"async\" class=\"alignnone size-medium wp-image-57466\" src=\"https:\/\/revistazetta.com\/wp-content\/uploads\/2025\/06\/WhatsApp-Image-2025-06-21-at-07.31.28-3-500x333.jpeg\" alt=\"\" width=\"500\" height=\"333\" srcset=\"https:\/\/revistazetta.com\/wp-content\/uploads\/2025\/06\/WhatsApp-Image-2025-06-21-at-07.31.28-3-500x333.jpeg 500w, https:\/\/revistazetta.com\/wp-content\/uploads\/2025\/06\/WhatsApp-Image-2025-06-21-at-07.31.28-3-1024x683.jpeg 1024w, https:\/\/revistazetta.com\/wp-content\/uploads\/2025\/06\/WhatsApp-Image-2025-06-21-at-07.31.28-3-243x162.jpeg 243w, https:\/\/revistazetta.com\/wp-content\/uploads\/2025\/06\/WhatsApp-Image-2025-06-21-at-07.31.28-3-1536x1024.jpeg 1536w, https:\/\/revistazetta.com\/wp-content\/uploads\/2025\/06\/WhatsApp-Image-2025-06-21-at-07.31.28-3-2048x1366.jpeg 2048w\" sizes=\"auto, (max-width: 500px) 100vw, 500px\" \/><\/div>\n<div><strong>El POT avanza<\/strong><\/div>\n<div>Durante la jornada, el secretario de Planeaci\u00f3n, Camilo Rey Sabogal, present\u00f3 el diagn\u00f3stico del POT, actualizado a partir de una rigurosa revisi\u00f3n documental, t\u00e9cnica y con amplia participaci\u00f3n ciudadana. Este diagn\u00f3stico aborda las tensiones y oportunidades del territorio y sus implicaciones para el desarrollo urbano, desde cinco dimensiones clave: institucional, econ\u00f3mica, sociocultural, funcional y ambiental.<\/div>\n<div><\/div>\n<div>Uno de los principales temas de discusi\u00f3n fue la visi\u00f3n de ciudad que proyecta \u00a0la administraci\u00f3n, especialmente sobre c\u00f3mo debe crecer y expandirse Cartagena frente a las din\u00e1micas sociales, econ\u00f3micas, urbanas y ambientales actuales, asegurando un desarrollo ordenado, equilibrado y sostenible.<\/div>\n<div><\/div>\n<div>Entre los temas que busca abordar el POT se encuentran el d\u00e9ficit de vivienda, la falta de espacio p\u00fablico, los desaf\u00edos en movilidad y accesibilidad, y la necesidad de adaptar la ciudad al cambio clim\u00e1tico y al crecimiento poblacional.<\/div>\n<div><\/div>\n<div>\u201cNecesitamos un POT de avanzada. El desarrollo de la ciudad y la soluci\u00f3n de los problemas que sufren los cartageneros a diario dependen de este instrumento.<\/div>\n<div><\/div>\n<div>Esta discusi\u00f3n que tenemos hoy es clave para definir c\u00f3mo visionamos nuestra ciudad. Debemos aprovechar el suelo y hacerlo atractivo; necesitamos una expansi\u00f3n inteligente\u201d, expres\u00f3 el alcalde Dumek Turbay.<\/div>\n<div><\/div>\n<div><strong>Lo que viene para el POT<\/strong><\/div>\n<div>La Secretar\u00eda de Planeaci\u00f3n comenzar\u00e1 a publicar desde la pr\u00f3xima semana, a trav\u00e9s de su p\u00e1gina web y redes sociales, los Documentos T\u00e9cnicos de Soporte (DTS) correspondientes a cada dimensi\u00f3n del diagn\u00f3stico. El primero en divulgarse ser\u00e1 el diagn\u00f3stico institucional, seguido por las dimensiones econ\u00f3mica, sociocultural, funcional y ambiental.<\/div>\n<div><\/div>\n<div>Paralelamente, la Secretar\u00eda avanzar\u00e1 en la fase de formulaci\u00f3n del POT, que incluir\u00e1 la de documentos t\u00e9cnicos y la realizaci\u00f3n de nuevas mesas de participaci\u00f3n ciudadana, con el fin de garantizar que la visi\u00f3n de ciudad sea construida colectivamente.<\/div>\n<div>\u00a0<img loading=\"lazy\" decoding=\"async\" class=\"alignnone size-medium wp-image-57465\" src=\"https:\/\/revistazetta.com\/wp-content\/uploads\/2025\/06\/WhatsApp-Image-2025-06-21-at-07.31.28-2-500x333.jpeg\" alt=\"\" width=\"500\" height=\"333\" srcset=\"https:\/\/revistazetta.com\/wp-content\/uploads\/2025\/06\/WhatsApp-Image-2025-06-21-at-07.31.28-2-500x333.jpeg 500w, https:\/\/revistazetta.com\/wp-content\/uploads\/2025\/06\/WhatsApp-Image-2025-06-21-at-07.31.28-2-1024x683.jpeg 1024w, https:\/\/revistazetta.com\/wp-content\/uploads\/2025\/06\/WhatsApp-Image-2025-06-21-at-07.31.28-2-243x162.jpeg 243w, https:\/\/revistazetta.com\/wp-content\/uploads\/2025\/06\/WhatsApp-Image-2025-06-21-at-07.31.28-2-1536x1024.jpeg 1536w, https:\/\/revistazetta.com\/wp-content\/uploads\/2025\/06\/WhatsApp-Image-2025-06-21-at-07.31.28-2-2048x1366.jpeg 2048w\" sizes=\"auto, (max-width: 500px) 100vw, 500px\" \/><\/div>\n","protected":false},"excerpt":{"rendered":"<p>Alcald\u00eda de Cartagena hizo balance de sus 18 meses de gobierno y planifica el futuro de Cartagena. El alcalde Dumek Turbay junto al gabinete distrital revisaron los avances del Plan de Desarrollo 2024-2027: Cartagena, ciudad de derechos. Planeaci\u00f3n Distrital socializ\u00f3 el diagn\u00f3stico del Plan de Ordenamiento Territorial (POT). Cartagena de Indias, 21 de junio de 2025.-\u00a0Tras un a\u00f1o y medio en el Palacio de la Aduana, el alcalde de Cartagena, Dumek Turbay, lider\u00f3 este viernes una Jornada de Planificaci\u00f3n Estrat\u00e9gica de Gobierno junto al gabinete distrital. Durante el encuentro, se&#8230; <\/p>\n","protected":false},"author":3,"featured_media":57463,"comment_status":"closed","ping_status":"closed","sticky":false,"template":"","format":"standard","meta":{"footnotes":"","_links_to":"","_links_to_target":""},"categories":[85,1450,32],"tags":[111,191,285,296,74],"class_list":["post-57462","post","type-post","status-publish","format-standard","has-post-thumbnail","hentry","category-cartagena","category-parasladers","category-actualidad-distrito","tag-cartagena","tag-cartagena-de-indias","tag-destacada","tag-distrito","tag-dumek-turbay"],"_links":{"self":[{"href":"https:\/\/revistazetta.com\/index.php?rest_route=\/wp\/v2\/posts\/57462","targetHints":{"allow":["GET"]}}],"collection":[{"href":"https:\/\/revistazetta.com\/index.php?rest_route=\/wp\/v2\/posts"}],"about":[{"href":"https:\/\/revistazetta.com\/index.php?rest_route=\/wp\/v2\/types\/post"}],"author":[{"embeddable":true,"href":"https:\/\/revistazetta.com\/index.php?rest_route=\/wp\/v2\/users\/3"}],"replies":[{"embeddable":true,"href":"https:\/\/revistazetta.com\/index.php?rest_route=%2Fwp%2Fv2%2Fcomments&post=57462"}],"version-history":[{"count":0,"href":"https:\/\/revistazetta.com\/index.php?rest_route=\/wp\/v2\/posts\/57462\/revisions"}],"wp:featuredmedia":[{"embeddable":true,"href":"https:\/\/revistazetta.com\/index.php?rest_route=\/wp\/v2\/media\/57463"}],"wp:attachment":[{"href":"https:\/\/revistazetta.com\/index.php?rest_route=%2Fwp%2Fv2%2Fmedia&parent=57462"}],"wp:term":[{"taxonomy":"category","embeddable":true,"href":"https:\/\/revistazetta.com\/index.php?rest_route=%2Fwp%2Fv2%2Fcategories&post=57462"},{"taxonomy":"post_tag","embeddable":true,"href":"https:\/\/revistazetta.com\/index.php?rest_route=%2Fwp%2Fv2%2Ftags&post=57462"}],"curies":[{"name":"wp","href":"https:\/\/api.w.org\/{rel}","templated":true}]}}