{"id":57487,"date":"2025-06-24T07:31:18","date_gmt":"2025-06-24T12:31:18","guid":{"rendered":"https:\/\/revistazetta.com\/?p=57487"},"modified":"2025-06-24T07:31:18","modified_gmt":"2025-06-24T12:31:18","slug":"nadia-blel-petro-olvido-por-completo-el-juramento-de-defender-y-acatar-la-constitucion","status":"publish","type":"post","link":"https:\/\/revistazetta.com\/?p=57487","title":{"rendered":"Nadia Blel: \u00abPetro olvid\u00f3 por completo el juramento de defender y acatar la Constituci\u00f3n\u00bb"},"content":{"rendered":"<p><strong>Bogot\u00e1, 24 de junio de 2025.-<\/strong> La presidenta del Partido Conservador, senadora Nadia Blel, hizo una radiograf\u00eda del estado actual del pa\u00eds tras la legislatura que acaba de concluir y la tarea que le correspondi\u00f3 asumir al conservatismo frente a las acciones de Petro.<\/p>\n<p>Esta es la entrevista que le concedi\u00f3 al peri\u00f3dico El Nuevo Siglo <span style=\"color: #0000ff;\">( <a style=\"color: #0000ff;\" href=\"https:\/\/www.elnuevosiglo.com.co\/politica\/partido-conservador-logro-mantener-equilibrio-institucional-y-ha-sido-un-muro-de\" target=\"_blank\" rel=\"noopener\">https:\/\/www.elnuevosiglo.com.co\/politica\/partido-conservador-logro-mantener-equilibrio-institucional-y-ha-sido-un-muro-de<\/a>\u00a0)<\/span><\/p>\n<p><strong>EL NUEVO SIGLO: <em>Si algo qued\u00f3 claro en esta tercera legislatura fueron los fuertes ataques de la Casa de Nari\u00f1o al Congreso. \u00bfCree que el principio de separaci\u00f3n de poderes y la democracia en s\u00ed misma est\u00e1n en peligro?<\/em><\/strong><\/p>\n<p><strong>NADIA BLEL:<\/strong> El presidente Petro olvid\u00f3 por completo el juramento que hizo en su posesi\u00f3n: defender y acatar la Constituci\u00f3n y la ley. <strong>Sus actuaciones permanentes han demostrado su car\u00e1cter autoritario. Muestra de ello es su reacci\u00f3n contra el Partido Conservador, pues seguimos siendo el blanco de ataques por oponernos a las reformas populistas.\u00a0<\/strong><\/p>\n<p>El presidente parece haber olvidado que nosotros representamos principios muy distintos a los suyos y ha pretendido imponernos su visi\u00f3n como la \u00fanica v\u00e1lida, sin respetar otras opiniones. Pero esta actitud no solo la tiene con el Congreso y el Partido Conservador, sino tambi\u00e9n contra otras ramas, como la judicial, desconociendo sus fallos y suplantando en muchos casos sus funciones.<\/p>\n<p><strong>ENS:<\/strong> <em><strong>Con los caminos de una consulta popular cada vez m\u00e1s bloqueados por las decisiones del Legislativo y el Poder Judicial, \u00bfcree que el Gobierno avanzar\u00e1 a una asamblea constituyente? \u00bfVe alguna viabilidad?<\/strong><\/em><\/p>\n<p><strong>NB<em>: <\/em><\/strong>El pa\u00eds est\u00e1 cansado de la actitud permanente del Gobierno de incentivar el caos y la inestabilidad. <strong>Luego del hundimiento en el Senado de las consultas, el presidente aparece con un nuevo invento de la constituyente, mientras los temas de fondo, como la crisis de salud, la crisis de inseguridad, la crisis econ\u00f3mica, la falta de ingresos en las familias, siguen sin ser atendidos.<\/strong><\/p>\n<p>Se debe entender que una constituyente tambi\u00e9n debe pasar por el Congreso. Esta nueva cortina de humo es un intento desesperado del presidente Petro para ocultar el fracaso de su Gobierno y promover una campa\u00f1a pol\u00edtica anticipada.<\/p>\n<p><strong>ENS:<\/strong><em><strong> \u00bfCon un precandidato presidencial entre la vida y la muerte, cree que el Estado tiene la capacidad de dar garant\u00edas a los partidos y candidatos para hacer proselitismo?\u00a0<\/strong><\/em><\/p>\n<p><strong>NB: <\/strong>Lo que ocurri\u00f3 con nuestro colega y amigo Miguel Uribe, por quien no dejaremos de orar para que Dios le conceda el milagro de su sanaci\u00f3n, es el resultado de una ret\u00f3rica de violencia que ha buscado instalarse en el pa\u00eds y que principalmente ha sido promovida por el presidente y su gobierno.<strong> Los miembros del Partido Conservador hemos sido blanco de insultos, descalificaciones y persecuciones por parte del Gobierno nacional solo por expresar nuestras posturas contrarias.<\/strong><\/p>\n<p>Yo he sido v\u00edctima, junto a mi familia, de todo tipo de atropellos y persecuciones, incluso de plantones en la puerta de mi casa, violando mi intimidad, que han sido promovidos por congresistas de la bancada de gobierno y funcionarios p\u00fablicos. Hoy todos los que ejercemos cargos de representaci\u00f3n y que no acompa\u00f1amos al Gobierno, estamos bajo amenaza.<\/p>\n<p><strong>Por ello hemos tenido que acudir a acciones legales para proteger nuestro derecho democr\u00e1tico a disentir, incluso ante instancias, internacionales con el fin de que se adopten medidas cautelares que protejan nuestros derechos<\/strong>. Esperamos que el presidente Petro entienda que la seguridad para quienes ejercemos la pol\u00edtica en un Estado de derecho, no solo pasa\u00a0 por tener esquemas de protecci\u00f3n, sino tambi\u00e9n requiere desescalar el lenguaje.<\/p>\n<p><strong>ENS: <em>\u00bfCu\u00e1l es el balance de esta tercera legislatura que termina?\u00a0\u00a0<\/em><\/strong><\/p>\n<div id=\"r89-desktop-incontent-2-wrapper\">\n<div id=\"r89-desktop-incontent-2\" data-google-query-id=\"CJecg-eEio4DFXOnywEdTZohLQ\"><strong>NB: <\/strong>El balance de esta legislatura es agridulce. Lo ocurrido con el senador Miguel Uribe deja un sinsabor a todo el Congreso, que ha venido cumpliendo con el mandato de m\u00e1s de 20 millones de colombianos que votaron por nosotros en las urnas. Si bien el Congreso logr\u00f3 defender en democracia las amenazas como las consultas populares, hay temas que fueron aprobados y que nos generan grandes preocupaciones, como la reforma laboral.<\/div>\n<div data-google-query-id=\"CJecg-eEio4DFXOnywEdTZohLQ\">\n<p>Pero sin duda el papel del Congreso como una rama del poder independiente fue fundamental para proteger la Constituci\u00f3n, la separaci\u00f3n de poderes. Considero que, pese a las dificultades que estamos atravesando, <strong>el\u00a0 Congreso, especialmente el Senado, ha estado a la altura del debate y ha sido el contrapeso en una coyuntura exigente.<\/strong><\/p>\n<p><strong>ENS:<\/strong> <em><strong>\u00bfC\u00f3mo eval\u00faa el desempe\u00f1o del conservatismo en Senado y C\u00e1mara, sobre todo frente a los grandes debates y reformas?\u00a0<\/strong><\/em><\/p>\n<p><strong>NB: <\/strong>Actuamos con altura y protagonismo en los grandes debates en defensa de la\u00a0 democracia. Tuvimos la fortuna de tener un liderazgo importante en la Comisi\u00f3n S\u00e9ptima, en donde se dieron las discusiones de la mayor\u00eda de las reformas sociales, manteniendo una postura firme y argumentada, en sinton\u00eda con nuestros principios, pero sobre todo poniendo por encima de cualquier cosa el bienestar del pa\u00eds.<\/p>\n<p>Tambi\u00e9n desde la presidencia del Senado de la Rep\u00fablica, en cabeza de Efra\u00edn Cepeda, logramos seguir esa l\u00ednea en defensa de las instituciones, garantizando el debate libre de todas las bancadas y siendo contrapeso del Gobierno. <strong>Hoy me siento orgullosa\u00a0 de que el Partido Conservador haya logrado mantener el equilibrio institucional y que tambi\u00e9n haya sido un muro de contenci\u00f3n en un momento dif\u00edcil.\u00a0<\/strong><\/p>\n<h3><strong>Procesos disciplinarios<\/strong><\/h3>\n<p><strong>ENS: <\/strong><em><strong>\u00bfAl final de cuentas no hubo sanci\u00f3n alguna a los senadores y representantes a la C\u00e1mara que, contrariando las directrices de un partido independiente, terminaron apoyando al Gobierno?<\/strong><\/em><\/p>\n<p><strong>NB: <\/strong>El partido tiene \u00f3rganos de control independientes a la Directiva Nacional, integrados por personas de las m\u00e1s altas calidades, quienes han liderado, desde su independencia, las acciones necesarias en todos los casos para hacer respetar las directrices.<\/p>\n<p>Entiendo que muchos de esos procesos han seguido su curso y no han concluido; sin embargo, en la m\u00e1s reciente reforma estatutaria\u00a0 atendimos el llamado de <strong>nuestra militancia para fortalecer el rol de estos \u00f3rganos y garantizar que quienes nos representen, act\u00faen no desde los personalismos, sino en coherencia con nuestros principios.\u00a0<\/strong><\/p>\n<p><strong>ENS: <em>\u00bfTiene l\u00f3gica y coherencia pol\u00edtica darles un nuevo aval a esos senadores y representantes que terminaron apoyando las iniciativas petristas?\u00a0<\/em><\/strong><\/p>\n<p><strong>NB: <\/strong>Quienes voten en contrav\u00eda de las decisiones de la bancada, deber\u00e1n responder por ello no solo ante las instancias de control del Partido, sino tambi\u00e9n ante sus electores.\u00a0<strong>Lo que veo yo es a un conservatismo que ha sabido estar a la altura del momento pol\u00edtico y que ha demostrado con hechos su postura firme, y no le tiembla la voz para oponerse al presidente Petro y sus reformas.<\/strong><\/p>\n<p><strong>ENS:<em>\u00a0A escasos nueve meses de las consultas interpartidistas para escoger candidatos presidenciales de coalici\u00f3n, \u00bfno cree que al Partido Conservador le est\u00e1 cogiendo la tarde en su proceso para definir precandidatos y luego escoger un aspirante \u00fanico?\u00a0<\/em><\/strong><\/p>\n<p><strong>NB: <\/strong>Hoy tenemos una responsabilidad desde el Congreso y hemos sabido enfrentarla con altura y con firmeza, siendo protagonistas. La din\u00e1mica pol\u00edtica exige no solo pensar en el proceso electoral, sino ser un actor activo en los diferentes escenarios de la vida nacional.<\/p>\n<p>Desde hace meses he dicho que llevaremos candidato propio, porque ese es el sentir de nuestra militancia, sin desconocer la necesidad de una gran coalici\u00f3n que asegure que Colombia recupere el orden. <strong>Estamos concentrados en nuestro proceso interno y no hay que olvidar que las elecciones al Congreso son igual de importantes, porque buscaremos reafirmarnos como la primera fuerza pol\u00edtica de centro derecha en Colombia.<\/strong><\/p>\n<p><strong>ENS: <\/strong><em><strong>\u00bfC\u00f3mo va el proceso para hacer una alianza de centroderecha que enfrente al candidato presidencial petrista?<\/strong><\/em><\/p>\n<p><strong>NB: <\/strong>Estoy segura de que esa alianza se dar\u00e1 en el momento indicado. Cada partido tiene sus din\u00e1micas internas y sus tiempos. Lo importante siempre ser\u00e1 pensar en el pa\u00eds y c\u00f3mo lograr ganarles las elecciones a quienes durante este tiempo le han hecho tanto da\u00f1o a Colombia.<\/p>\n<p><strong>ENS: <\/strong><strong><em>\u00bfC\u00f3mo ve la situaci\u00f3n de orden p\u00fablico en el pa\u00eds y hasta qu\u00e9 punto la accidentada pol\u00edtica de \u201cpaz total\u201d ha sido causante del fortalecimiento militar y econ\u00f3mico de los grupos ilegales?<\/em><\/strong><\/p>\n<p><strong>NB: <\/strong>La situaci\u00f3n de orden p\u00fablico en el pa\u00eds es un fracaso m\u00e1s del actual Gobierno. Los ataques contra la poblaci\u00f3n civil se han recrudecido, el control territorial de los grupos ilegales va en aumento y los procesos de paz con distintos grupos no han tenido resultado. <strong>Nuestras Fuerzas Armadas y de Polic\u00eda est\u00e1n desmoralizadas, los mandatarios locales no encuentran ninguna respuesta del Gobierno nacional, mientras la poblaci\u00f3n civil clama por acciones concretas.\u00a0<\/strong><\/p>\n<p><strong>La pol\u00edtica de paz ha sido m\u00e1s una narrativa por parte del Gobierno que una pol\u00edtica seria. Este Gobierno, en lugar de debilitar a los grupos armados, les ha brindado tiempo y ox\u00edgeno para reorganizarse,<\/strong> tomar nuevos territorios y controlar econom\u00edas ilegales.<\/p>\n<\/div>\n<\/div>\n","protected":false},"excerpt":{"rendered":"<p>Bogot\u00e1, 24 de junio de 2025.- La presidenta del Partido Conservador, senadora Nadia Blel, hizo una radiograf\u00eda del estado actual del pa\u00eds tras la legislatura que acaba de concluir y la tarea que le correspondi\u00f3 asumir al conservatismo frente a las acciones de Petro. Esta es la entrevista que le concedi\u00f3 al peri\u00f3dico El Nuevo Siglo ( https:\/\/www.elnuevosiglo.com.co\/politica\/partido-conservador-logro-mantener-equilibrio-institucional-y-ha-sido-un-muro-de\u00a0) EL NUEVO SIGLO: Si algo qued\u00f3 claro en esta tercera legislatura fueron los fuertes ataques de la Casa de Nari\u00f1o al Congreso. \u00bfCree que el principio de separaci\u00f3n de poderes y la&#8230; <\/p>\n","protected":false},"author":3,"featured_media":57488,"comment_status":"closed","ping_status":"closed","sticky":false,"template":"","format":"standard","meta":{"footnotes":"","_links_to":"","_links_to_target":""},"categories":[1450,287,4],"tags":[2476,285,313,2475,454,298],"class_list":["post-57487","post","type-post","status-publish","format-standard","has-post-thumbnail","hentry","category-parasladers","category-nacional","category-politica","tag-congreso-de-la-republica","tag-destacada","tag-nacional","tag-nadia-blele","tag-partido-conservador","tag-politica"],"_links":{"self":[{"href":"https:\/\/revistazetta.com\/index.php?rest_route=\/wp\/v2\/posts\/57487","targetHints":{"allow":["GET"]}}],"collection":[{"href":"https:\/\/revistazetta.com\/index.php?rest_route=\/wp\/v2\/posts"}],"about":[{"href":"https:\/\/revistazetta.com\/index.php?rest_route=\/wp\/v2\/types\/post"}],"author":[{"embeddable":true,"href":"https:\/\/revistazetta.com\/index.php?rest_route=\/wp\/v2\/users\/3"}],"replies":[{"embeddable":true,"href":"https:\/\/revistazetta.com\/index.php?rest_route=%2Fwp%2Fv2%2Fcomments&post=57487"}],"version-history":[{"count":0,"href":"https:\/\/revistazetta.com\/index.php?rest_route=\/wp\/v2\/posts\/57487\/revisions"}],"wp:featuredmedia":[{"embeddable":true,"href":"https:\/\/revistazetta.com\/index.php?rest_route=\/wp\/v2\/media\/57488"}],"wp:attachment":[{"href":"https:\/\/revistazetta.com\/index.php?rest_route=%2Fwp%2Fv2%2Fmedia&parent=57487"}],"wp:term":[{"taxonomy":"category","embeddable":true,"href":"https:\/\/revistazetta.com\/index.php?rest_route=%2Fwp%2Fv2%2Fcategories&post=57487"},{"taxonomy":"post_tag","embeddable":true,"href":"https:\/\/revistazetta.com\/index.php?rest_route=%2Fwp%2Fv2%2Ftags&post=57487"}],"curies":[{"name":"wp","href":"https:\/\/api.w.org\/{rel}","templated":true}]}}