{"id":57489,"date":"2025-06-24T13:43:11","date_gmt":"2025-06-24T18:43:11","guid":{"rendered":"https:\/\/revistazetta.com\/?p=57489"},"modified":"2025-06-24T13:43:11","modified_gmt":"2025-06-24T18:43:11","slug":"lo-que-estuvo-al-garete-por-ocho-anos-dumek-lo-arreglo-en-nueve-meses-entregado-cdi-de-villas-de-aranjuez","status":"publish","type":"post","link":"https:\/\/revistazetta.com\/?p=57489","title":{"rendered":"Lo que estuvo al garete por ocho a\u00f1os, Dumek lo arregl\u00f3 en nueve meses: Entregado CDI de Villas de Aranjuez"},"content":{"rendered":"<p style=\"padding-left: 40px;\"><span style=\"color: #0000ff;\"><em>Con gran orgullo, el alcalde Mayor, Dumek Turbay Paz, inaugur\u00f3 un Centro de Desarrollo Infantil que beneficiar\u00e1 a 300 ni\u00f1os de la primera infancia, de los sectores de Barrios Unidos y, por supuesto, a sus familias.<\/em><\/span><\/p>\n<p><strong>Cartagena de Indias D. T. y C., 24 de junio de 2025.-<\/strong> Terminaron los ocho a\u00f1os de espera de la comunidad de Villas de Aranjuez para ver concluido su Centro de Desarrollo Infantil. En un hecho que marca un antes y un despu\u00e9s para las familias del sector de Barrios Unidos, la Alcald\u00eda de Cartagena inaugur\u00f3 oficialmente el CDI &#8211; Huellas de Esperanza.<\/p>\n<p>Por casi 8 a\u00f1os, l\u00edderes y vecinos de esta comunidad fueron testigos de c\u00f3mo este elefante blanco se convirti\u00f3 por fin en una realidad, que impactar\u00e1 a 300 ni\u00f1os y ni\u00f1as de la Primera Infancia.<\/p>\n<p><img loading=\"lazy\" decoding=\"async\" class=\"alignnone size-medium wp-image-57494\" src=\"https:\/\/revistazetta.com\/wp-content\/uploads\/2025\/06\/CDI-5-500x333.jpeg\" alt=\"\" width=\"500\" height=\"333\" srcset=\"https:\/\/revistazetta.com\/wp-content\/uploads\/2025\/06\/CDI-5-500x333.jpeg 500w, https:\/\/revistazetta.com\/wp-content\/uploads\/2025\/06\/CDI-5-1024x683.jpeg 1024w, https:\/\/revistazetta.com\/wp-content\/uploads\/2025\/06\/CDI-5-243x162.jpeg 243w, https:\/\/revistazetta.com\/wp-content\/uploads\/2025\/06\/CDI-5-1536x1024.jpeg 1536w, https:\/\/revistazetta.com\/wp-content\/uploads\/2025\/06\/CDI-5-2048x1366.jpeg 2048w\" sizes=\"auto, (max-width: 500px) 100vw, 500px\" \/><\/p>\n<p>Con un espacio completamente renovado que cuenta con: sala de lactancia, salones de atenci\u00f3n, cocina, ba\u00f1os, comedores, en un \u00e1rea de m\u00e1s de 3 mil 400 metros cuadrados, este CDI ha sido dotado con todos los elementos necesarios para la atenci\u00f3n integral de los menores que all\u00ed asistir\u00e1n.<\/p>\n<p>El alcalde Mayor de Cartagena, Dumek Turbay Paz, se refiri\u00f3 a la importancia de esta gran noticia para la primera infancia de la comunidad de Barrios Unidos.<\/p>\n<p><img loading=\"lazy\" decoding=\"async\" class=\"alignnone size-medium wp-image-57492\" src=\"https:\/\/revistazetta.com\/wp-content\/uploads\/2025\/06\/CDI-3-500x333.jpeg\" alt=\"\" width=\"500\" height=\"333\" srcset=\"https:\/\/revistazetta.com\/wp-content\/uploads\/2025\/06\/CDI-3-500x333.jpeg 500w, https:\/\/revistazetta.com\/wp-content\/uploads\/2025\/06\/CDI-3-1024x683.jpeg 1024w, https:\/\/revistazetta.com\/wp-content\/uploads\/2025\/06\/CDI-3-243x162.jpeg 243w, https:\/\/revistazetta.com\/wp-content\/uploads\/2025\/06\/CDI-3-1536x1024.jpeg 1536w, https:\/\/revistazetta.com\/wp-content\/uploads\/2025\/06\/CDI-3-2048x1366.jpeg 2048w\" sizes=\"auto, (max-width: 500px) 100vw, 500px\" \/><\/p>\n<p>\u201cAbrir las puertas de manera oficial de este CDI representa un agradecimiento muy especial a la Contralor\u00eda que ha sido fundamental en este prop\u00f3sito, como tambi\u00e9n toda la dirigencia comunal de Barrios Unidos. Pero, principalmente, un reconocimiento a todos los padres de familia que durante tantos a\u00f1os ve\u00edan la osamenta de un elefante blanco al que le hab\u00edan perdido cualquier esperanza de que recuperara su brillo y esplendor. Pero que hoy, finalmente, son todos ellos quienes celebran con nosotros la materializaci\u00f3n de un sue\u00f1o hecho realidad. Lo que hemos logrado, despu\u00e9s de 8 a\u00f1os de completo y absurdo abandono, es el lugar ideal para que nuestros ni\u00f1os y ni\u00f1as de 0 a 5 a\u00f1os comiencen a forjar sus sue\u00f1os en esa etapa de formaci\u00f3n m\u00e1s importante de sus vidas\u201d, destac\u00f3 Turbay Paz.<\/p>\n<p><img loading=\"lazy\" decoding=\"async\" class=\"alignnone size-medium wp-image-57497\" src=\"https:\/\/revistazetta.com\/wp-content\/uploads\/2025\/06\/CDI-8-500x333.jpeg\" alt=\"\" width=\"500\" height=\"333\" srcset=\"https:\/\/revistazetta.com\/wp-content\/uploads\/2025\/06\/CDI-8-500x333.jpeg 500w, https:\/\/revistazetta.com\/wp-content\/uploads\/2025\/06\/CDI-8-1024x684.jpeg 1024w, https:\/\/revistazetta.com\/wp-content\/uploads\/2025\/06\/CDI-8-243x162.jpeg 243w, https:\/\/revistazetta.com\/wp-content\/uploads\/2025\/06\/CDI-8.jpeg 1280w\" sizes=\"auto, (max-width: 500px) 100vw, 500px\" \/><\/p>\n<p>El mandatario de los cartageneros a\u00f1adi\u00f3 que \u201cno es solo infraestructura y dotaci\u00f3n, es la tranquilidad de unos padres que podr\u00e1n ganarse el sustento con la certeza de que sus hijos estar\u00e1n en el mejor lugar, en las mejores manos, y con su alimentaci\u00f3n garantizada\u201d.<\/p>\n<p>Los l\u00edderes comunales tambi\u00e9n resaltaron la importancia de una obra por la que esperaron durante casi una d\u00e9cada.<\/p>\n<p>\u201cHoy estamos absolutamente felices. Gracias al alcalde Dumek Turbay porque con este espacio nos han tra\u00eddo felicidad. Est\u00e1bamos so\u00f1ando con ver esta ilusi\u00f3n, hecha realidad\u201d, manifiest\u00f3 Darlys Dur\u00e1n, una de las l\u00edderes del sector de Villas de Aranjuez.<\/p>\n<p><img loading=\"lazy\" decoding=\"async\" class=\"alignnone size-medium wp-image-57493\" src=\"https:\/\/revistazetta.com\/wp-content\/uploads\/2025\/06\/CDI-4-500x333.jpeg\" alt=\"\" width=\"500\" height=\"333\" srcset=\"https:\/\/revistazetta.com\/wp-content\/uploads\/2025\/06\/CDI-4-500x333.jpeg 500w, https:\/\/revistazetta.com\/wp-content\/uploads\/2025\/06\/CDI-4-1024x683.jpeg 1024w, https:\/\/revistazetta.com\/wp-content\/uploads\/2025\/06\/CDI-4-243x162.jpeg 243w, https:\/\/revistazetta.com\/wp-content\/uploads\/2025\/06\/CDI-4-1536x1024.jpeg 1536w, https:\/\/revistazetta.com\/wp-content\/uploads\/2025\/06\/CDI-4-2048x1366.jpeg 2048w\" sizes=\"auto, (max-width: 500px) 100vw, 500px\" \/><\/p>\n<p>Huellas de Esperanza se convierte en otra de las grandes obras que el gobierno distrital cumple garantizando impacto social a comunidades como esta, que desde hace casi 8 a\u00f1os hab\u00edan luchado por concretar este espacio para los menores de Villas de Aranjuez.<\/p>\n<p>\u201cVer este CDI materializado es motivo de alegr\u00eda para la Secretar\u00eda de Desarrollo Social. Trabajamos intensamente desde el d\u00eda 1 para ejecutar las obras, dotar el espacio, estar atentos para conocer al operador encargado de la atenci\u00f3n de los ni\u00f1os y hoy es una realidad. Deseamos que sea de gran provecho para la comunidad y que le den el cuidado para que perdure por muchos a\u00f1os\u201d, asegur\u00f3 Ana Milena Jim\u00e9nez, secretaria de Desarrollo Social.<\/p>\n<p><img loading=\"lazy\" decoding=\"async\" class=\"alignnone size-medium wp-image-57496\" src=\"https:\/\/revistazetta.com\/wp-content\/uploads\/2025\/06\/CDI-7-500x333.jpeg\" alt=\"\" width=\"500\" height=\"333\" srcset=\"https:\/\/revistazetta.com\/wp-content\/uploads\/2025\/06\/CDI-7-500x333.jpeg 500w, https:\/\/revistazetta.com\/wp-content\/uploads\/2025\/06\/CDI-7-1024x684.jpeg 1024w, https:\/\/revistazetta.com\/wp-content\/uploads\/2025\/06\/CDI-7-243x162.jpeg 243w, https:\/\/revistazetta.com\/wp-content\/uploads\/2025\/06\/CDI-7.jpeg 1280w\" sizes=\"auto, (max-width: 500px) 100vw, 500px\" \/><\/p>\n<p>Daniel Lozano, director Regional Bol\u00edvar del Instituto Colombiano de Bienestar Familiar (ICBF), destac\u00f3 la fruct\u00edfera alianza con la Alcald\u00eda Mayor de Cartagena para hacer realidad este CDI. \u201cEsta alianza con la Alcald\u00eda de Cartagena es un ejemplo de c\u00f3mo deben hacerse las cosas en el pa\u00eds para que nuestros ni\u00f1os y ni\u00f1as reciban atenci\u00f3n de calidad\u201d.<\/p>\n<p><strong>Impacto positivo a Barrios Unidos<\/strong><\/p>\n<p>La apertura de puertas de este CDI tiene un gran significado para los vecinos de Villas de Aranjuez y sectores aleda\u00f1os, dado que cuando esta obra estaba inconclusa se hab\u00eda convertido en un foco de delincuencia y drogas.<\/p>\n<p><img loading=\"lazy\" decoding=\"async\" class=\"alignnone size-medium wp-image-57499\" src=\"https:\/\/revistazetta.com\/wp-content\/uploads\/2025\/06\/WhatsApp-Image-2025-06-24-at-09.16.37-500x333.jpeg\" alt=\"\" width=\"500\" height=\"333\" srcset=\"https:\/\/revistazetta.com\/wp-content\/uploads\/2025\/06\/WhatsApp-Image-2025-06-24-at-09.16.37-500x333.jpeg 500w, https:\/\/revistazetta.com\/wp-content\/uploads\/2025\/06\/WhatsApp-Image-2025-06-24-at-09.16.37-1024x683.jpeg 1024w, https:\/\/revistazetta.com\/wp-content\/uploads\/2025\/06\/WhatsApp-Image-2025-06-24-at-09.16.37-243x162.jpeg 243w, https:\/\/revistazetta.com\/wp-content\/uploads\/2025\/06\/WhatsApp-Image-2025-06-24-at-09.16.37-1536x1024.jpeg 1536w, https:\/\/revistazetta.com\/wp-content\/uploads\/2025\/06\/WhatsApp-Image-2025-06-24-at-09.16.37-2048x1366.jpeg 2048w\" sizes=\"auto, (max-width: 500px) 100vw, 500px\" \/><\/p>\n<p>Huellas de Esperanza ampl\u00eda la cobertura en la atenci\u00f3n integral para los ni\u00f1os y ni\u00f1as entre los 0 y 5 a\u00f1os, ofertando servicios como Educaci\u00f3n inicial, cuidado diario, alimentaci\u00f3n, atenci\u00f3n en salud, promoci\u00f3n de sus derechos, promoci\u00f3n de derechos, apoyo a las familias y comunidades, entre otros.<\/p>\n<p>Entre los trabajos realizados, que contaron con la mano de obra local, se encuentran: conexiones, instalaciones el\u00e9ctricas, suministro e instalaci\u00f3n de pisos, enchapes y acabados, cielo raso e impermeabilizaciones, suministro e instalaci\u00f3n de carpinter\u00eda, aparatos sanitarios y accesorios, pintura, patio interno y zonas verdes, construcci\u00f3n de cerramiento y de rampa hacia el segundo piso de esta infraestructura educativa, entre otros.<\/p>\n<p><img loading=\"lazy\" decoding=\"async\" class=\"alignnone size-medium wp-image-57500\" src=\"https:\/\/revistazetta.com\/wp-content\/uploads\/2025\/06\/WhatsApp-Image-2025-06-24-at-09.16.38-500x333.jpeg\" alt=\"\" width=\"500\" height=\"333\" srcset=\"https:\/\/revistazetta.com\/wp-content\/uploads\/2025\/06\/WhatsApp-Image-2025-06-24-at-09.16.38-500x333.jpeg 500w, https:\/\/revistazetta.com\/wp-content\/uploads\/2025\/06\/WhatsApp-Image-2025-06-24-at-09.16.38-1024x683.jpeg 1024w, https:\/\/revistazetta.com\/wp-content\/uploads\/2025\/06\/WhatsApp-Image-2025-06-24-at-09.16.38-243x162.jpeg 243w, https:\/\/revistazetta.com\/wp-content\/uploads\/2025\/06\/WhatsApp-Image-2025-06-24-at-09.16.38-1536x1024.jpeg 1536w, https:\/\/revistazetta.com\/wp-content\/uploads\/2025\/06\/WhatsApp-Image-2025-06-24-at-09.16.38-2048x1366.jpeg 2048w\" sizes=\"auto, (max-width: 500px) 100vw, 500px\" \/> <img loading=\"lazy\" decoding=\"async\" class=\"alignnone size-medium wp-image-57501\" src=\"https:\/\/revistazetta.com\/wp-content\/uploads\/2025\/06\/WhatsApp-Image-2025-06-24-at-09.16.39-1-500x333.jpeg\" alt=\"\" width=\"500\" height=\"333\" srcset=\"https:\/\/revistazetta.com\/wp-content\/uploads\/2025\/06\/WhatsApp-Image-2025-06-24-at-09.16.39-1-500x333.jpeg 500w, https:\/\/revistazetta.com\/wp-content\/uploads\/2025\/06\/WhatsApp-Image-2025-06-24-at-09.16.39-1-1024x683.jpeg 1024w, https:\/\/revistazetta.com\/wp-content\/uploads\/2025\/06\/WhatsApp-Image-2025-06-24-at-09.16.39-1-243x162.jpeg 243w, https:\/\/revistazetta.com\/wp-content\/uploads\/2025\/06\/WhatsApp-Image-2025-06-24-at-09.16.39-1-1536x1024.jpeg 1536w, https:\/\/revistazetta.com\/wp-content\/uploads\/2025\/06\/WhatsApp-Image-2025-06-24-at-09.16.39-1-2048x1366.jpeg 2048w\" sizes=\"auto, (max-width: 500px) 100vw, 500px\" \/> <img loading=\"lazy\" decoding=\"async\" class=\"alignnone size-medium wp-image-57502\" src=\"https:\/\/revistazetta.com\/wp-content\/uploads\/2025\/06\/WhatsApp-Image-2025-06-24-at-09.16.40-1-500x333.jpeg\" alt=\"\" width=\"500\" height=\"333\" srcset=\"https:\/\/revistazetta.com\/wp-content\/uploads\/2025\/06\/WhatsApp-Image-2025-06-24-at-09.16.40-1-500x333.jpeg 500w, https:\/\/revistazetta.com\/wp-content\/uploads\/2025\/06\/WhatsApp-Image-2025-06-24-at-09.16.40-1-1024x683.jpeg 1024w, https:\/\/revistazetta.com\/wp-content\/uploads\/2025\/06\/WhatsApp-Image-2025-06-24-at-09.16.40-1-243x162.jpeg 243w, https:\/\/revistazetta.com\/wp-content\/uploads\/2025\/06\/WhatsApp-Image-2025-06-24-at-09.16.40-1-1536x1024.jpeg 1536w, https:\/\/revistazetta.com\/wp-content\/uploads\/2025\/06\/WhatsApp-Image-2025-06-24-at-09.16.40-1-2048x1366.jpeg 2048w\" sizes=\"auto, (max-width: 500px) 100vw, 500px\" \/> <img loading=\"lazy\" decoding=\"async\" class=\"alignnone size-medium wp-image-57503\" src=\"https:\/\/revistazetta.com\/wp-content\/uploads\/2025\/06\/WhatsApp-Image-2025-06-24-at-09.16.42-1-500x333.jpeg\" alt=\"\" width=\"500\" height=\"333\" srcset=\"https:\/\/revistazetta.com\/wp-content\/uploads\/2025\/06\/WhatsApp-Image-2025-06-24-at-09.16.42-1-500x333.jpeg 500w, https:\/\/revistazetta.com\/wp-content\/uploads\/2025\/06\/WhatsApp-Image-2025-06-24-at-09.16.42-1-1024x683.jpeg 1024w, https:\/\/revistazetta.com\/wp-content\/uploads\/2025\/06\/WhatsApp-Image-2025-06-24-at-09.16.42-1-243x162.jpeg 243w, https:\/\/revistazetta.com\/wp-content\/uploads\/2025\/06\/WhatsApp-Image-2025-06-24-at-09.16.42-1-1536x1024.jpeg 1536w, https:\/\/revistazetta.com\/wp-content\/uploads\/2025\/06\/WhatsApp-Image-2025-06-24-at-09.16.42-1-2048x1366.jpeg 2048w\" sizes=\"auto, (max-width: 500px) 100vw, 500px\" \/><\/p>\n<p><img loading=\"lazy\" decoding=\"async\" class=\"alignnone size-medium wp-image-57504\" src=\"https:\/\/revistazetta.com\/wp-content\/uploads\/2025\/06\/WhatsApp-Image-2025-06-24-at-08.40.19-1-498x333.jpeg\" alt=\"\" width=\"498\" height=\"333\" srcset=\"https:\/\/revistazetta.com\/wp-content\/uploads\/2025\/06\/WhatsApp-Image-2025-06-24-at-08.40.19-1-498x333.jpeg 498w, https:\/\/revistazetta.com\/wp-content\/uploads\/2025\/06\/WhatsApp-Image-2025-06-24-at-08.40.19-1-1024x685.jpeg 1024w, https:\/\/revistazetta.com\/wp-content\/uploads\/2025\/06\/WhatsApp-Image-2025-06-24-at-08.40.19-1-242x162.jpeg 242w, https:\/\/revistazetta.com\/wp-content\/uploads\/2025\/06\/WhatsApp-Image-2025-06-24-at-08.40.19-1.jpeg 1280w\" sizes=\"auto, (max-width: 498px) 100vw, 498px\" \/> <img loading=\"lazy\" decoding=\"async\" class=\"alignnone size-medium wp-image-57505\" src=\"https:\/\/revistazetta.com\/wp-content\/uploads\/2025\/06\/WhatsApp-Image-2025-06-24-at-08.40.20-1-498x333.jpeg\" alt=\"\" width=\"498\" height=\"333\" srcset=\"https:\/\/revistazetta.com\/wp-content\/uploads\/2025\/06\/WhatsApp-Image-2025-06-24-at-08.40.20-1-498x333.jpeg 498w, https:\/\/revistazetta.com\/wp-content\/uploads\/2025\/06\/WhatsApp-Image-2025-06-24-at-08.40.20-1-1024x685.jpeg 1024w, https:\/\/revistazetta.com\/wp-content\/uploads\/2025\/06\/WhatsApp-Image-2025-06-24-at-08.40.20-1-242x162.jpeg 242w, https:\/\/revistazetta.com\/wp-content\/uploads\/2025\/06\/WhatsApp-Image-2025-06-24-at-08.40.20-1.jpeg 1280w\" sizes=\"auto, (max-width: 498px) 100vw, 498px\" \/> <img loading=\"lazy\" decoding=\"async\" class=\"alignnone size-medium wp-image-57506\" src=\"https:\/\/revistazetta.com\/wp-content\/uploads\/2025\/06\/WhatsApp-Image-2025-06-24-at-08.40.20-500x313.jpeg\" alt=\"\" width=\"500\" height=\"313\" srcset=\"https:\/\/revistazetta.com\/wp-content\/uploads\/2025\/06\/WhatsApp-Image-2025-06-24-at-08.40.20-500x313.jpeg 500w, https:\/\/revistazetta.com\/wp-content\/uploads\/2025\/06\/WhatsApp-Image-2025-06-24-at-08.40.20-1024x642.jpeg 1024w, https:\/\/revistazetta.com\/wp-content\/uploads\/2025\/06\/WhatsApp-Image-2025-06-24-at-08.40.20-250x157.jpeg 250w, https:\/\/revistazetta.com\/wp-content\/uploads\/2025\/06\/WhatsApp-Image-2025-06-24-at-08.40.20.jpeg 1280w\" sizes=\"auto, (max-width: 500px) 100vw, 500px\" \/> <img loading=\"lazy\" decoding=\"async\" class=\"alignnone size-medium wp-image-57507\" src=\"https:\/\/revistazetta.com\/wp-content\/uploads\/2025\/06\/WhatsApp-Image-2025-06-24-at-08.40.21-1-498x333.jpeg\" alt=\"\" width=\"498\" height=\"333\" srcset=\"https:\/\/revistazetta.com\/wp-content\/uploads\/2025\/06\/WhatsApp-Image-2025-06-24-at-08.40.21-1-498x333.jpeg 498w, https:\/\/revistazetta.com\/wp-content\/uploads\/2025\/06\/WhatsApp-Image-2025-06-24-at-08.40.21-1-1024x685.jpeg 1024w, https:\/\/revistazetta.com\/wp-content\/uploads\/2025\/06\/WhatsApp-Image-2025-06-24-at-08.40.21-1-242x162.jpeg 242w, https:\/\/revistazetta.com\/wp-content\/uploads\/2025\/06\/WhatsApp-Image-2025-06-24-at-08.40.21-1.jpeg 1280w\" sizes=\"auto, (max-width: 498px) 100vw, 498px\" \/> <img loading=\"lazy\" decoding=\"async\" class=\"alignnone size-medium wp-image-57508\" src=\"https:\/\/revistazetta.com\/wp-content\/uploads\/2025\/06\/WhatsApp-Image-2025-06-24-at-08.40.21-500x331.jpeg\" alt=\"\" width=\"500\" height=\"331\" srcset=\"https:\/\/revistazetta.com\/wp-content\/uploads\/2025\/06\/WhatsApp-Image-2025-06-24-at-08.40.21-500x331.jpeg 500w, https:\/\/revistazetta.com\/wp-content\/uploads\/2025\/06\/WhatsApp-Image-2025-06-24-at-08.40.21-1024x678.jpeg 1024w, https:\/\/revistazetta.com\/wp-content\/uploads\/2025\/06\/WhatsApp-Image-2025-06-24-at-08.40.21-245x162.jpeg 245w, https:\/\/revistazetta.com\/wp-content\/uploads\/2025\/06\/WhatsApp-Image-2025-06-24-at-08.40.21.jpeg 1280w\" sizes=\"auto, (max-width: 500px) 100vw, 500px\" \/> <img loading=\"lazy\" decoding=\"async\" class=\"alignnone size-medium wp-image-57509\" src=\"https:\/\/revistazetta.com\/wp-content\/uploads\/2025\/06\/WhatsApp-Image-2025-06-24-at-08.40.22-1-500x333.jpeg\" alt=\"\" width=\"500\" height=\"333\" srcset=\"https:\/\/revistazetta.com\/wp-content\/uploads\/2025\/06\/WhatsApp-Image-2025-06-24-at-08.40.22-1-500x333.jpeg 500w, https:\/\/revistazetta.com\/wp-content\/uploads\/2025\/06\/WhatsApp-Image-2025-06-24-at-08.40.22-1-1024x684.jpeg 1024w, https:\/\/revistazetta.com\/wp-content\/uploads\/2025\/06\/WhatsApp-Image-2025-06-24-at-08.40.22-1-243x162.jpeg 243w, https:\/\/revistazetta.com\/wp-content\/uploads\/2025\/06\/WhatsApp-Image-2025-06-24-at-08.40.22-1.jpeg 1280w\" sizes=\"auto, (max-width: 500px) 100vw, 500px\" \/> <img loading=\"lazy\" decoding=\"async\" class=\"alignnone size-medium wp-image-57510\" src=\"https:\/\/revistazetta.com\/wp-content\/uploads\/2025\/06\/WhatsApp-Image-2025-06-24-at-08.40.22-500x333.jpeg\" alt=\"\" width=\"500\" height=\"333\" srcset=\"https:\/\/revistazetta.com\/wp-content\/uploads\/2025\/06\/WhatsApp-Image-2025-06-24-at-08.40.22-500x333.jpeg 500w, https:\/\/revistazetta.com\/wp-content\/uploads\/2025\/06\/WhatsApp-Image-2025-06-24-at-08.40.22-1024x684.jpeg 1024w, https:\/\/revistazetta.com\/wp-content\/uploads\/2025\/06\/WhatsApp-Image-2025-06-24-at-08.40.22-243x162.jpeg 243w, https:\/\/revistazetta.com\/wp-content\/uploads\/2025\/06\/WhatsApp-Image-2025-06-24-at-08.40.22.jpeg 1280w\" sizes=\"auto, (max-width: 500px) 100vw, 500px\" \/> <img loading=\"lazy\" decoding=\"async\" class=\"alignnone size-medium wp-image-57511\" src=\"https:\/\/revistazetta.com\/wp-content\/uploads\/2025\/06\/WhatsApp-Image-2025-06-24-at-08.40.23-1-500x333.jpeg\" alt=\"\" width=\"500\" height=\"333\" srcset=\"https:\/\/revistazetta.com\/wp-content\/uploads\/2025\/06\/WhatsApp-Image-2025-06-24-at-08.40.23-1-500x333.jpeg 500w, https:\/\/revistazetta.com\/wp-content\/uploads\/2025\/06\/WhatsApp-Image-2025-06-24-at-08.40.23-1-1024x684.jpeg 1024w, https:\/\/revistazetta.com\/wp-content\/uploads\/2025\/06\/WhatsApp-Image-2025-06-24-at-08.40.23-1-243x162.jpeg 243w, https:\/\/revistazetta.com\/wp-content\/uploads\/2025\/06\/WhatsApp-Image-2025-06-24-at-08.40.23-1.jpeg 1280w\" sizes=\"auto, (max-width: 500px) 100vw, 500px\" \/><\/p>\n<p>&nbsp;<\/p>\n","protected":false},"excerpt":{"rendered":"<p>Con gran orgullo, el alcalde Mayor, Dumek Turbay Paz, inaugur\u00f3 un Centro de Desarrollo Infantil que beneficiar\u00e1 a 300 ni\u00f1os de la primera infancia, de los sectores de Barrios Unidos y, por supuesto, a sus familias. Cartagena de Indias D. T. y C., 24 de junio de 2025.- Terminaron los ocho a\u00f1os de espera de la comunidad de Villas de Aranjuez para ver concluido su Centro de Desarrollo Infantil. En un hecho que marca un antes y un despu\u00e9s para las familias del sector de Barrios Unidos, la Alcald\u00eda de&#8230; <\/p>\n","protected":false},"author":3,"featured_media":57498,"comment_status":"closed","ping_status":"closed","sticky":false,"template":"","format":"standard","meta":{"footnotes":"","_links_to":"","_links_to_target":""},"categories":[86,1450,32],"tags":[274,191,297,285,296,74],"class_list":["post-57489","post","type-post","status-publish","format-standard","has-post-thumbnail","hentry","category-comunidad","category-parasladers","category-actualidad-distrito","tag-alcaldia-de-cartagena","tag-cartagena-de-indias","tag-comunidad","tag-destacada","tag-distrito","tag-dumek-turbay"],"_links":{"self":[{"href":"https:\/\/revistazetta.com\/index.php?rest_route=\/wp\/v2\/posts\/57489","targetHints":{"allow":["GET"]}}],"collection":[{"href":"https:\/\/revistazetta.com\/index.php?rest_route=\/wp\/v2\/posts"}],"about":[{"href":"https:\/\/revistazetta.com\/index.php?rest_route=\/wp\/v2\/types\/post"}],"author":[{"embeddable":true,"href":"https:\/\/revistazetta.com\/index.php?rest_route=\/wp\/v2\/users\/3"}],"replies":[{"embeddable":true,"href":"https:\/\/revistazetta.com\/index.php?rest_route=%2Fwp%2Fv2%2Fcomments&post=57489"}],"version-history":[{"count":0,"href":"https:\/\/revistazetta.com\/index.php?rest_route=\/wp\/v2\/posts\/57489\/revisions"}],"wp:featuredmedia":[{"embeddable":true,"href":"https:\/\/revistazetta.com\/index.php?rest_route=\/wp\/v2\/media\/57498"}],"wp:attachment":[{"href":"https:\/\/revistazetta.com\/index.php?rest_route=%2Fwp%2Fv2%2Fmedia&parent=57489"}],"wp:term":[{"taxonomy":"category","embeddable":true,"href":"https:\/\/revistazetta.com\/index.php?rest_route=%2Fwp%2Fv2%2Fcategories&post=57489"},{"taxonomy":"post_tag","embeddable":true,"href":"https:\/\/revistazetta.com\/index.php?rest_route=%2Fwp%2Fv2%2Ftags&post=57489"}],"curies":[{"name":"wp","href":"https:\/\/api.w.org\/{rel}","templated":true}]}}