{"id":57597,"date":"2025-07-03T06:15:44","date_gmt":"2025-07-03T11:15:44","guid":{"rendered":"https:\/\/revistazetta.com\/?p=57597"},"modified":"2025-07-03T06:15:44","modified_gmt":"2025-07-03T11:15:44","slug":"jep-reconoce-a-carlos-caicedo-exgobernador-del-magdalena-como-victima-del-conflicto-armado","status":"publish","type":"post","link":"https:\/\/revistazetta.com\/?p=57597","title":{"rendered":"JEP reconoce a Carlos Caicedo, exgobernador del Magdalena, como v\u00edctima del conflicto armado"},"content":{"rendered":"<p><strong>Santa Marta \/ Bogot\u00e1 \u2013 3 de julio de 2025.-<\/strong> En una decisi\u00f3n sin precedentes, la Jurisdicci\u00f3n Especial para la Paz (JEP) reconoci\u00f3 al exgobernador del Magdalena y l\u00edder de Fuerza Ciudadana, Carlos Caicedo, como v\u00edctima del conflicto armado colombiano, en el marco del Caso 08 \u2013 Subcaso Gran Magdalena, que investiga cr\u00edmenes cometidos por agentes del Estado, estructuras paramilitares y terceros civiles._<\/p>\n<p>Mediante el Auto OPV 677 del 18 de junio de 2025, la Sala de Reconocimiento de Verdad, Responsabilidad y Determinaci\u00f3n de los Hechos y Conductas resolvi\u00f3 acreditar a Caicedo como interviniente especial y concluy\u00f3 que los hechos de estigmatizaci\u00f3n, persecuci\u00f3n judicial y hostigamiento sistem\u00e1tico que sufri\u00f3, no fueron incidentes aislados, sino parte de una estrategia de exclusi\u00f3n pol\u00edtica estructural, hechos f\u00e1cticos que lo convierten en v\u00edctima directa de un sistema pol\u00edtico-armado que lo persigui\u00f3.<\/p>\n<p>La JEP advirti\u00f3 que la eliminaci\u00f3n del opositor no solo se ejecuta mediante violencia armada directa, sino tambi\u00e9n a trav\u00e9s de formas m\u00e1s sutiles pero igualmente destructivas, como el hostigamiento judicial, la difamaci\u00f3n y la destrucci\u00f3n reputacional. Esta interpretaci\u00f3n ampl\u00eda el enfoque de la justicia transicional, al incluir formas de violencia pol\u00edtica que tradicionalmente han sido invisibilizadas.<\/p>\n<p>Carlos Caicedo fue v\u00edctima de montajes judiciales, campa\u00f1as de desprestigio y uso de falsos testigos, especialmente durante su gesti\u00f3n como rector de la Universidad del Magdalena (1997\u20132006), cuando impuls\u00f3 procesos de transparencia institucional y enfrent\u00f3 redes clientelares ligadas al paramilitarismo. Su posterior trayectoria pol\u00edtica estuvo marcada por intentos sistem\u00e1ticos de vincularlo con estructuras armadas, privaciones injustas de la libertad, acusaciones infundadas y una intensa campa\u00f1a de estigmatizaci\u00f3n medi\u00e1tica.<\/p>\n<p>La Sala valor\u00f3 pruebas presentadas por la defensa, as\u00ed como decisiones judiciales previas como la sentencia de Justicia y Paz de 2018, que desvirtu\u00f3 los se\u00f1alamientos en su contra y evidenci\u00f3 la existencia de un entramado para desviar la verdad del conflicto, mediante el pago de testigos falsos por parte de sectores pol\u00edticos locales. Tambi\u00e9n tuvo en cuenta el archivo de varias investigaciones por parte de la Fiscal\u00eda General en 2023, al no encontrar m\u00e9rito jur\u00eddico en las acusaciones.<\/p>\n<p>\u201cMi caso es el reflejo del sufrimiento de centenares de colombianos que han sido perseguidos con ayuda de un aparato judicial manipulado por intereses oscuros. Durante m\u00e1s de dos d\u00e9cadas enfrent\u00e9 una persecuci\u00f3n que dej\u00f3 cicatrices imborrables en mi vida p\u00fablica y personal. La decisi\u00f3n de la JEP marca un precedente. Env\u00eda un mensaje claro: la verdad siempre prevalece\u201d, expres\u00f3 Caicedo tras conocerse la decisi\u00f3n.<\/p>\n<p><strong>Implicaciones hist\u00f3ricas y democr\u00e1ticas<\/strong><\/p>\n<p>Este fallo, adem\u00e1s de reivindicar a un l\u00edder pol\u00edtico injustamente perseguido, tambi\u00e9n marca un hito en la comprensi\u00f3n de los cr\u00edmenes de persecuci\u00f3n pol\u00edtica en Colombia. La JEP establece que delitos como la injuria o la calumnia \u2014cuando hacen parte de una estrategia sistem\u00e1tica de aniquilamiento pol\u00edtico\u2014 pueden constituir formas de macrocriminalidad, especialmente si se articulan con alianzas entre actores estatales, pol\u00edticos corruptos y estructuras ilegales.<\/p>\n<p>Con esta acreditaci\u00f3n, Caicedo adquiere la calidad de v\u00edctima interviniente ante todas las Salas de la JEP, lo que le otorga facultades procesales para participar activamente en la construcci\u00f3n de verdad, justicia y reparaci\u00f3n. El caso sienta un precedente para que otras v\u00edctimas de persecuci\u00f3n judicial, pol\u00edtica o medi\u00e1tica puedan ser reconocidas en el marco del sistema de justicia transicional.<\/p>\n<p><strong>Una advertencia contra la impunidad<\/strong><\/p>\n<p>El fallo de la JEP env\u00eda un mensaje contundente a quienes han instrumentalizado el sistema judicial y los medios de comunicaci\u00f3n como armas de guerra contra sus adversarios pol\u00edticos. Deja claro que ninguna forma de persecuci\u00f3n debe quedar impune, y que la democracia s\u00f3lo puede fortalecerse si se garantizan los derechos, la honra y la participaci\u00f3n de todas las voces, incluyendo aquellas que se atreven a desafiar los poderes tradicionales.<\/p>\n","protected":false},"excerpt":{"rendered":"<p>Santa Marta \/ Bogot\u00e1 \u2013 3 de julio de 2025.- En una decisi\u00f3n sin precedentes, la Jurisdicci\u00f3n Especial para la Paz (JEP) reconoci\u00f3 al exgobernador del Magdalena y l\u00edder de Fuerza Ciudadana, Carlos Caicedo, como v\u00edctima del conflicto armado colombiano, en el marco del Caso 08 \u2013 Subcaso Gran Magdalena, que investiga cr\u00edmenes cometidos por agentes del Estado, estructuras paramilitares y terceros civiles._ Mediante el Auto OPV 677 del 18 de junio de 2025, la Sala de Reconocimiento de Verdad, Responsabilidad y Determinaci\u00f3n de los Hechos y Conductas resolvi\u00f3 acreditar&#8230; <\/p>\n","protected":false},"author":3,"featured_media":57598,"comment_status":"closed","ping_status":"closed","sticky":false,"template":"","format":"standard","meta":{"footnotes":"","_links_to":"","_links_to_target":""},"categories":[26,4],"tags":[1523,350,298],"class_list":["post-57597","post","type-post","status-publish","format-standard","has-post-thumbnail","hentry","category-politica-noticias","category-politica","tag-carlos-caicedo","tag-noticias","tag-politica"],"_links":{"self":[{"href":"https:\/\/revistazetta.com\/index.php?rest_route=\/wp\/v2\/posts\/57597","targetHints":{"allow":["GET"]}}],"collection":[{"href":"https:\/\/revistazetta.com\/index.php?rest_route=\/wp\/v2\/posts"}],"about":[{"href":"https:\/\/revistazetta.com\/index.php?rest_route=\/wp\/v2\/types\/post"}],"author":[{"embeddable":true,"href":"https:\/\/revistazetta.com\/index.php?rest_route=\/wp\/v2\/users\/3"}],"replies":[{"embeddable":true,"href":"https:\/\/revistazetta.com\/index.php?rest_route=%2Fwp%2Fv2%2Fcomments&post=57597"}],"version-history":[{"count":0,"href":"https:\/\/revistazetta.com\/index.php?rest_route=\/wp\/v2\/posts\/57597\/revisions"}],"wp:featuredmedia":[{"embeddable":true,"href":"https:\/\/revistazetta.com\/index.php?rest_route=\/wp\/v2\/media\/57598"}],"wp:attachment":[{"href":"https:\/\/revistazetta.com\/index.php?rest_route=%2Fwp%2Fv2%2Fmedia&parent=57597"}],"wp:term":[{"taxonomy":"category","embeddable":true,"href":"https:\/\/revistazetta.com\/index.php?rest_route=%2Fwp%2Fv2%2Fcategories&post=57597"},{"taxonomy":"post_tag","embeddable":true,"href":"https:\/\/revistazetta.com\/index.php?rest_route=%2Fwp%2Fv2%2Ftags&post=57597"}],"curies":[{"name":"wp","href":"https:\/\/api.w.org\/{rel}","templated":true}]}}