{"id":57618,"date":"2025-07-07T16:32:34","date_gmt":"2025-07-07T21:32:34","guid":{"rendered":"https:\/\/revistazetta.com\/?p=57618"},"modified":"2025-07-07T16:32:34","modified_gmt":"2025-07-07T21:32:34","slug":"estudiar-si-es-posible-conoce-las-becas-40-anos-de-uninunez","status":"publish","type":"post","link":"https:\/\/revistazetta.com\/?p=57618","title":{"rendered":"Estudiar s\u00ed es posible: Conoce las becas 40 a\u00f1os de UNINU\u00d1EZ"},"content":{"rendered":"<div><strong>Cartagena de Indias, 7 de julio 2025.-<\/strong> En conmemoraci\u00f3n de sus 40 a\u00f1os de compromiso con la educaci\u00f3n superior de calidad en Cartagena, la Corporaci\u00f3n Universitaria Rafael N\u00fa\u00f1ez \u2013 UNIN\u00da\u00d1EZ abre una convocatoria de becas con descuentos de hasta el 50% en programas acad\u00e9micos seleccionados.<\/div>\n<div>Una oportunidad \u00fanica para que m\u00e1s j\u00f3venes accedan a la educaci\u00f3n superior y construyan su proyecto de vida.<\/div>\n<div>Hablar de UNIN\u00da\u00d1EZ es hablar de una instituci\u00f3n que ha dejado huella en generaciones de estudiantes en Cartagena, Barranquilla y toda la Regi\u00f3n Caribe. Cuatro d\u00e9cadas de trayectoria la consolidan como una instituci\u00f3n con enfoque social, visi\u00f3n internacional y profunda vocaci\u00f3n transformadora.<\/div>\n<div><\/div>\n<div><strong>Oferta acad\u00e9mica para el mundo de hoy<\/strong><\/div>\n<blockquote>\n<div>UNIN\u00da\u00d1EZ ofrece una s\u00f3lida y diversa oferta acad\u00e9mica en \u00e1reas clave como:<\/div>\n<div>\u2022 Ciencias de la Salud<\/div>\n<div>\u2022 Ciencias Sociales y Humanas<\/div>\n<div>\u2022 Ciencias Contables y Administrativas<\/div>\n<div>\u2022 Ingenier\u00eda<\/div>\n<\/blockquote>\n<div>UNINU\u00d1EZ cuenta con programas t\u00e9cnicos laborales, especializaciones de alto impacto y una oferta de educaci\u00f3n continua alineada con las exigencias del entorno laboral actual.<\/div>\n<div>A la par de su oferta presencial, la instituci\u00f3n impulsa con fuerza la formaci\u00f3n virtual, una modalidad flexible, accesible y de alta calidad, ideal para quienes desean equilibrar sus estudios con otras responsabilidades personales o laborales.<\/div>\n<div><\/div>\n<div><strong>En alianza con la Universidad Mariana de Pasto, ofrece programas virtuales como:<\/strong><\/div>\n<div>\u2022 Teolog\u00eda<\/div>\n<div>\u2022 Maestr\u00eda en Pedagog\u00eda<\/div>\n<div>\u2022 Maestr\u00eda en Gesti\u00f3n Educativa y Liderazgo<\/div>\n<div><\/div>\n<div><strong>Becas disponibles en Cartagena y Barranquilla<\/strong><\/div>\n<div><\/div>\n<div><strong>Plan Becas Cartagena<\/strong><\/div>\n<div><\/div>\n<div><strong>Administraci\u00f3n de Empresas<\/strong><\/div>\n<div>30% en el I semestre y 20% del II al IV<\/div>\n<div>Derecho<\/div>\n<div>50% en el I semestre y 30% del II al IV<\/div>\n<div>Licenciatura en Educaci\u00f3n Infantil<\/div>\n<div>30% del I al V semestre<\/div>\n<div>Trabajo Social<\/div>\n<div>20% en I y II semestre<\/div>\n<div>Odontolog\u00eda<\/div>\n<div>10% en I y II semestre<\/div>\n<div>Tecnolog\u00eda en Contabilidad Sistematizada<\/div>\n<div>30% en el I y 20% en el II y III<\/div>\n<div>Tecnolog\u00eda en Desarrollo de Software<\/div>\n<div>20% durante los tres primeros semestres<\/div>\n<div>T\u00e9cnico laboral auxiliar en Seguridad en el Trabajo<\/div>\n<div>30% de descuento<\/div>\n<div>Especializaci\u00f3n en Educaci\u00f3n y Diversidad<\/div>\n<div>30% de descuento<\/div>\n<div><\/div>\n<div><strong>Plan Becas Barranquilla<\/strong><\/div>\n<div>Trabajo Social 50%<\/div>\n<div>del I al IV semestre<\/div>\n<div>Derecho<\/div>\n<div>5% en IX y X semestre<\/div>\n<div>T\u00e9cnico laboral auxiliar en Seguridad en el Trabajo<\/div>\n<div>30% de descuento<\/div>\n<div><\/div>\n<div>\u00a1No dejes pasar esta oportunidad! Estudiar en UNINU\u00d1EZ s\u00ed es posible, y hoy m\u00e1s que nunca, gracias a estas becas conmemorativas por sus 40 a\u00f1os y su diferentes opciones de pago. Es el momento de dar el paso, creer en tu talento y construir un futuro con prop\u00f3sito, excelencia y proyecci\u00f3n internacional.<\/div>\n<div><\/div>\n<div>Inscr\u00edbete ya y s\u00e9 parte de esta historia.<\/div>\n<div>Cartagena: 05- 6439499 ext 1128-1202\/ whatsapp: 3017565579<\/div>\n<div>Barranquilla: 605 3198826 ext 1319 y 1326\/ whatsapp:3005160256<\/div>\n","protected":false},"excerpt":{"rendered":"<p>Cartagena de Indias, 7 de julio 2025.- En conmemoraci\u00f3n de sus 40 a\u00f1os de compromiso con la educaci\u00f3n superior de calidad en Cartagena, la Corporaci\u00f3n Universitaria Rafael N\u00fa\u00f1ez \u2013 UNIN\u00da\u00d1EZ abre una convocatoria de becas con descuentos de hasta el 50% en programas acad\u00e9micos seleccionados. Una oportunidad \u00fanica para que m\u00e1s j\u00f3venes accedan a la educaci\u00f3n superior y construyan su proyecto de vida. Hablar de UNIN\u00da\u00d1EZ es hablar de una instituci\u00f3n que ha dejado huella en generaciones de estudiantes en Cartagena, Barranquilla y toda la Regi\u00f3n Caribe. Cuatro d\u00e9cadas de&#8230; <\/p>\n","protected":false},"author":3,"featured_media":57619,"comment_status":"closed","ping_status":"closed","sticky":false,"template":"","format":"standard","meta":{"footnotes":"","_links_to":"","_links_to_target":""},"categories":[3,1450,51],"tags":[292,285,1907,293],"class_list":["post-57618","post","type-post","status-publish","format-standard","has-post-thumbnail","hentry","category-ciudad","category-parasladers","category-universidad","tag-ciudad","tag-destacada","tag-uninunez","tag-universidad"],"_links":{"self":[{"href":"https:\/\/revistazetta.com\/index.php?rest_route=\/wp\/v2\/posts\/57618","targetHints":{"allow":["GET"]}}],"collection":[{"href":"https:\/\/revistazetta.com\/index.php?rest_route=\/wp\/v2\/posts"}],"about":[{"href":"https:\/\/revistazetta.com\/index.php?rest_route=\/wp\/v2\/types\/post"}],"author":[{"embeddable":true,"href":"https:\/\/revistazetta.com\/index.php?rest_route=\/wp\/v2\/users\/3"}],"replies":[{"embeddable":true,"href":"https:\/\/revistazetta.com\/index.php?rest_route=%2Fwp%2Fv2%2Fcomments&post=57618"}],"version-history":[{"count":0,"href":"https:\/\/revistazetta.com\/index.php?rest_route=\/wp\/v2\/posts\/57618\/revisions"}],"wp:featuredmedia":[{"embeddable":true,"href":"https:\/\/revistazetta.com\/index.php?rest_route=\/wp\/v2\/media\/57619"}],"wp:attachment":[{"href":"https:\/\/revistazetta.com\/index.php?rest_route=%2Fwp%2Fv2%2Fmedia&parent=57618"}],"wp:term":[{"taxonomy":"category","embeddable":true,"href":"https:\/\/revistazetta.com\/index.php?rest_route=%2Fwp%2Fv2%2Fcategories&post=57618"},{"taxonomy":"post_tag","embeddable":true,"href":"https:\/\/revistazetta.com\/index.php?rest_route=%2Fwp%2Fv2%2Ftags&post=57618"}],"curies":[{"name":"wp","href":"https:\/\/api.w.org\/{rel}","templated":true}]}}