{"id":57628,"date":"2025-07-08T09:32:47","date_gmt":"2025-07-08T14:32:47","guid":{"rendered":"https:\/\/revistazetta.com\/?p=57628"},"modified":"2025-07-08T09:32:47","modified_gmt":"2025-07-08T14:32:47","slug":"mas-de-3-700-hogares-en-maicao-se-benefician-con-nuevo-parque-recreo-deportivo-entregado-por-findeter","status":"publish","type":"post","link":"https:\/\/revistazetta.com\/?p=57628","title":{"rendered":"M\u00e1s de 3.700 hogares en Maicao se benefician con nuevo parque recreo deportivo entregado por Findeter \u00a0"},"content":{"rendered":"<ul>\n<li><i>El proyecto, que fue financiado y ejecutado por la entidad, se dise\u00f1\u00f3 con la participaci\u00f3n de la comunidad y cuenta con espacios pensados para diferentes rangos de edad.<\/i><\/li>\n<\/ul>\n<p><b>Bogot\u00e1, 8 de julio de 2025. <\/b>La Banca de Desarrollo Territorial entreg\u00f3 a la comunidad del barrio Pastrana, en la zona norte de Maicao, La Guajira, un parque recreo deportivo que beneficiar\u00e1 a m\u00e1s de 3.700 hogares de este municipio.<\/p>\n<p>\u201c<i>En el marco de nuestro compromiso con el pa\u00eds, y como parte de nuestro objeto social, que se traduce en acciones reales en los territorios, nos enorgullece anunciarles la entrega de un nuevo parque recreo deportivo para la comunidad de Maicao<\/i>\u201d, dijo el presidente de Findeter, Juan Carlos Mu\u00f1iz Pacheco.<span class=\"Apple-converted-space\">\u00a0<\/span><\/p>\n<p>A su vez, el alcalde de Maicao, con quien Findeter trabaj\u00f3 de manera conjunta para el desarrollo de este proyecto y que aport\u00f3 el terreno para la obra, indic\u00f3 sentirse \u201c<i>muy contento de hacer parte de esta realidad, agradecido especialmente con Findeter para lograr sacar adelante obras tan importantes como esta<\/i>\u201d.<\/p>\n<p>El parque se divide en cuatro zonas (\u00e1rea de juegos infantiles, gimnasio biosaludable, cancha m\u00faltiple y zona de adulto mayor o \u00e1rea de p\u00e9rgolas) y fue dise\u00f1ado con la participaci\u00f3n de la comunidad para que sea un espacio tem\u00e1tico y funcional.<\/p>\n<p>La obra responde a las necesidades y caracter\u00edsticas del entorno, articul\u00e1ndose por medio de rampas y senderos peatonales, garantizando \u00e1reas de esparcimiento para los diferentes rangos de edad de la poblaci\u00f3n.<\/p>\n<p>\u201c<i>Es una obra pensada desde nuestra visi\u00f3n de intervenciones integrales y de responsabilidad social. Este proyecto, que responde a un anhelo de la comunidad, fue ejecutado en menos de nueve meses con recursos propios y contribuir\u00e1 a la mejora de la calidad de vida de los habitantes de este municipio<\/i>\u201d, agreg\u00f3 Mu\u00f1iz Pacheco.<\/p>\n<p>Por su parte, Leonel Mart\u00ednez, presidente de la Junta de Acci\u00f3n Comunal del barrio Pastrana se\u00f1al\u00f3 que: \u201c<i>El lugar est\u00e1 muy bonito, esperamos que sea aprovechado por toda la comunidad. Las familias tienen ahora un espacio a donde pueden venir a divertirse con sus hijos. Es un lugar en donde se pueden forjar para el deporte u otras actividades<\/i>\u201d.<\/p>\n<p>Con este tipo de proyectos la Banca de Desarrollo Territorial apoya iniciativas que van m\u00e1s all\u00e1 de obras de infraestructura y que buscan generar un impacto social y valor agregado con la participaci\u00f3n de las comunidades. <span class=\"Apple-converted-space\">\u00a0<\/span><\/p>\n","protected":false},"excerpt":{"rendered":"<p>El proyecto, que fue financiado y ejecutado por la entidad, se dise\u00f1\u00f3 con la participaci\u00f3n de la comunidad y cuenta con espacios pensados para diferentes rangos de edad. Bogot\u00e1, 8 de julio de 2025. La Banca de Desarrollo Territorial entreg\u00f3 a la comunidad del barrio Pastrana, en la zona norte de Maicao, La Guajira, un parque recreo deportivo que beneficiar\u00e1 a m\u00e1s de 3.700 hogares de este municipio. \u201cEn el marco de nuestro compromiso con el pa\u00eds, y como parte de nuestro objeto social, que se traduce en acciones reales&#8230; <\/p>\n","protected":false},"author":3,"featured_media":57629,"comment_status":"closed","ping_status":"closed","sticky":false,"template":"","format":"standard","meta":{"footnotes":"","_links_to":"","_links_to_target":""},"categories":[2,35],"tags":[294,1040,2481,295],"class_list":["post-57628","post","type-post","status-publish","format-standard","has-post-thumbnail","hentry","category-actualidad","category-actualidad-nacion","tag-actualidad","tag-findeter","tag-juan-carlos-muniz-pacheco","tag-nacion"],"_links":{"self":[{"href":"https:\/\/revistazetta.com\/index.php?rest_route=\/wp\/v2\/posts\/57628","targetHints":{"allow":["GET"]}}],"collection":[{"href":"https:\/\/revistazetta.com\/index.php?rest_route=\/wp\/v2\/posts"}],"about":[{"href":"https:\/\/revistazetta.com\/index.php?rest_route=\/wp\/v2\/types\/post"}],"author":[{"embeddable":true,"href":"https:\/\/revistazetta.com\/index.php?rest_route=\/wp\/v2\/users\/3"}],"replies":[{"embeddable":true,"href":"https:\/\/revistazetta.com\/index.php?rest_route=%2Fwp%2Fv2%2Fcomments&post=57628"}],"version-history":[{"count":0,"href":"https:\/\/revistazetta.com\/index.php?rest_route=\/wp\/v2\/posts\/57628\/revisions"}],"wp:featuredmedia":[{"embeddable":true,"href":"https:\/\/revistazetta.com\/index.php?rest_route=\/wp\/v2\/media\/57629"}],"wp:attachment":[{"href":"https:\/\/revistazetta.com\/index.php?rest_route=%2Fwp%2Fv2%2Fmedia&parent=57628"}],"wp:term":[{"taxonomy":"category","embeddable":true,"href":"https:\/\/revistazetta.com\/index.php?rest_route=%2Fwp%2Fv2%2Fcategories&post=57628"},{"taxonomy":"post_tag","embeddable":true,"href":"https:\/\/revistazetta.com\/index.php?rest_route=%2Fwp%2Fv2%2Ftags&post=57628"}],"curies":[{"name":"wp","href":"https:\/\/api.w.org\/{rel}","templated":true}]}}