{"id":57636,"date":"2025-07-10T09:40:03","date_gmt":"2025-07-10T14:40:03","guid":{"rendered":"https:\/\/revistazetta.com\/?p=57636"},"modified":"2025-07-10T09:40:03","modified_gmt":"2025-07-10T14:40:03","slug":"cartagena-sera-epicentro-del-comercio-digital-con-la-jornada-e-commerce-2025","status":"publish","type":"post","link":"https:\/\/revistazetta.com\/?p=57636","title":{"rendered":"Cartagena ser\u00e1 epicentro del comercio digital con la Jornada E-Commerce 2025"},"content":{"rendered":"<p><strong>Cartagena de Indias, 10 de julio de 2025.- <\/strong>M\u00e1s de 200 MiPymes se dar\u00e1n cita el pr\u00f3ximo jueves 24 de julio en la Jornada E-Commerce 2025, un evento liderado por la C\u00e1mara de Comercio de Cartagena que busca fortalecer las capacidades digitales de los peque\u00f1os y medianos negocios de la regi\u00f3n y acelerar su integraci\u00f3n al ecosistema del comercio electr\u00f3nico.<\/p>\n<p>La actividad se cumplir\u00e1 en el Hotel Intercontinental de Cartagena, sal\u00f3n Agua Marina, de 8:00 a.m. a 12:00 m., y reunir\u00e1 a empresarios, emprendedores y aliados estrat\u00e9gicos en torno a los desaf\u00edos y oportunidades que plantea el comercio digital. Con un enfoque pr\u00e1ctico, el evento ofrecer\u00e1 herramientas para optimizar ventas, mejorar la experiencia del cliente y adoptar soluciones de pago seguras y eficientes.<\/p>\n<p>Contar\u00e1 con el respaldo de importantes aliados estrat\u00e9gicos como Colombia Fintech, la C\u00e1mara Colombiana de Comercio Electr\u00f3nico, PayU y Bold, actores en el fortalecimiento del ecosistema digital y financiero del pa\u00eds. As\u00ed mismo, se espera la participaci\u00f3n de reconocidos expertos en marketing digital como Juan Tamayo y Daniel Aguill\u00f3n, quienes aportar\u00e1n valiosas perspectivas sobre las nuevas din\u00e1micas del entorno digital. De igual forma, se proyecta la presencia de Nequi, cuya experiencia ser\u00e1 fundamental para enriquecer el di\u00e1logo sobre el futuro de los pagos digitales en Colombia.<\/p>\n<p>\u201cCelebrar 110 a\u00f1os no es solo mirar hacia atr\u00e1s, es trazar con determinaci\u00f3n el camino hacia un futuro m\u00e1s innovador y competitivo. Desde la C\u00e1mara de Comercio de Cartagena renovamos nuestro compromiso con la transformaci\u00f3n digital, la educaci\u00f3n empresarial y el impulso al emprendimiento como pilares estrat\u00e9gicos para fortalecer el tejido productivo de la regi\u00f3n y consolidar una econom\u00eda m\u00e1s din\u00e1mica, inclusiva y sostenible\u201d, afirm\u00f3 Andrea Pi\u00f1a, presidenta ejecutiva de la entidad.<\/p>\n<p>La Jornada E-Commerce 2025 estar\u00e1 dirigida a toda la comunidad empresarial, con un enfoque especial en las empresas de los sectores retail, moda y calzado. El evento har\u00e1 \u00e9nfasis en c\u00f3mo la presencia online y los pagos digitales pueden convertirse en herramientas para modernizar y transformar modelos de negocio tradicionales, impulsando as\u00ed su competitividad en el entorno digital.<\/p>\n<p>Este evento hace parte de la agenda conmemorativa por los 110 a\u00f1os de la C\u00e1mara, que contin\u00faa trabajando para que los empresarios del territorio cuenten con el conocimiento, las conexiones y el acompa\u00f1amiento necesarios para enfrentar los retos del presente y construir un tejido empresarial m\u00e1s competitivo, innovador e inclusivo.<\/p>\n<p>Las inscripciones ya est\u00e1n abiertas para todos los interesados en dar el salto hacia la transformaci\u00f3n digital.<\/p>\n<p>\ud83d\udcf2 Formulario de registro:<br \/>\n<span style=\"color: #0000ff;\">\ud83d\udc49 \u00a0<a style=\"color: #0000ff;\" href=\"https:\/\/portaleventos.cccartagena.org.co\/event\/jornada-e-commerce-2025\/register\" target=\"_blank\" rel=\"noopener\">https:\/\/portaleventos.cccartagena.org.co\/event\/jornada-e-commerce-2025\/register<\/a><\/span><\/p>\n","protected":false},"excerpt":{"rendered":"<p>Cartagena de Indias, 10 de julio de 2025.- M\u00e1s de 200 MiPymes se dar\u00e1n cita el pr\u00f3ximo jueves 24 de julio en la Jornada E-Commerce 2025, un evento liderado por la C\u00e1mara de Comercio de Cartagena que busca fortalecer las capacidades digitales de los peque\u00f1os y medianos negocios de la regi\u00f3n y acelerar su integraci\u00f3n al ecosistema del comercio electr\u00f3nico. La actividad se cumplir\u00e1 en el Hotel Intercontinental de Cartagena, sal\u00f3n Agua Marina, de 8:00 a.m. a 12:00 m., y reunir\u00e1 a empresarios, emprendedores y aliados estrat\u00e9gicos en torno a&#8230; <\/p>\n","protected":false},"author":3,"featured_media":57637,"comment_status":"closed","ping_status":"closed","sticky":false,"template":"","format":"standard","meta":{"footnotes":"","_links_to":"","_links_to_target":""},"categories":[3,50],"tags":[292,306],"class_list":["post-57636","post","type-post","status-publish","format-standard","has-post-thumbnail","hentry","category-ciudad","category-empresa","tag-ciudad","tag-empresa"],"_links":{"self":[{"href":"https:\/\/revistazetta.com\/index.php?rest_route=\/wp\/v2\/posts\/57636","targetHints":{"allow":["GET"]}}],"collection":[{"href":"https:\/\/revistazetta.com\/index.php?rest_route=\/wp\/v2\/posts"}],"about":[{"href":"https:\/\/revistazetta.com\/index.php?rest_route=\/wp\/v2\/types\/post"}],"author":[{"embeddable":true,"href":"https:\/\/revistazetta.com\/index.php?rest_route=\/wp\/v2\/users\/3"}],"replies":[{"embeddable":true,"href":"https:\/\/revistazetta.com\/index.php?rest_route=%2Fwp%2Fv2%2Fcomments&post=57636"}],"version-history":[{"count":0,"href":"https:\/\/revistazetta.com\/index.php?rest_route=\/wp\/v2\/posts\/57636\/revisions"}],"wp:featuredmedia":[{"embeddable":true,"href":"https:\/\/revistazetta.com\/index.php?rest_route=\/wp\/v2\/media\/57637"}],"wp:attachment":[{"href":"https:\/\/revistazetta.com\/index.php?rest_route=%2Fwp%2Fv2%2Fmedia&parent=57636"}],"wp:term":[{"taxonomy":"category","embeddable":true,"href":"https:\/\/revistazetta.com\/index.php?rest_route=%2Fwp%2Fv2%2Fcategories&post=57636"},{"taxonomy":"post_tag","embeddable":true,"href":"https:\/\/revistazetta.com\/index.php?rest_route=%2Fwp%2Fv2%2Ftags&post=57636"}],"curies":[{"name":"wp","href":"https:\/\/api.w.org\/{rel}","templated":true}]}}