{"id":57638,"date":"2025-07-10T10:39:38","date_gmt":"2025-07-10T15:39:38","guid":{"rendered":"https:\/\/revistazetta.com\/?p=57638"},"modified":"2025-07-10T15:44:43","modified_gmt":"2025-07-10T20:44:43","slug":"inesperado-cambio-en-direccion-de-comfamiliar-cartagena","status":"publish","type":"post","link":"https:\/\/revistazetta.com\/?p=57638","title":{"rendered":"Inesperado cambio en direcci\u00f3n de Comfamiliar Cartagena"},"content":{"rendered":"<div dir=\"auto\"><strong>Cartagena de Indias, 10 de julio de 2025.-<\/strong> La Superintendencia de Subsidio Familiar design\u00f3 al abogado Juan Pablo V\u00e1squez Castellar como nuevo director administrativo de la Caja de Compensaci\u00f3n Familiar Comfamiliar Cartagena y Bol\u00edvar, en reemplazo de Beatriz Cort\u00e9s Gait\u00e1n.<\/div>\n<div dir=\"auto\">La resoluci\u00f3n 0715 del 8 de julio de 2025 de Supersubsidio oficializ\u00f3 el inesperado cambio, justo cuando se cumpl\u00eda un a\u00f1o de la llegada de la directora saliente y desarrollaba su agenda estrat\u00e9gica.<\/div>\n<div dir=\"auto\">La entidad public\u00f3 este comunicado en la secci\u00f3n de Historias de su cuenta en Instagram:<\/div>\n<div dir=\"auto\"><\/div>\n<div dir=\"auto\"><img loading=\"lazy\" decoding=\"async\" class=\"alignnone wp-image-57639 size-large\" src=\"https:\/\/revistazetta.com\/wp-content\/uploads\/2025\/07\/Captura-de-pantalla-2025-07-10-a-las-9.30.22\u202fa.-m-654x1024.png\" alt=\"\" width=\"654\" height=\"1024\" srcset=\"https:\/\/revistazetta.com\/wp-content\/uploads\/2025\/07\/Captura-de-pantalla-2025-07-10-a-las-9.30.22\u202fa.-m-654x1024.png 654w, https:\/\/revistazetta.com\/wp-content\/uploads\/2025\/07\/Captura-de-pantalla-2025-07-10-a-las-9.30.22\u202fa.-m-213x333.png 213w, https:\/\/revistazetta.com\/wp-content\/uploads\/2025\/07\/Captura-de-pantalla-2025-07-10-a-las-9.30.22\u202fa.-m-103x162.png 103w, https:\/\/revistazetta.com\/wp-content\/uploads\/2025\/07\/Captura-de-pantalla-2025-07-10-a-las-9.30.22\u202fa.-m.png 739w\" sizes=\"auto, (max-width: 654px) 100vw, 654px\" \/><\/div>\n<div dir=\"auto\"><\/div>\n<div dir=\"auto\">V\u00e1squez Castellar fue director de CAFABA, Caja de Compensaci\u00f3n Familiar de Barrancabermeja, en 2023, tal como se aprecia en esta publicaci\u00f3n, donde se alude a su trayectoria profesional.<\/div>\n<div dir=\"auto\"><\/div>\n<div dir=\"auto\"><img loading=\"lazy\" decoding=\"async\" class=\"alignnone wp-image-57640 size-large\" src=\"https:\/\/revistazetta.com\/wp-content\/uploads\/2025\/07\/Fqz1mCHWcAc1ipm-512x1024.jpeg\" alt=\"\" width=\"512\" height=\"1024\" srcset=\"https:\/\/revistazetta.com\/wp-content\/uploads\/2025\/07\/Fqz1mCHWcAc1ipm-512x1024.jpeg 512w, https:\/\/revistazetta.com\/wp-content\/uploads\/2025\/07\/Fqz1mCHWcAc1ipm-167x333.jpeg 167w, https:\/\/revistazetta.com\/wp-content\/uploads\/2025\/07\/Fqz1mCHWcAc1ipm-81x162.jpeg 81w, https:\/\/revistazetta.com\/wp-content\/uploads\/2025\/07\/Fqz1mCHWcAc1ipm-768x1536.jpeg 768w, https:\/\/revistazetta.com\/wp-content\/uploads\/2025\/07\/Fqz1mCHWcAc1ipm.jpeg 1024w\" sizes=\"auto, (max-width: 512px) 100vw, 512px\" \/><\/div>\n<div dir=\"auto\"><\/div>\n","protected":false},"excerpt":{"rendered":"<p>Cartagena de Indias, 10 de julio de 2025.- La Superintendencia de Subsidio Familiar design\u00f3 al abogado Juan Pablo V\u00e1squez Castellar como nuevo director administrativo de la Caja de Compensaci\u00f3n Familiar Comfamiliar Cartagena y Bol\u00edvar, en reemplazo de Beatriz Cort\u00e9s Gait\u00e1n. La resoluci\u00f3n 0715 del 8 de julio de 2025 de Supersubsidio oficializ\u00f3 el inesperado cambio, justo cuando se cumpl\u00eda un a\u00f1o de la llegada de la directora saliente y desarrollaba su agenda estrat\u00e9gica. La entidad public\u00f3 este comunicado en la secci\u00f3n de Historias de su cuenta en Instagram: V\u00e1squez Castellar&#8230; <\/p>\n","protected":false},"author":3,"featured_media":57641,"comment_status":"closed","ping_status":"closed","sticky":false,"template":"","format":"standard","meta":{"footnotes":"","_links_to":"","_links_to_target":""},"categories":[3,1450,50],"tags":[292,1604,285,306],"class_list":["post-57638","post","type-post","status-publish","format-standard","has-post-thumbnail","hentry","category-ciudad","category-parasladers","category-empresa","tag-ciudad","tag-comfamiliar","tag-destacada","tag-empresa"],"_links":{"self":[{"href":"https:\/\/revistazetta.com\/index.php?rest_route=\/wp\/v2\/posts\/57638","targetHints":{"allow":["GET"]}}],"collection":[{"href":"https:\/\/revistazetta.com\/index.php?rest_route=\/wp\/v2\/posts"}],"about":[{"href":"https:\/\/revistazetta.com\/index.php?rest_route=\/wp\/v2\/types\/post"}],"author":[{"embeddable":true,"href":"https:\/\/revistazetta.com\/index.php?rest_route=\/wp\/v2\/users\/3"}],"replies":[{"embeddable":true,"href":"https:\/\/revistazetta.com\/index.php?rest_route=%2Fwp%2Fv2%2Fcomments&post=57638"}],"version-history":[{"count":0,"href":"https:\/\/revistazetta.com\/index.php?rest_route=\/wp\/v2\/posts\/57638\/revisions"}],"wp:featuredmedia":[{"embeddable":true,"href":"https:\/\/revistazetta.com\/index.php?rest_route=\/wp\/v2\/media\/57641"}],"wp:attachment":[{"href":"https:\/\/revistazetta.com\/index.php?rest_route=%2Fwp%2Fv2%2Fmedia&parent=57638"}],"wp:term":[{"taxonomy":"category","embeddable":true,"href":"https:\/\/revistazetta.com\/index.php?rest_route=%2Fwp%2Fv2%2Fcategories&post=57638"},{"taxonomy":"post_tag","embeddable":true,"href":"https:\/\/revistazetta.com\/index.php?rest_route=%2Fwp%2Fv2%2Ftags&post=57638"}],"curies":[{"name":"wp","href":"https:\/\/api.w.org\/{rel}","templated":true}]}}