{"id":57748,"date":"2025-07-22T10:29:55","date_gmt":"2025-07-22T15:29:55","guid":{"rendered":"https:\/\/revistazetta.com\/?p=57748"},"modified":"2025-07-22T10:29:55","modified_gmt":"2025-07-22T15:29:55","slug":"la-mojana-tendra-planta-de-secamiento-de-granos-gobernador-asegura-proyecto-con-el-gobierno-nacional","status":"publish","type":"post","link":"https:\/\/revistazetta.com\/?p=57748","title":{"rendered":"La Mojana tendr\u00e1 planta de secamiento de granos: Gobernador asegura proyecto con el gobierno nacional"},"content":{"rendered":"<p style=\"padding-left: 40px;\"><em><span style=\"color: #0000ff;\">\u201cCon esta planta de secamiento, los campesinos de La Mojana dejar\u00e1n de ser v\u00edctimas de los bajos precios y empezar\u00e1n a ser protagonistas de una econom\u00eda rural m\u00e1s justa y competitiva.\u201d<\/span><\/em><br \/>\n<em><span style=\"color: #0000ff;\">Yamil Arana Padau\u00ed, gobernador de Bol\u00edvar<\/span><\/em><\/p>\n<p><strong>Bogot\u00e1, 22 de julio de 2025.<\/strong> Las gestiones del gobernador de Bol\u00edvar, Yamil Arana Padau\u00ed, en su reciente visita a Bogot\u00e1, ya comienzan a materializarse en proyectos concretos para el campo. En una alianza con la Agencia de Desarrollo Rural (ADR), se acord\u00f3 la construcci\u00f3n de una planta de secamiento de granos en la regi\u00f3n de La Mojana bolivarense, un hito clave para la tecnificaci\u00f3n de los procesos agr\u00edcolas y el fortalecimiento del agro en el sur del departamento.<\/p>\n<p>La nueva infraestructura estar\u00e1 enfocada en el procesamiento de arroz, pero tambi\u00e9n tendr\u00e1 la capacidad de atender otros cultivos con potencial en la zona, como el ma\u00edz, frijol y sorgo, ampliando las oportunidades de comercializaci\u00f3n para peque\u00f1os y medianos productores.<\/p>\n<p>\u201cSostuvimos una reuni\u00f3n con el director de la ADR, C\u00e9sar Pach\u00f3n, y acordamos la formulaci\u00f3n de un proyecto para construir albercas de secamiento de granos en La Mojana. Esto es una gran noticia para nuestros campesinos, que han sido golpeados durante a\u00f1os por los bajos precios y la falta de herramientas para competir\u201d, expres\u00f3 el gobernador Arana.<\/p>\n<p><strong>Un salto hacia la competitividad<\/strong><\/p>\n<p>La planta no solo busca facilitar el proceso poscosecha, sino reducir las p\u00e9rdidas de producto, mejorar la calidad final del grano y romper la dependencia de intermediarios, lo que permitir\u00e1 a los agricultores obtener mayores beneficios econ\u00f3micos.<\/p>\n<p>Con esta apuesta, el Gobierno Departamental avanza en su objetivo de diversificar la econom\u00eda agr\u00edcola, estableciendo nuevas l\u00edneas de producci\u00f3n sostenible, y promoviendo el uso de tecnolog\u00eda en la cadena de valor rural.<\/p>\n<p>Adem\u00e1s, el proyecto contempla una estrategia de sostenibilidad social y t\u00e9cnica, que incluye capacitaci\u00f3n a los productores, mantenimiento de la planta y articulaci\u00f3n con asociaciones campesinas para la gesti\u00f3n aut\u00f3noma del centro de secamiento.<\/p>\n<p><strong>Infraestructura h\u00eddrica en Mar\u00edalabaja: otro compromiso en marcha<\/strong><\/p>\n<p>Durante su visita a la capital del pa\u00eds, el gobernador Arana tambi\u00e9n gestion\u00f3 la recuperaci\u00f3n del distrito de riego del municipio de Mar\u00edalabaja, otra obra de alto impacto para la reactivaci\u00f3n agroindustrial de esta importante zona del norte de Bol\u00edvar.<\/p>\n<p>El distrito de riego, actualmente deteriorado, ser\u00e1 fundamental para garantizar el acceso al agua en \u00e9pocas de sequ\u00eda, mejorar la productividad del suelo y permitir cosechas m\u00e1s rentables durante todo el a\u00f1o.<\/p>\n<p>La Gobernaci\u00f3n avanza en las socializaciones con las comunidades beneficiarias, explorando fuentes de financiaci\u00f3n y evaluando si la ejecuci\u00f3n se realizar\u00e1 por etapas o en un solo frente de obra.<\/p>\n<p><strong>Desarrollo rural con impacto real<\/strong><\/p>\n<p>Estas acciones se enmarcan en el Plan de Desarrollo \u201cBol\u00edvar Mejor\u201d, que tiene como uno de sus pilares el desarrollo rural con enfoque territorial, buscando soluciones estructurales para los campesinos hist\u00f3ricamente olvidados.<\/p>\n<p>Desde la ADR se confirm\u00f3 el respaldo t\u00e9cnico y financiero al proyecto, destacando que Bol\u00edvar se perfila como un departamento modelo en gesti\u00f3n agropecuaria con impacto directo en la calidad de vida rural.<\/p>\n<p>Con estas obras, La Mojana bolivarense comienza a escribir una nueva historia, donde el campo ya no ser\u00e1 sin\u00f3nimo de abandono, sino de productividad, dignidad y esperanza.<\/p>\n","protected":false},"excerpt":{"rendered":"<p>\u201cCon esta planta de secamiento, los campesinos de La Mojana dejar\u00e1n de ser v\u00edctimas de los bajos precios y empezar\u00e1n a ser protagonistas de una econom\u00eda rural m\u00e1s justa y competitiva.\u201d Yamil Arana Padau\u00ed, gobernador de Bol\u00edvar Bogot\u00e1, 22 de julio de 2025. Las gestiones del gobernador de Bol\u00edvar, Yamil Arana Padau\u00ed, en su reciente visita a Bogot\u00e1, ya comienzan a materializarse en proyectos concretos para el campo. En una alianza con la Agencia de Desarrollo Rural (ADR), se acord\u00f3 la construcci\u00f3n de una planta de secamiento de granos en&#8230; <\/p>\n","protected":false},"author":3,"featured_media":57749,"comment_status":"closed","ping_status":"closed","sticky":false,"template":"","format":"standard","meta":{"footnotes":"","_links_to":"","_links_to_target":""},"categories":[33,1450,80],"tags":[73,285,300,583],"class_list":["post-57748","post","type-post","status-publish","format-standard","has-post-thumbnail","hentry","category-actualidad-bolivar","category-parasladers","category-region","tag-bolivar","tag-destacada","tag-region","tag-yamil-arana"],"_links":{"self":[{"href":"https:\/\/revistazetta.com\/index.php?rest_route=\/wp\/v2\/posts\/57748","targetHints":{"allow":["GET"]}}],"collection":[{"href":"https:\/\/revistazetta.com\/index.php?rest_route=\/wp\/v2\/posts"}],"about":[{"href":"https:\/\/revistazetta.com\/index.php?rest_route=\/wp\/v2\/types\/post"}],"author":[{"embeddable":true,"href":"https:\/\/revistazetta.com\/index.php?rest_route=\/wp\/v2\/users\/3"}],"replies":[{"embeddable":true,"href":"https:\/\/revistazetta.com\/index.php?rest_route=%2Fwp%2Fv2%2Fcomments&post=57748"}],"version-history":[{"count":0,"href":"https:\/\/revistazetta.com\/index.php?rest_route=\/wp\/v2\/posts\/57748\/revisions"}],"wp:featuredmedia":[{"embeddable":true,"href":"https:\/\/revistazetta.com\/index.php?rest_route=\/wp\/v2\/media\/57749"}],"wp:attachment":[{"href":"https:\/\/revistazetta.com\/index.php?rest_route=%2Fwp%2Fv2%2Fmedia&parent=57748"}],"wp:term":[{"taxonomy":"category","embeddable":true,"href":"https:\/\/revistazetta.com\/index.php?rest_route=%2Fwp%2Fv2%2Fcategories&post=57748"},{"taxonomy":"post_tag","embeddable":true,"href":"https:\/\/revistazetta.com\/index.php?rest_route=%2Fwp%2Fv2%2Ftags&post=57748"}],"curies":[{"name":"wp","href":"https:\/\/api.w.org\/{rel}","templated":true}]}}