{"id":57750,"date":"2025-07-22T12:08:36","date_gmt":"2025-07-22T17:08:36","guid":{"rendered":"https:\/\/revistazetta.com\/?p=57750"},"modified":"2025-07-22T12:08:36","modified_gmt":"2025-07-22T17:08:36","slug":"festibandas-2025-un-canto-colectivo-al-alma-de-bolivar","status":"publish","type":"post","link":"https:\/\/revistazetta.com\/?p=57750","title":{"rendered":"FestiBandas 2025: un canto colectivo al alma de Bol\u00edvar"},"content":{"rendered":"<p style=\"padding-left: 40px;\"><strong><span style=\"color: #0000ff;\"><em>-A las 5:00 p.m. se abren las puertas. <\/em><\/span><\/strong><br \/>\n<strong><span style=\"color: #0000ff;\"><em>-Entrada gratuita.<\/em><\/span><\/strong><br \/>\n<strong><span style=\"color: #0000ff;\"><em>-Las manillas de acceso para el segundo d\u00eda se entregan en la taquilla de la Plaza de Toros.<\/em><\/span><\/strong><\/p>\n<p><strong>Cartagena de Indias, 22 de julio de 2025.-<\/strong> En la hermosa Cartagena de Indias, las notas de clarinetes, redoblantes y bombardinos est\u00e1n a punto de volver a estremecer el parque L\u00e1cides Segovia, en Manga, Plaza San Diego, la Plaza de la Proclamaci\u00f3n, el Baluarte de Santo Domingo, el Camell\u00f3n de los M\u00e1rtires, el barrio La Quinta y la Plaza de Toros. Vuelve el Festival de Bandas de Bol\u00edvar \u2013 FestiBandas 2025, una cita con la m\u00fasica, la identidad y la tradici\u00f3n que, en su d\u00e9cima tercera edici\u00f3n, se consolida como uno de los eventos culturales m\u00e1s importantes del departamento y del pa\u00eds.<\/p>\n<p><img loading=\"lazy\" decoding=\"async\" class=\"alignnone size-medium wp-image-57751\" src=\"https:\/\/revistazetta.com\/wp-content\/uploads\/2025\/07\/WhatsApp-Image-2025-07-22-at-10.34.28-223x333.jpeg\" alt=\"\" width=\"223\" height=\"333\" srcset=\"https:\/\/revistazetta.com\/wp-content\/uploads\/2025\/07\/WhatsApp-Image-2025-07-22-at-10.34.28-223x333.jpeg 223w, https:\/\/revistazetta.com\/wp-content\/uploads\/2025\/07\/WhatsApp-Image-2025-07-22-at-10.34.28-687x1024.jpeg 687w, https:\/\/revistazetta.com\/wp-content\/uploads\/2025\/07\/WhatsApp-Image-2025-07-22-at-10.34.28-109x162.jpeg 109w, https:\/\/revistazetta.com\/wp-content\/uploads\/2025\/07\/WhatsApp-Image-2025-07-22-at-10.34.28-1030x1536.jpeg 1030w, https:\/\/revistazetta.com\/wp-content\/uploads\/2025\/07\/WhatsApp-Image-2025-07-22-at-10.34.28-1373x2048.jpeg 1373w, https:\/\/revistazetta.com\/wp-content\/uploads\/2025\/07\/WhatsApp-Image-2025-07-22-at-10.34.28-scaled.jpeg 1716w\" sizes=\"auto, (max-width: 223px) 100vw, 223px\" \/><\/p>\n<p>El FestiBandas es m\u00e1s que un espect\u00e1culo: es una manifestaci\u00f3n viva del alma bolivarense. Cada comp\u00e1s que se interpreta resuena con el eco de generaciones que han hecho de la m\u00fasica de bandas un lenguaje de resistencia, de memoria y de orgullo. Y detr\u00e1s de este esfuerzo monumental, se destaca el liderazgo decidido del gobernador Yamil Arana Padau\u00ed, quien ha asumido la cultura como una pol\u00edtica p\u00fablica estrat\u00e9gica para el desarrollo social de Bol\u00edvar.<\/p>\n<p>\u201cLa m\u00fasica de bandas no es solo una tradici\u00f3n art\u00edstica, es un s\u00edmbolo de lo que somos. Representa el esp\u00edritu de nuestras comunidades, su historia, su resiliencia y su alegr\u00eda. El FestiBandas no es un evento m\u00e1s en la agenda cultural: es un acto de reconocimiento a nuestros pueblos, a nuestros j\u00f3venes m\u00fasicos, a los maestros que transmiten saberes y a todo un territorio que vibra con cada retreta\u201d, afirm\u00f3 el gobernador Arana.<\/p>\n<p><img loading=\"lazy\" decoding=\"async\" class=\"alignnone size-medium wp-image-57756\" src=\"https:\/\/revistazetta.com\/wp-content\/uploads\/2025\/07\/WhatsApp-Image-2025-07-22-at-10.40.45-1-500x333.jpeg\" alt=\"\" width=\"500\" height=\"333\" srcset=\"https:\/\/revistazetta.com\/wp-content\/uploads\/2025\/07\/WhatsApp-Image-2025-07-22-at-10.40.45-1-500x333.jpeg 500w, https:\/\/revistazetta.com\/wp-content\/uploads\/2025\/07\/WhatsApp-Image-2025-07-22-at-10.40.45-1-1024x683.jpeg 1024w, https:\/\/revistazetta.com\/wp-content\/uploads\/2025\/07\/WhatsApp-Image-2025-07-22-at-10.40.45-1-243x162.jpeg 243w, https:\/\/revistazetta.com\/wp-content\/uploads\/2025\/07\/WhatsApp-Image-2025-07-22-at-10.40.45-1-1536x1024.jpeg 1536w, https:\/\/revistazetta.com\/wp-content\/uploads\/2025\/07\/WhatsApp-Image-2025-07-22-at-10.40.45-1-2048x1365.jpeg 2048w\" sizes=\"auto, (max-width: 500px) 100vw, 500px\" \/><\/p>\n<p>Con entrada gratuita, el festival se vivir\u00e1 el 25 y 26 de julio en varios escenarios de Cartagena. El viernes 25, el Parque L\u00e1cides Segovia del barrio Manga ser\u00e1 el epicentro de las competencias entre bandas menores y mayores. El s\u00e1bado 26, las tradicionales retretas se tomar\u00e1n simult\u00e1neamente cinco puntos clave: la Plaza San Diego, la Plaza de la Proclamaci\u00f3n, el Baluarte de Santo Domingo, el Camell\u00f3n de los M\u00e1rtires y el barrio La Quinta, llevando m\u00fasica a cielo abierto y acercando al p\u00fablico a las ra\u00edces del folclor sabanero.<\/p>\n<p>La jornada culminar\u00e1 en un espect\u00e1culo de cierre en la Plaza de Toros, donde m\u00e1s de 10.000 personas vibrar\u00e1n al ritmo de agrupaciones como la Big Band de UNIBAC, la Banda Juvenil de Choch\u00f3, La Familia Andr\u00e9, Adriana Luc\u00eda, Ma\u00eda y la organizaci\u00f3n musical del Rey de Rocha. Ser\u00e1 una noche de celebraci\u00f3n, reconocimiento y ovaciones, donde se premiar\u00e1 a las bandas ganadoras y se vivir\u00e1 un reencuentro festivo con lo mejor del talento de Bol\u00edvar.<\/p>\n<p><img loading=\"lazy\" decoding=\"async\" class=\"alignnone size-medium wp-image-57754\" src=\"https:\/\/revistazetta.com\/wp-content\/uploads\/2025\/07\/WhatsApp-Image-2025-07-22-at-10.40.44-2-500x333.jpeg\" alt=\"\" width=\"500\" height=\"333\" srcset=\"https:\/\/revistazetta.com\/wp-content\/uploads\/2025\/07\/WhatsApp-Image-2025-07-22-at-10.40.44-2-500x333.jpeg 500w, https:\/\/revistazetta.com\/wp-content\/uploads\/2025\/07\/WhatsApp-Image-2025-07-22-at-10.40.44-2-1024x683.jpeg 1024w, https:\/\/revistazetta.com\/wp-content\/uploads\/2025\/07\/WhatsApp-Image-2025-07-22-at-10.40.44-2-243x162.jpeg 243w, https:\/\/revistazetta.com\/wp-content\/uploads\/2025\/07\/WhatsApp-Image-2025-07-22-at-10.40.44-2-1536x1024.jpeg 1536w, https:\/\/revistazetta.com\/wp-content\/uploads\/2025\/07\/WhatsApp-Image-2025-07-22-at-10.40.44-2-2048x1365.jpeg 2048w\" sizes=\"auto, (max-width: 500px) 100vw, 500px\" \/><\/p>\n<p>Uno de los momentos m\u00e1s emotivos del FestiBandas 2025 ser\u00e1 el homenaje a la emblem\u00e1tica Banda Armon\u00edas de Bol\u00edvar, nacida en la Instituci\u00f3n Universitaria Bellas Artes y Ciencias de Bol\u00edvar \u2013 UNIBAC, y que ha enaltecido el nombre del departamento a nivel nacional e internacional bajo la direcci\u00f3n del maestro Jorge Otero Manchego.<\/p>\n<p>Adem\u00e1s del valor art\u00edstico, el festival tiene un profundo impacto econ\u00f3mico y social. Genera empleos temporales, activa la econom\u00eda local y fortalece la identidad regional. Pero, sobre todo, dignifica el trabajo silencioso de cientos de ni\u00f1os, j\u00f3venes y familias que hacen de la m\u00fasica su proyecto de vida.<\/p>\n<p><img loading=\"lazy\" decoding=\"async\" class=\"alignnone size-medium wp-image-57752\" src=\"https:\/\/revistazetta.com\/wp-content\/uploads\/2025\/07\/WhatsApp-Image-2025-07-22-at-10.40.43-500x333.jpeg\" alt=\"\" width=\"500\" height=\"333\" srcset=\"https:\/\/revistazetta.com\/wp-content\/uploads\/2025\/07\/WhatsApp-Image-2025-07-22-at-10.40.43-500x333.jpeg 500w, https:\/\/revistazetta.com\/wp-content\/uploads\/2025\/07\/WhatsApp-Image-2025-07-22-at-10.40.43-1024x683.jpeg 1024w, https:\/\/revistazetta.com\/wp-content\/uploads\/2025\/07\/WhatsApp-Image-2025-07-22-at-10.40.43-243x162.jpeg 243w, https:\/\/revistazetta.com\/wp-content\/uploads\/2025\/07\/WhatsApp-Image-2025-07-22-at-10.40.43-1536x1024.jpeg 1536w, https:\/\/revistazetta.com\/wp-content\/uploads\/2025\/07\/WhatsApp-Image-2025-07-22-at-10.40.43-2048x1366.jpeg 2048w\" sizes=\"auto, (max-width: 500px) 100vw, 500px\" \/><\/p>\n<p>Para ingresar a los eventos, los asistentes deber\u00e1n portar la manilla de acceso gratuita, que puede reclamarse en las taquillas habilitadas en la Plaza de Toros hasta completar aforo. Las puertas abrir\u00e1n a las 5:00 p.\u202fm. y el show principal iniciar\u00e1 a las 7:00 p.\u202fm. Se recomienda llegar con tiempo y evitar el uso de veh\u00edculo particular para garantizar una mejor movilidad.<\/p>\n<p>Con visi\u00f3n, voluntad pol\u00edtica y compromiso con la cultura, el gobernador Yamil Arana ha logrado que FestiBandas no sea solo una fiesta, sino una plataforma de visibilidad, reconocimiento y futuro para el talento bolivarense.<\/p>\n<p><img loading=\"lazy\" decoding=\"async\" class=\"alignnone size-medium wp-image-57757\" src=\"https:\/\/revistazetta.com\/wp-content\/uploads\/2025\/07\/WhatsApp-Image-2025-07-22-at-10.40.45-500x333.jpeg\" alt=\"\" width=\"500\" height=\"333\" srcset=\"https:\/\/revistazetta.com\/wp-content\/uploads\/2025\/07\/WhatsApp-Image-2025-07-22-at-10.40.45-500x333.jpeg 500w, https:\/\/revistazetta.com\/wp-content\/uploads\/2025\/07\/WhatsApp-Image-2025-07-22-at-10.40.45-1024x683.jpeg 1024w, https:\/\/revistazetta.com\/wp-content\/uploads\/2025\/07\/WhatsApp-Image-2025-07-22-at-10.40.45-243x162.jpeg 243w, https:\/\/revistazetta.com\/wp-content\/uploads\/2025\/07\/WhatsApp-Image-2025-07-22-at-10.40.45-1536x1024.jpeg 1536w, https:\/\/revistazetta.com\/wp-content\/uploads\/2025\/07\/WhatsApp-Image-2025-07-22-at-10.40.45-2048x1365.jpeg 2048w\" sizes=\"auto, (max-width: 500px) 100vw, 500px\" \/><\/p>\n","protected":false},"excerpt":{"rendered":"<p>-A las 5:00 p.m. se abren las puertas. -Entrada gratuita. -Las manillas de acceso para el segundo d\u00eda se entregan en la taquilla de la Plaza de Toros. Cartagena de Indias, 22 de julio de 2025.- En la hermosa Cartagena de Indias, las notas de clarinetes, redoblantes y bombardinos est\u00e1n a punto de volver a estremecer el parque L\u00e1cides Segovia, en Manga, Plaza San Diego, la Plaza de la Proclamaci\u00f3n, el Baluarte de Santo Domingo, el Camell\u00f3n de los M\u00e1rtires, el barrio La Quinta y la Plaza de Toros. Vuelve&#8230; <\/p>\n","protected":false},"author":3,"featured_media":57758,"comment_status":"closed","ping_status":"closed","sticky":false,"template":"","format":"standard","meta":{"footnotes":"","_links_to":"","_links_to_target":""},"categories":[41,1450,43],"tags":[290,285,2129,304],"class_list":["post-57750","post","type-post","status-publish","format-standard","has-post-thumbnail","hentry","category-cultura","category-parasladers","category-cultura-musica","tag-cultura","tag-destacada","tag-festibandas","tag-musica"],"_links":{"self":[{"href":"https:\/\/revistazetta.com\/index.php?rest_route=\/wp\/v2\/posts\/57750","targetHints":{"allow":["GET"]}}],"collection":[{"href":"https:\/\/revistazetta.com\/index.php?rest_route=\/wp\/v2\/posts"}],"about":[{"href":"https:\/\/revistazetta.com\/index.php?rest_route=\/wp\/v2\/types\/post"}],"author":[{"embeddable":true,"href":"https:\/\/revistazetta.com\/index.php?rest_route=\/wp\/v2\/users\/3"}],"replies":[{"embeddable":true,"href":"https:\/\/revistazetta.com\/index.php?rest_route=%2Fwp%2Fv2%2Fcomments&post=57750"}],"version-history":[{"count":0,"href":"https:\/\/revistazetta.com\/index.php?rest_route=\/wp\/v2\/posts\/57750\/revisions"}],"wp:featuredmedia":[{"embeddable":true,"href":"https:\/\/revistazetta.com\/index.php?rest_route=\/wp\/v2\/media\/57758"}],"wp:attachment":[{"href":"https:\/\/revistazetta.com\/index.php?rest_route=%2Fwp%2Fv2%2Fmedia&parent=57750"}],"wp:term":[{"taxonomy":"category","embeddable":true,"href":"https:\/\/revistazetta.com\/index.php?rest_route=%2Fwp%2Fv2%2Fcategories&post=57750"},{"taxonomy":"post_tag","embeddable":true,"href":"https:\/\/revistazetta.com\/index.php?rest_route=%2Fwp%2Fv2%2Ftags&post=57750"}],"curies":[{"name":"wp","href":"https:\/\/api.w.org\/{rel}","templated":true}]}}