{"id":57759,"date":"2025-07-23T09:24:11","date_gmt":"2025-07-23T14:24:11","guid":{"rendered":"https:\/\/revistazetta.com\/?p=57759"},"modified":"2025-07-23T10:15:07","modified_gmt":"2025-07-23T15:15:07","slug":"cartagena-como-vamos-presento-el-balance-del-primer-ano-de-gobierno-del-alcalde-dumek-turbay","status":"publish","type":"post","link":"https:\/\/revistazetta.com\/?p=57759","title":{"rendered":"\u00a1Ni maqueta ni carreta! Cartagena C\u00f3mo Vamos present\u00f3 el balance del primer a\u00f1o de gobierno del alcalde Dumek Turbay"},"content":{"rendered":"<p><strong>Cartagena de Indias, 23 de julio de 2025.-<\/strong> El programa privado Cartagena C\u00f3mo Vamos (CCV) dio a conocer los resultados del Informe de Calidad de Vida 2024, la evaluaci\u00f3n anual que recoge el comportamiento de m\u00e1s de 230 indicadores oficiales sobre la calidad de vida en la Heroica. Se trata del primer informe de CCV que mide el desempe\u00f1o de la ciudad bajo la administraci\u00f3n del alcalde Dumek Turbay y que, adem\u00e1s, marca el inicio del seguimiento al nuevo Plan de Desarrollo 2024-2027, \u201cCartagena, ciudad de derechos\u201d.<\/p>\n<p><img loading=\"lazy\" decoding=\"async\" class=\"alignnone size-medium wp-image-57761\" src=\"https:\/\/revistazetta.com\/wp-content\/uploads\/2025\/07\/521656595_18515133556041393_8007934472191640889_n-500x333.jpg\" alt=\"\" width=\"500\" height=\"333\" srcset=\"https:\/\/revistazetta.com\/wp-content\/uploads\/2025\/07\/521656595_18515133556041393_8007934472191640889_n-500x333.jpg 500w, https:\/\/revistazetta.com\/wp-content\/uploads\/2025\/07\/521656595_18515133556041393_8007934472191640889_n-1024x683.jpg 1024w, https:\/\/revistazetta.com\/wp-content\/uploads\/2025\/07\/521656595_18515133556041393_8007934472191640889_n-243x162.jpg 243w, https:\/\/revistazetta.com\/wp-content\/uploads\/2025\/07\/521656595_18515133556041393_8007934472191640889_n.jpg 1440w\" sizes=\"auto, (max-width: 500px) 100vw, 500px\" \/><\/p>\n<p>En acto cumplido este martes 22 de julio, en el Hotel InterContinental, esta entrega tambi\u00e9n marc\u00f3 un hito: es la vig\u00e9sima edici\u00f3n del Informe de Calidad de Vida de Cartagena, cuya primera versi\u00f3n se realiz\u00f3 con datos del a\u00f1o 2004. En el marco de sus 20 a\u00f1os, el programa incorpor\u00f3 series hist\u00f3ricas de las \u00faltimas dos d\u00e9cadas que permiten evidenciar tanto los avances sostenidos en distintos frentes como los rezagos estructurales que, pese a los esfuerzos, persisten desde hace d\u00e9cadas. De acuerdo con CCV, el balance de estos 20 a\u00f1os de datos muestra que la ciudad ha logrado avances importantes, aunque lentos.<\/p>\n<p>\u201c2024 fue un a\u00f1o donde muchos indicadores se movilizaron positivamente, en un contexto de crecimiento tur\u00edstico y finanzas p\u00fablicas con mayor capacidad de inversi\u00f3n, pero que necesitan vigilancia y responsabilidad. Sin embargo, los rezagos estructurales persisten. Es clave que estos progresos se traduzcan en una reducci\u00f3n real de la pobreza extrema, el reto m\u00e1s urgente de la ciudad, que ha venido aumentando de forma sostenida en los \u00faltimos a\u00f1os\u201d, afirm\u00f3 Eliana Salas Bar\u00f3n, directora de Cartagena C\u00f3mo Vamos.<\/p>\n<p>Estos son algunas de las conclusiones m\u00e1s importantes sobre el balance del primer a\u00f1o de gobierno de Dumek Turbay y las \u00faltimas dos d\u00e9cadas de datos que hace CCV<\/p>\n<p><img loading=\"lazy\" decoding=\"async\" class=\"alignnone size-medium wp-image-57763\" src=\"https:\/\/revistazetta.com\/wp-content\/uploads\/2025\/07\/522385622_18515133589041393_8154938722284304602_n-500x333.jpg\" alt=\"\" width=\"500\" height=\"333\" srcset=\"https:\/\/revistazetta.com\/wp-content\/uploads\/2025\/07\/522385622_18515133589041393_8154938722284304602_n-500x333.jpg 500w, https:\/\/revistazetta.com\/wp-content\/uploads\/2025\/07\/522385622_18515133589041393_8154938722284304602_n-1024x683.jpg 1024w, https:\/\/revistazetta.com\/wp-content\/uploads\/2025\/07\/522385622_18515133589041393_8154938722284304602_n-243x162.jpg 243w, https:\/\/revistazetta.com\/wp-content\/uploads\/2025\/07\/522385622_18515133589041393_8154938722284304602_n.jpg 1440w\" sizes=\"auto, (max-width: 500px) 100vw, 500px\" \/><\/p>\n<p><strong>Demograf\u00eda<\/strong><\/p>\n<p>Cartagena se transforma hacia una poblaci\u00f3n m\u00e1s envejecida y con menos ni\u00f1os y ni\u00f1as. La evidencia de la transici\u00f3n demogr\u00e1fica en marcha es la disminuci\u00f3n en la natalidad: solo en 2024 se redujeron un 18%, sumado al constante aumento de las defunciones: un 1% m\u00e1s que en 2023. Para la ciudad se presenta el desaf\u00edo de adaptar las pol\u00edticas sociales y econ\u00f3micas a una poblaci\u00f3n cada vez menos joven.<\/p>\n<p><strong>Educaci\u00f3n<\/strong><\/p>\n<p>La matr\u00edcula escolar total disminuy\u00f3 en 2024 un 0,9%, afectando tanto al sector oficial como al privado, y a todos los niveles educativos, registr\u00e1ndose la mayor ca\u00edda en b\u00e1sica primaria.<\/p>\n<p>La tasa de repitencia escolar baj\u00f3 en preescolar y primaria, pero aument\u00f3 en secundaria y media; mientras que los ni\u00f1os y ni\u00f1as que desertaron se mantuvieron en el 3,5% del total de la matricula, como en 2023, con mejoras en preescolar y media.<\/p>\n<p>Cartagena mejor\u00f3 su puntaje promedio en las pruebas Saber 11, pasando de 65,8 en 2023 a 67,0 en 2024, registrando el mayor avance entre las 6 principales ciudades de Colombia, sin embargo, sigue siendo la ciudad con los resultados m\u00e1s cr\u00edticos.<\/p>\n<p>La mejora fue mayor\u00eda: el 85% de las colegios -oficiales y privados- mejoraron el puntaje alcanzado en las pruebas, lo que evidencia un avance importante en la calidad educativa que es necesario sostener, pues a\u00fan persisten brechas de 12 puntos entre en el \u00cdndice Global de las pruebas entre sectores.<\/p>\n<p><img loading=\"lazy\" decoding=\"async\" class=\"alignnone size-medium wp-image-57765\" src=\"https:\/\/revistazetta.com\/wp-content\/uploads\/2025\/07\/523447726_18515133544041393_2719254565387890242_n-500x333.jpg\" alt=\"\" width=\"500\" height=\"333\" srcset=\"https:\/\/revistazetta.com\/wp-content\/uploads\/2025\/07\/523447726_18515133544041393_2719254565387890242_n-500x333.jpg 500w, https:\/\/revistazetta.com\/wp-content\/uploads\/2025\/07\/523447726_18515133544041393_2719254565387890242_n-1024x683.jpg 1024w, https:\/\/revistazetta.com\/wp-content\/uploads\/2025\/07\/523447726_18515133544041393_2719254565387890242_n-243x162.jpg 243w, https:\/\/revistazetta.com\/wp-content\/uploads\/2025\/07\/523447726_18515133544041393_2719254565387890242_n.jpg 1440w\" sizes=\"auto, (max-width: 500px) 100vw, 500px\" \/><\/p>\n<p><strong>Salud<\/strong><\/p>\n<p>Desde 2022, se evidencia un aumento alarmante de la poblaci\u00f3n vinculada al r\u00e9gimen subsidiado que llega a ser el 55,8% del total en 2024, es decir, 105 mil nuevos afiliados en solo 3 a\u00f1os. Esta es la proporci\u00f3n m\u00e1s alta de los \u00faltimos 15 a\u00f1os.<\/p>\n<p>Un hecho hist\u00f3rico: Cartagena registr\u00f3 cero muertes maternas en 2024. En los \u00faltimos 15 a\u00f1os, la ciudad presentaba tasas entre 20 y 80 casos por cada 100 mil nacidos vivos. Solo en 2023, se registr\u00f3 una tasa de 65,4, es decir, 10 fallecimientos que pudieron evitarse con atenci\u00f3n oportuna. Bajar la tasa en solo un a\u00f1o a 0, ha posicionado a Cartagena como referente a nivel nacional por el trabajo de articulaci\u00f3n entre los actores locales. A 12 de julio, el Instituto Nacional de Salud presenta solo un caso en estudio durante el 2025.<\/p>\n<p>La mirada a los 20 a\u00f1os tambi\u00e9n permite reconocer aquellos aspectos que han costado agenciar, como la mortalidad infantil. Despu\u00e9s de a\u00f1os de comportamiento inestable, la ciudad estanc\u00f3 su progreso para minimizar los casos de menores de un a\u00f1o fallecidos, manteni\u00e9ndose en tasas alrededor de 11 casos por cada mil nacidos vivos. En 2024, sin alejarse de esta media, evidencia una disminuci\u00f3n llegando a 10,9. En necesario acelerar las estrategias efectivas para la salud de los menores de 1 en Cartagena.<\/p>\n<p>La ciudad experiment\u00f3 uno pico de dengue m\u00e1s cr\u00edtico de los a\u00f1os recientes en 2024, con 6.670 casos, similar a 2021. Sin embargo, se logr\u00f3 mantener la letalidad de la enfermedad controlada.<\/p>\n<p>Se evidencia un retroceso en la vacunaci\u00f3n del primer a\u00f1o de vida, especialmente en BCG y hepatitis B, pese a mejoras en dosis aplicadas entre los 12 y 23 meses. Esto representa una alerta para el sistema de salud local y demandan acciones correctivas inmediatas, para no retroceder en la inmunizaci\u00f3n de los ni\u00f1os y ni\u00f1os para garantiza su salud.<\/p>\n<p><img loading=\"lazy\" decoding=\"async\" class=\"alignnone size-medium wp-image-57762\" src=\"https:\/\/revistazetta.com\/wp-content\/uploads\/2025\/07\/522190825_18515133619041393_7200746886308618178_n-500x333.jpg\" alt=\"\" width=\"500\" height=\"333\" srcset=\"https:\/\/revistazetta.com\/wp-content\/uploads\/2025\/07\/522190825_18515133619041393_7200746886308618178_n-500x333.jpg 500w, https:\/\/revistazetta.com\/wp-content\/uploads\/2025\/07\/522190825_18515133619041393_7200746886308618178_n-1024x683.jpg 1024w, https:\/\/revistazetta.com\/wp-content\/uploads\/2025\/07\/522190825_18515133619041393_7200746886308618178_n-243x162.jpg 243w, https:\/\/revistazetta.com\/wp-content\/uploads\/2025\/07\/522190825_18515133619041393_7200746886308618178_n.jpg 1440w\" sizes=\"auto, (max-width: 500px) 100vw, 500px\" \/><\/p>\n<p><strong>Empleo<\/strong><\/p>\n<p>Cartagena enfrent\u00f3, en 2024, la tasa de desempleo m\u00e1s alta desde la pandemia y entre las principales ciudades del pa\u00eds (12,4%), con una brecha de g\u00e9nero persistente: el desempleo femenino (17%) duplic\u00f3 al masculino (8,6%). Asimismo, el empleo juvenil se deterior\u00f3: la tasa de ocupaci\u00f3n cay\u00f3 a 34,8% y el desempleo subi\u00f3 a 23,7%, la m\u00e1s alta entre las grandes ciudades.<\/p>\n<p>La tasa de informalidad baj\u00f3 en 2024 a 48,9%, su nivel m\u00e1s bajo en a\u00f1os recientes. Sin embargo, el mercado laboral local mostr\u00f3 se\u00f1ales de estancamiento, con menor participaci\u00f3n y ocupaci\u00f3n, y un aumento del desaliento laboral, especialmente entre j\u00f3venes y mujeres.<\/p>\n<p>En lo corrido hasta mayo de 2025 y comparado con el mismo periodo de 2024, el panorama es m\u00e1s positivo. La tasa de desocupaci\u00f3n se ha mantenido cercana al 9,5%, 3 puntos por debajo de la del a\u00f1o anterior. La informalidad tambi\u00e9n ha estado debajo de los niveles de 2024, aunque esto contrasta con el aumento acelerado de la poblaci\u00f3n vinculada al sistema de salud subsidiado.<\/p>\n<p><strong>Seguridad<\/strong><\/p>\n<p>Disminuyeron las lesiones no fatales en Cartagena, con una ca\u00edda del 15% entre 2023 y 2024, destacando la reducci\u00f3n en violencia interpersonal, -17%, y lesiones por transporte, -16%.<\/p>\n<p>El presunto delito sexual cay\u00f3 15% en 2024, pero persiste como un problema estructural, con tasas elevadas hist\u00f3ricamente. Mientras que las denuncias de extorsi\u00f3n aumentaron un 46%, registr\u00e1ndose 196 en todo el 2024.<\/p>\n<p>Los homicidios, de acuerdo con la Polic\u00eda Metropolitana, aumentaron, llegando a 381 casos, 13 casos m\u00e1s que en 2023, para una tasa de 36 casos por cada 100 mil habitantes, superior al promedio nacional de 25,6. Como aproximaci\u00f3n a los sicariatos, el 83% de los casos fueron cometidos con arma de fuego y el 88% tuvieron un agresor desconocido. Al revisar la historia, Cartagena presenta la tasa de homicidios m\u00e1s alta de los \u00faltimos 20 a\u00f1os.<\/p>\n<p><img loading=\"lazy\" decoding=\"async\" class=\"alignnone size-medium wp-image-57764\" src=\"https:\/\/revistazetta.com\/wp-content\/uploads\/2025\/07\/522644895_18515133610041393_2999496194379128644_n-500x333.jpg\" alt=\"\" width=\"500\" height=\"333\" srcset=\"https:\/\/revistazetta.com\/wp-content\/uploads\/2025\/07\/522644895_18515133610041393_2999496194379128644_n-500x333.jpg 500w, https:\/\/revistazetta.com\/wp-content\/uploads\/2025\/07\/522644895_18515133610041393_2999496194379128644_n-1024x683.jpg 1024w, https:\/\/revistazetta.com\/wp-content\/uploads\/2025\/07\/522644895_18515133610041393_2999496194379128644_n-243x162.jpg 243w, https:\/\/revistazetta.com\/wp-content\/uploads\/2025\/07\/522644895_18515133610041393_2999496194379128644_n.jpg 1440w\" sizes=\"auto, (max-width: 500px) 100vw, 500px\" \/><\/p>\n<p><strong>Servicios p\u00fablicos<\/strong><\/p>\n<p>Cartagena mantiene coberturas superiores al 90% en servicios como agua potable, energ\u00eda el\u00e9ctrica, gas domiciliario y aseo, pero la penetraci\u00f3n de internet fijo sigue siendo la m\u00e1s baja (20%).<\/p>\n<p>Persiste una brecha estructural entre cobertura de acueducto (92,6%) y alcantarillado (84,4%), que en 2024 alcanz\u00f3 8,2 puntos porcentuales, afectando especialmente a zonas rurales y de expansi\u00f3n urbana.<\/p>\n<p>El consumo de agua potable y energ\u00eda, as\u00ed como la generaci\u00f3n de residuos s\u00f3lidos por habitante aumentaron en 2024, lo que plantea retos para la sostenibilidad y la gesti\u00f3n eficiente de estos servicios. La continuidad del servicio de agua sigue siendo alta, aunque mostr\u00f3 una ca\u00edda frente a 2023, llegando a pasar un aproximado de 11 d\u00edas sin servicio en el a\u00f1o.<\/p>\n<p>La calidad del servicio de energ\u00eda el\u00e9ctrica desmejor\u00f3 tanto en frecuencia de cortes como en duraci\u00f3n. Asimismo, la tarifa promedio de este servicio alcanz\u00f3 su m\u00e1ximo hist\u00f3rico de las \u00faltimas dos d\u00e9cadas en 2024, duplicando el valor registrado en 2017 y generando presi\u00f3n sobre los hogares.<\/p>\n<p><strong>Movilidad e infraestructura<\/strong><\/p>\n<p>Las rutas mixtas son mayor\u00eda y ralentizan el sistema: el sistema masivo de transporte tuvo velocidades m\u00e1s lentas a pesar de mayor n\u00famero de rutas y viajes. Pas\u00f3 de en promedio de 15 km\/h en 2023 a 14 km\/h en 2024.<\/p>\n<p>La ciudad registr\u00f3 un aumento los accidentes con heridos y\/o fallecidos en Cartagena para 2024. De estos, el 80% involucran una moto.<\/p>\n<p>A 2024, Cartagena cont\u00f3 con 9,3 m\u00b2 de espacio p\u00fablico efectivo por habitante, una mejora frente a estimaciones anteriores, pero a\u00fan por debajo del est\u00e1ndar legal de 15 m\u00b2\/hab, y con el 41% correspondiente a zonas no cualificadas.<\/p>\n<p>La recuperaci\u00f3n de espacio p\u00fablico aument\u00f3 en un 39% frente a 2023, encamin\u00e1ndose hacia la meta local del cuatrienio, alcanzando el 36% del objetivo. Asimismo, la construcci\u00f3n de nuevos andenes se aceler\u00f3, 8 veces m\u00e1s que en 2023, y el mantenimiento de canales 4 veces mayor.<\/p>\n<p><strong>Turismo<\/strong><\/p>\n<p>Las llegadas nacionales por v\u00eda a\u00e9rea alcanzaron 2,92 millones en 2024 y las internacionales crecieron un 34% frente a 2023. Ambas alcanzaron sus m\u00e1ximos hist\u00f3ricos en 2024.<\/p>\n<p>El turismo internacional se sigue diversificando: Estados Unidos sigue siendo el principal mercado, pero crecen significativamente llegadas desde pa\u00edses cercanos, como Per\u00fa, Costa Rica y Rep\u00fablica Dominicana.<\/p>\n<p>Cartagena mantuvo la mayor ocupaci\u00f3n hotelera del pa\u00eds (66%), pero se vio afectada por la competencia de viviendas tur\u00edsticas, bajando 2 puntos porcentuales respecto a 2023. Datos de COTELCO Cartagena y Bol\u00edvar, advierten la ca\u00edda de la ocupaci\u00f3n en zona de Centro Hist\u00f3rico y zona Insular de m\u00e1s del 8% y llaman a la necesidad de controlar la proliferaci\u00f3n de viviendas tur\u00edsticas que no cumplen con normativas.<\/p>\n<p><strong>Econom\u00eda y finanzas p\u00fablicas<\/strong><\/p>\n<p>El PIB de Cartagena mostr\u00f3 un crecimiento real casi nulo en 2024 (0,2%), evidenciando estancamiento econ\u00f3mico tras el rebote postpandemia. Igualmente, la contribuci\u00f3n de Cartagena al PIB nacional se redujo levemente a 2,35%, reflejando una menor din\u00e1mica econ\u00f3mica local frente al resto del pa\u00eds.<\/p>\n<p>La Heroica consolid\u00f3 su liderazgo portuario: moviliz\u00f3 3,7 millones de TEUS y m\u00e1s de 50 millones de toneladas en 2024, el 27,8% del total nacional, con un perfil dominado por transbordos (42,6%).<\/p>\n<p>Asimismo, la ciudad mostr\u00f3 un crecimiento real en sus ingresos fiscales durante 2024, con aumentos superiores a la inflaci\u00f3n tanto en ingresos totales (+15,4%) como en corrientes y de capital, pero persisten retos en la autonom\u00eda financiera: el 46% de la estructura fiscal provino de transferencias, lo que evidencia alta dependencia de recursos del Sistema General de Participaciones y del Sistema de Seguridad Social Integral.<\/p>\n<p>Por otro lado, el gasto p\u00fablico comprometido se increment\u00f3 m\u00e1s de 18%, priorizando la inversi\u00f3n -84% del total- y reduciendo dr\u00e1sticamente el servicio de la deuda (-80%), liberando recursos.<\/p>\n<p>Los indicadores de sostenibilidad fiscal y de capacidad de pago se ubicaron muy por debajo de los l\u00edmites legales. Sin embargo, se debe tener cuidado considerando el aumento de los gastos de funcionamiento de cara al mediano plazo.<\/p>\n<p>*Frente a este panorama, Salas Bar\u00f3n sostiene que el desaf\u00edo de la actual administraci\u00f3n es traducir el repunte en sectores estrat\u00e9gicos en mejoras concretas para las condiciones de vida de todas las personas en la Heroica.*<\/p>\n<p>Para orientar la conversaci\u00f3n de estos resultados hacia las decisiones que pueden definir el futuro de la Heroica, Dumek Turbay Paz, alcalde de Cartagena y Peter Siegenthaler, gerente del Banco Mundial en Colombia, dialogaron con Eliana Salas Bar\u00f3n, directora de Cartagena C\u00f3mo Vamos en el panel \u2018Cartagena al 2045: aprendizajes y retos para la ciudad del ma\u00f1ana\u2019, moderado por Nicol\u00e1s Pareja, director de El Universal.<\/p>\n<p>La versi\u00f3n n\u00famero 20 del Informe de Calidad de Vida fue posible gracias a los socios y aliados de Cartagena C\u00f3mo Vamos: ANDI seccional Bol\u00edvar, El Universa, Refiner\u00eda de Cartagena &#8211; Grupo Ecopetrol, Comfenalco, Esenttia, Colectivo Traso, Fundaci\u00f3n Santo Domingo, Puerto Bah\u00eda, Grupo Argos, C\u00e1mara de Comercio de Cartagena, Universidad Tecnol\u00f3gica de Bol\u00edvar, Publik y Fundaci\u00f3n Corona. Adem\u00e1s de los patrocinadores del evento: Corporaci\u00f3n Universitaria Minuto de Dios, Hotel InterContinental y Magix.<\/p>\n<p>&nbsp;<\/p>\n","protected":false},"excerpt":{"rendered":"<p>Cartagena de Indias, 23 de julio de 2025.- El programa privado Cartagena C\u00f3mo Vamos (CCV) dio a conocer los resultados del Informe de Calidad de Vida 2024, la evaluaci\u00f3n anual que recoge el comportamiento de m\u00e1s de 230 indicadores oficiales sobre la calidad de vida en la Heroica. Se trata del primer informe de CCV que mide el desempe\u00f1o de la ciudad bajo la administraci\u00f3n del alcalde Dumek Turbay y que, adem\u00e1s, marca el inicio del seguimiento al nuevo Plan de Desarrollo 2024-2027, \u201cCartagena, ciudad de derechos\u201d. En acto cumplido&#8230; <\/p>\n","protected":false},"author":3,"featured_media":57760,"comment_status":"closed","ping_status":"closed","sticky":false,"template":"","format":"standard","meta":{"footnotes":"","_links_to":"","_links_to_target":""},"categories":[1450,26,4],"tags":[191,285,74,350,298],"class_list":["post-57759","post","type-post","status-publish","format-standard","has-post-thumbnail","hentry","category-parasladers","category-politica-noticias","category-politica","tag-cartagena-de-indias","tag-destacada","tag-dumek-turbay","tag-noticias","tag-politica"],"_links":{"self":[{"href":"https:\/\/revistazetta.com\/index.php?rest_route=\/wp\/v2\/posts\/57759","targetHints":{"allow":["GET"]}}],"collection":[{"href":"https:\/\/revistazetta.com\/index.php?rest_route=\/wp\/v2\/posts"}],"about":[{"href":"https:\/\/revistazetta.com\/index.php?rest_route=\/wp\/v2\/types\/post"}],"author":[{"embeddable":true,"href":"https:\/\/revistazetta.com\/index.php?rest_route=\/wp\/v2\/users\/3"}],"replies":[{"embeddable":true,"href":"https:\/\/revistazetta.com\/index.php?rest_route=%2Fwp%2Fv2%2Fcomments&post=57759"}],"version-history":[{"count":0,"href":"https:\/\/revistazetta.com\/index.php?rest_route=\/wp\/v2\/posts\/57759\/revisions"}],"wp:featuredmedia":[{"embeddable":true,"href":"https:\/\/revistazetta.com\/index.php?rest_route=\/wp\/v2\/media\/57760"}],"wp:attachment":[{"href":"https:\/\/revistazetta.com\/index.php?rest_route=%2Fwp%2Fv2%2Fmedia&parent=57759"}],"wp:term":[{"taxonomy":"category","embeddable":true,"href":"https:\/\/revistazetta.com\/index.php?rest_route=%2Fwp%2Fv2%2Fcategories&post=57759"},{"taxonomy":"post_tag","embeddable":true,"href":"https:\/\/revistazetta.com\/index.php?rest_route=%2Fwp%2Fv2%2Ftags&post=57759"}],"curies":[{"name":"wp","href":"https:\/\/api.w.org\/{rel}","templated":true}]}}