{"id":57766,"date":"2025-07-23T09:57:49","date_gmt":"2025-07-23T14:57:49","guid":{"rendered":"https:\/\/revistazetta.com\/?p=57766"},"modified":"2025-07-23T09:57:49","modified_gmt":"2025-07-23T14:57:49","slug":"senador-antonio-correa-radica-proyecto-para-reformar-justicia-y-paz","status":"publish","type":"post","link":"https:\/\/revistazetta.com\/?p=57766","title":{"rendered":"Senador Antonio Correa radica proyecto para reformar Justicia y Paz"},"content":{"rendered":"<p><strong>Bogot\u00e1, 23 de julio de 2025.-<\/strong> El senador Antonio Correa, de la bancada del partido de la U, radic\u00f3 un proyecto de ley para reformar el r\u00e9gimen de Justicia y Paz, como un paso m\u00e1s hacia la PAZ, estable y duradera.<\/p>\n<p>En sus redes sociales, el legislador public\u00f3:<\/p>\n<p><span style=\"color: #0000ff;\">Este 21 de Julio radicamos este importante proyecto, que busca definir la situaci\u00f3n jur\u00eddica de los postulados de Justicia y Paz, lo cual se logra agilizando el procedimiento y fortaleciendo la institucionalidad. Protegiendo muchas v\u00edctimas que han muerto o empobrecido esperando justicia, verdad y reparaci\u00f3n.<\/span><\/p>\n<p><span style=\"color: #0000ff;\">Proponemos un nuevo modelo:<\/span><\/p>\n<p><span style=\"color: #0000ff;\">\u2022Basado en macrocasos y audiencias concentradas en las cuales no deben asistir todos los magistrados.<\/span><\/p>\n<p><span style=\"color: #0000ff;\">\u2022La aplicaci\u00f3n de la justicia restaurativa y fortalecimiento institucional.<\/span><\/p>\n<p><span style=\"color: #0000ff;\">Puntos clave del proyecto:<\/span><\/p>\n<p><span style=\"color: #0000ff;\">\u2022La Fiscal\u00eda deber\u00e1 concluir versiones libres y presentar acusaciones dentro de los t\u00e9rminos establecidos en la ley.<\/span><\/p>\n<p><span style=\"color: #0000ff;\">\u2022Se fija un plazo de 5 a\u00f1os para definir la situaci\u00f3n jur\u00eddica de los postulados actuales.<\/span><\/p>\n<p><span style=\"color: #0000ff;\">\u2022 Se establece un plazo para adelantar los procesos de los nuevos admitidos.<\/span><\/p>\n<p><span style=\"color: #0000ff;\">Esta es una apuesta seria por la verdad, la reparaci\u00f3n de las v\u00edctimas y el cierre definitivo de una justicia transicional que no puede ser eterna.<\/span><\/p>\n<p><span style=\"color: #0000ff;\">Este marco tambi\u00e9n podr\u00e1 aplicarse a los nuevos grupos que hoy negocian bajo los principios de verdad, justicia, reparaci\u00f3n y no impunidad, siempre y cuando existan acuerdos con el gobierno.<\/span><\/p>\n<p><span style=\"color: #0000ff;\">Le pedimos al Gobierno y al Congreso voluntad pol\u00edtica:<\/span><\/p>\n<p><span style=\"color: #0000ff;\">\u2022 El proyecto se construy\u00f3 a partir de los di\u00e1logos realizados con los diferentes actores del conflicto, relacionados directa o indirectamente con la Jurisdicci\u00f3n Especial.<\/span><\/p>\n<p><span style=\"color: #0000ff;\">\u2022 Este proyecto ha sido presentado en tres legislaturas anteriores, sin que se hubiera realizado siquiera el primer debate.<span class=\"Apple-converted-space\">\u00a0<\/span><\/span><\/p>\n<p><span style=\"color: #0000ff;\">\u2022 No es momento de improvisar, sino de construir mayor\u00edas para una paz estable y duraderas.<\/span><\/p>\n<p><span style=\"color: #0000ff;\">\u2022 Esto no es un proyecto de autor, ni del gobierno. Es del pa\u00eds.<\/span><\/p>\n<p><span style=\"color: #0000ff;\">\u2022 Es por las v\u00edctimas y respeto por quienes confiaron en la justicia transicional, que no merecen vivir en incertidumbre jur\u00eddica.<\/span><\/p>\n","protected":false},"excerpt":{"rendered":"<p>Bogot\u00e1, 23 de julio de 2025.- El senador Antonio Correa, de la bancada del partido de la U, radic\u00f3 un proyecto de ley para reformar el r\u00e9gimen de Justicia y Paz, como un paso m\u00e1s hacia la PAZ, estable y duradera. En sus redes sociales, el legislador public\u00f3: Este 21 de Julio radicamos este importante proyecto, que busca definir la situaci\u00f3n jur\u00eddica de los postulados de Justicia y Paz, lo cual se logra agilizando el procedimiento y fortaleciendo la institucionalidad. Protegiendo muchas v\u00edctimas que han muerto o empobrecido esperando justicia,&#8230; <\/p>\n","protected":false},"author":3,"featured_media":57767,"comment_status":"closed","ping_status":"closed","sticky":false,"template":"","format":"standard","meta":{"footnotes":"","_links_to":"","_links_to_target":""},"categories":[1450,4,82],"tags":[259,285,2488,298,234],"class_list":["post-57766","post","type-post","status-publish","format-standard","has-post-thumbnail","hentry","category-parasladers","category-politica","category-senado","tag-antonio-correa","tag-destacada","tag-justicia-y-paz","tag-politica","tag-senado"],"_links":{"self":[{"href":"https:\/\/revistazetta.com\/index.php?rest_route=\/wp\/v2\/posts\/57766","targetHints":{"allow":["GET"]}}],"collection":[{"href":"https:\/\/revistazetta.com\/index.php?rest_route=\/wp\/v2\/posts"}],"about":[{"href":"https:\/\/revistazetta.com\/index.php?rest_route=\/wp\/v2\/types\/post"}],"author":[{"embeddable":true,"href":"https:\/\/revistazetta.com\/index.php?rest_route=\/wp\/v2\/users\/3"}],"replies":[{"embeddable":true,"href":"https:\/\/revistazetta.com\/index.php?rest_route=%2Fwp%2Fv2%2Fcomments&post=57766"}],"version-history":[{"count":0,"href":"https:\/\/revistazetta.com\/index.php?rest_route=\/wp\/v2\/posts\/57766\/revisions"}],"wp:featuredmedia":[{"embeddable":true,"href":"https:\/\/revistazetta.com\/index.php?rest_route=\/wp\/v2\/media\/57767"}],"wp:attachment":[{"href":"https:\/\/revistazetta.com\/index.php?rest_route=%2Fwp%2Fv2%2Fmedia&parent=57766"}],"wp:term":[{"taxonomy":"category","embeddable":true,"href":"https:\/\/revistazetta.com\/index.php?rest_route=%2Fwp%2Fv2%2Fcategories&post=57766"},{"taxonomy":"post_tag","embeddable":true,"href":"https:\/\/revistazetta.com\/index.php?rest_route=%2Fwp%2Fv2%2Ftags&post=57766"}],"curies":[{"name":"wp","href":"https:\/\/api.w.org\/{rel}","templated":true}]}}