{"id":57781,"date":"2025-07-24T14:47:17","date_gmt":"2025-07-24T19:47:17","guid":{"rendered":"https:\/\/revistazetta.com\/?p=57781"},"modified":"2025-07-24T14:47:17","modified_gmt":"2025-07-24T19:47:17","slug":"ultimos-cupos-elige-una-institucion-con-historia-y-calidad-uninunez-te-espera","status":"publish","type":"post","link":"https:\/\/revistazetta.com\/?p=57781","title":{"rendered":"\u00a1\u00daltimos cupos! Elige una instituci\u00f3n con historia y calidad: Unin\u00fa\u00f1ez te espera"},"content":{"rendered":"<p><strong>Cartagena de Indias, 24 de julio de 2025.-<\/strong> A punto de cumplir sus 40 a\u00f1os, la Corporaci\u00f3n Universitaria Rafael N\u00fa\u00f1ez sigue reafirmando su compromiso con una educaci\u00f3n de calidad, con sello social y una experiencia universitaria inolvidable. Hoy, con cupos disponibles en programas de pregrado, posgrado y t\u00e9cnicos laborales, Unin\u00fa\u00f1ez invita a quienes sue\u00f1an con transformar su realidad a dar el paso que lo hace posible.<\/p>\n<p><img loading=\"lazy\" decoding=\"async\" class=\"alignnone size-medium wp-image-57784\" src=\"https:\/\/revistazetta.com\/wp-content\/uploads\/2025\/07\/WhatsApp-Image-2025-07-24-at-11.09.20-2-500x333.jpeg\" alt=\"\" width=\"500\" height=\"333\" srcset=\"https:\/\/revistazetta.com\/wp-content\/uploads\/2025\/07\/WhatsApp-Image-2025-07-24-at-11.09.20-2-500x333.jpeg 500w, https:\/\/revistazetta.com\/wp-content\/uploads\/2025\/07\/WhatsApp-Image-2025-07-24-at-11.09.20-2-1024x682.jpeg 1024w, https:\/\/revistazetta.com\/wp-content\/uploads\/2025\/07\/WhatsApp-Image-2025-07-24-at-11.09.20-2-243x162.jpeg 243w, https:\/\/revistazetta.com\/wp-content\/uploads\/2025\/07\/WhatsApp-Image-2025-07-24-at-11.09.20-2-1536x1023.jpeg 1536w, https:\/\/revistazetta.com\/wp-content\/uploads\/2025\/07\/WhatsApp-Image-2025-07-24-at-11.09.20-2.jpeg 1600w\" sizes=\"auto, (max-width: 500px) 100vw, 500px\" \/><\/p>\n<p>Con altos \u00edndices de empleabilidad, una s\u00f3lida proyecci\u00f3n internacional que permite realizar intercambios y pasant\u00edas acad\u00e9micas en el exterior, espacios \u00f3ptimos y bien dotados, acompa\u00f1amiento constante y un enfoque fuerte en investigaci\u00f3n y proyecci\u00f3n social, Unin\u00fa\u00f1ez ofrece mucho m\u00e1s que t\u00edtulos: ofrece experiencias que dejan huella.<\/p>\n<p>*\u00bfQu\u00e9 programas a\u00fan tienen matr\u00edcula abierta?*<\/p>\n<p><strong>\ud83d\udccdCartagena<\/strong><br \/>\n\u2022 Administraci\u00f3n de Empresas<br \/>\n\u2022 Contadur\u00eda P\u00fablica<br \/>\n\u2022 Instrumentaci\u00f3n Quir\u00fargica<br \/>\n\u2022 Odontolog\u00eda<br \/>\n\u2022 Derecho<br \/>\n\u2022 Trabajo Social<br \/>\n\u2022 Licenciatura en Educaci\u00f3n Infantil<br \/>\n\u2022 Ingenier\u00eda de Sistemas<br \/>\n\u2022 Teolog\u00eda (virtual)<\/p>\n<p><strong>\ud83d\udccdBarranquilla<\/strong><br \/>\n\u2022 Derecho<br \/>\n\u2022 Trabajo Social<\/p>\n<p><img loading=\"lazy\" decoding=\"async\" class=\"alignnone size-medium wp-image-57785\" src=\"https:\/\/revistazetta.com\/wp-content\/uploads\/2025\/07\/WhatsApp-Image-2025-07-24-at-11.09.20-3-500x333.jpeg\" alt=\"\" width=\"500\" height=\"333\" srcset=\"https:\/\/revistazetta.com\/wp-content\/uploads\/2025\/07\/WhatsApp-Image-2025-07-24-at-11.09.20-3-500x333.jpeg 500w, https:\/\/revistazetta.com\/wp-content\/uploads\/2025\/07\/WhatsApp-Image-2025-07-24-at-11.09.20-3-1024x682.jpeg 1024w, https:\/\/revistazetta.com\/wp-content\/uploads\/2025\/07\/WhatsApp-Image-2025-07-24-at-11.09.20-3-243x162.jpeg 243w, https:\/\/revistazetta.com\/wp-content\/uploads\/2025\/07\/WhatsApp-Image-2025-07-24-at-11.09.20-3-1536x1023.jpeg 1536w, https:\/\/revistazetta.com\/wp-content\/uploads\/2025\/07\/WhatsApp-Image-2025-07-24-at-11.09.20-3.jpeg 1600w\" sizes=\"auto, (max-width: 500px) 100vw, 500px\" \/><\/p>\n<p><strong>Programas Tecnol\u00f3gicos (con ciclo proped\u00e9utico) <\/strong><br \/>\n\u2022 Tecnolog\u00eda en Desarrollo de Sistemas de Informaci\u00f3n y de Software<br \/>\n\u2022 Tecnolog\u00eda en Gesti\u00f3n Contable y Financiera<br \/>\n\ud83c\udf93 T\u00e9cnicos laborales<br \/>\nCartagena<br \/>\n\u2022 Auxiliar de seguridad en el trabajo<br \/>\n\u2022 Cosmetolog\u00eda y est\u00e9tica integral<br \/>\nBarranquilla<br \/>\n\u2022 Auxiliar de seguridad en el trabajo<\/p>\n<p><strong>\ud83c\udf93 Posgrados<\/strong><br \/>\n\u2022 Especializaci\u00f3n en Educaci\u00f3n y Diversidad (presencial)<br \/>\n\u2022 Maestr\u00eda en Pedagog\u00eda (virtual)<br \/>\n\u2022 Maestr\u00eda en Gesti\u00f3n Educativa y Liderazgo (virtual)<\/p>\n<p>Unin\u00fa\u00f1ez: 40 a\u00f1os abriendo puertas, cambiando vidas, un legado respaldando de miles de historias de transformaci\u00f3n, con calidad acad\u00e9mica y visi\u00f3n social.<\/p>\n<blockquote><p><span style=\"color: #0000ff;\"><strong>M\u00e1s informaci\u00f3n: 3017565579<\/strong><\/span><\/p><\/blockquote>\n<p><img loading=\"lazy\" decoding=\"async\" class=\"alignnone size-medium wp-image-57783\" src=\"https:\/\/revistazetta.com\/wp-content\/uploads\/2025\/07\/WhatsApp-Image-2025-07-24-at-11.09.20-1-500x333.jpeg\" alt=\"\" width=\"500\" height=\"333\" srcset=\"https:\/\/revistazetta.com\/wp-content\/uploads\/2025\/07\/WhatsApp-Image-2025-07-24-at-11.09.20-1-500x333.jpeg 500w, https:\/\/revistazetta.com\/wp-content\/uploads\/2025\/07\/WhatsApp-Image-2025-07-24-at-11.09.20-1-1024x682.jpeg 1024w, https:\/\/revistazetta.com\/wp-content\/uploads\/2025\/07\/WhatsApp-Image-2025-07-24-at-11.09.20-1-243x162.jpeg 243w, https:\/\/revistazetta.com\/wp-content\/uploads\/2025\/07\/WhatsApp-Image-2025-07-24-at-11.09.20-1-1536x1023.jpeg 1536w, https:\/\/revistazetta.com\/wp-content\/uploads\/2025\/07\/WhatsApp-Image-2025-07-24-at-11.09.20-1.jpeg 1600w\" sizes=\"auto, (max-width: 500px) 100vw, 500px\" \/><\/p>\n","protected":false},"excerpt":{"rendered":"<p>Cartagena de Indias, 24 de julio de 2025.- A punto de cumplir sus 40 a\u00f1os, la Corporaci\u00f3n Universitaria Rafael N\u00fa\u00f1ez sigue reafirmando su compromiso con una educaci\u00f3n de calidad, con sello social y una experiencia universitaria inolvidable. Hoy, con cupos disponibles en programas de pregrado, posgrado y t\u00e9cnicos laborales, Unin\u00fa\u00f1ez invita a quienes sue\u00f1an con transformar su realidad a dar el paso que lo hace posible. Con altos \u00edndices de empleabilidad, una s\u00f3lida proyecci\u00f3n internacional que permite realizar intercambios y pasant\u00edas acad\u00e9micas en el exterior, espacios \u00f3ptimos y bien dotados,&#8230; <\/p>\n","protected":false},"author":3,"featured_media":57782,"comment_status":"closed","ping_status":"closed","sticky":false,"template":"","format":"standard","meta":{"footnotes":"","_links_to":"","_links_to_target":""},"categories":[3,1450,51],"tags":[292,285,1907,293],"class_list":["post-57781","post","type-post","status-publish","format-standard","has-post-thumbnail","hentry","category-ciudad","category-parasladers","category-universidad","tag-ciudad","tag-destacada","tag-uninunez","tag-universidad"],"_links":{"self":[{"href":"https:\/\/revistazetta.com\/index.php?rest_route=\/wp\/v2\/posts\/57781","targetHints":{"allow":["GET"]}}],"collection":[{"href":"https:\/\/revistazetta.com\/index.php?rest_route=\/wp\/v2\/posts"}],"about":[{"href":"https:\/\/revistazetta.com\/index.php?rest_route=\/wp\/v2\/types\/post"}],"author":[{"embeddable":true,"href":"https:\/\/revistazetta.com\/index.php?rest_route=\/wp\/v2\/users\/3"}],"replies":[{"embeddable":true,"href":"https:\/\/revistazetta.com\/index.php?rest_route=%2Fwp%2Fv2%2Fcomments&post=57781"}],"version-history":[{"count":0,"href":"https:\/\/revistazetta.com\/index.php?rest_route=\/wp\/v2\/posts\/57781\/revisions"}],"wp:featuredmedia":[{"embeddable":true,"href":"https:\/\/revistazetta.com\/index.php?rest_route=\/wp\/v2\/media\/57782"}],"wp:attachment":[{"href":"https:\/\/revistazetta.com\/index.php?rest_route=%2Fwp%2Fv2%2Fmedia&parent=57781"}],"wp:term":[{"taxonomy":"category","embeddable":true,"href":"https:\/\/revistazetta.com\/index.php?rest_route=%2Fwp%2Fv2%2Fcategories&post=57781"},{"taxonomy":"post_tag","embeddable":true,"href":"https:\/\/revistazetta.com\/index.php?rest_route=%2Fwp%2Fv2%2Ftags&post=57781"}],"curies":[{"name":"wp","href":"https:\/\/api.w.org\/{rel}","templated":true}]}}