{"id":57801,"date":"2025-07-28T14:18:07","date_gmt":"2025-07-28T19:18:07","guid":{"rendered":"https:\/\/revistazetta.com\/?p=57801"},"modified":"2025-07-28T14:18:50","modified_gmt":"2025-07-28T19:18:50","slug":"bofetada-a-la-salsa-willie-colon-protesta-por-calle-bautizada-en-nueva-york-como-guayacan-orquesta","status":"publish","type":"post","link":"https:\/\/revistazetta.com\/?p=57801","title":{"rendered":"\u00abBofetada a la salsa\u00bb: Willie Col\u00f3n protesta por calle bautizada en Nueva York como \u00abGuayac\u00e1n Orquesta\u00bb"},"content":{"rendered":"<div dir=\"auto\"><strong>Cartagena de Indias, 28 de julio de 2025.-<\/strong> La leyenda viva de la Salsa, el maestro Willie Col\u00f3n, protest\u00f3 en sus redes por la designaci\u00f3n en Manhattan de una calle en honor a la Orquesta Guayac\u00e1n, de Colombia.<\/div>\n<div dir=\"auto\">El maestro expres\u00f3 su inconformidad porque hay artistas cuya memoria merece ser enaltecida antes que agrupaciones cuyos integrantes aun est\u00e1n vivos, y mencion\u00f3 a Johny Pacheco, Cheo Feliciano, Charlie Palmieri, Santos Col\u00f3n, Pete \u2018El Conde\u2019, Tito Rodr\u00edguez, Daniel Santos, Rafael Hern\u00e1ndez, Ray Barretto, Arsenio Rodr\u00edguez y Noro Morales.<\/div>\n<div class=\"x14z9mp xat24cr x1lziwak x1vvkbs xtlvy1s x126k92a\">\n<div dir=\"auto\"><span style=\"color: #0000ff;\">\u00abTodav\u00eda no entiendo c\u00f3mo este hombre [Ydanis Rodr\u00edguez] se convirti\u00f3 en el Comisionado de Transporte. Recientemente nombr\u00f3 una calle en honor a la banda salsera colombiana Guayac\u00e1n. Primero, no son un individuo; segundo, no est\u00e1n fallecidos; y tercero, y, igual de importante, no eran neoyorquinos y nunca vivieron en Nueva York. Normalmente, nombramos calles en honor a neoyorquinos fallecidos. \u00bfC\u00f3mo pudo tomar esta decisi\u00f3n, siendo dominicano, cuando no hay una calle en honor a Johnny Pacheco?\u00bb<\/span><\/div>\n<\/div>\n<div class=\"x14z9mp xat24cr x1lziwak x1vvkbs xtlvy1s x126k92a\">\n<div dir=\"auto\">El salsero puntualiz\u00f3: <span style=\"color: #0000ff;\">Se siente como una bofetada para los fan\u00e1ticos de la salsa. Hay tantos brillantes artistas latinos de Nueva York que han sido olvidados e ignorados, como Cheo Feliciano, Charlie Palmieri, Santito Col\u00f3n, Pete \u2018El Conde\u2019, Tito Rodr\u00edguez, Daniel Santos, Rafael Hern\u00e1ndez, Ray Barretto, Arsenio Rodr\u00edguez y Noro Morales, entre otros.<\/span><\/div>\n<div dir=\"auto\"><span style=\"color: #0000ff;\">Hay una larga lista de latinos prominentes que tambi\u00e9n eran neoyorquinos y que podr\u00eda haber elegido. Esto es lo que sucede cuando tu nombramiento te queda grande\u00bb.<\/span><\/div>\n<div dir=\"auto\">Una cuenta especializada en Salsa public\u00f3 una teor\u00eda sobre el origen de la pol\u00e9mica:<\/div>\n<\/div>\n<div class=\"x14z9mp xat24cr x1lziwak x1vvkbs xtlvy1s x126k92a\">\n<div dir=\"auto\"><span style=\"color: #0000ff;\">\u00bfPero por qu\u00e9 es la pol\u00e9mica? \u00bfY por qu\u00e9 el resentimiento contra la Orquesta Guayac\u00e1n? Resulta que hace varios a\u00f1os, durante el concierto inaugural de la Feria de Cali 2010, Alexis Lozano, director de la Orquesta Guayac\u00e1n, sorprendi\u00f3 al p\u00fablico con fuertes declaraciones contra m\u00fasicos cubanos y puertorrique\u00f1os, porque se les daba trabajo en Colombia. Molesto por el tiempo limitado asignado a su orquesta, s\u00f3lo 5 canciones, Lozano tom\u00f3 el micr\u00f3fono y afirm\u00f3 desde el escenario: \u00abAqu\u00ed en Cali no hay ning\u00fan hijueputa puertorrique\u00f1o, ni ning\u00fan hijueputa cubano que sea mejor que yo ni que Guayac\u00e1n\u00bb, en referencia a una supuesta discriminaci\u00f3n que, seg\u00fan \u00e9l, se viv\u00eda tras bambalinas. El incidente reflej\u00f3 su malestar por la contrataci\u00f3n de orquestas extranjeras en la feria, mientras que agrupaciones nacionales sent\u00edan que eran relegadas.<\/span><\/div>\n<\/div>\n<div dir=\"auto\"><img loading=\"lazy\" decoding=\"async\" class=\"alignnone size-medium wp-image-57802\" src=\"https:\/\/revistazetta.com\/wp-content\/uploads\/2025\/07\/Captura-de-pantalla-2025-07-28-a-las-7.08.39-a.-m-453x333.png\" alt=\"\" width=\"453\" height=\"333\" srcset=\"https:\/\/revistazetta.com\/wp-content\/uploads\/2025\/07\/Captura-de-pantalla-2025-07-28-a-las-7.08.39-a.-m-453x333.png 453w, https:\/\/revistazetta.com\/wp-content\/uploads\/2025\/07\/Captura-de-pantalla-2025-07-28-a-las-7.08.39-a.-m-220x162.png 220w, https:\/\/revistazetta.com\/wp-content\/uploads\/2025\/07\/Captura-de-pantalla-2025-07-28-a-las-7.08.39-a.-m.png 988w\" sizes=\"auto, (max-width: 453px) 100vw, 453px\" \/><\/div>\n<div dir=\"auto\"><\/div>\n<div dir=\"auto\">Tras la pol\u00e9mica, varias cuentas le hicieron saber a Col\u00f3n que en Nueva York ya existe una calle en honor a H\u00e9ctor LaVoe, tras los cual expres\u00f3:<\/div>\n<div dir=\"auto\"><img loading=\"lazy\" decoding=\"async\" class=\"alignnone size-medium wp-image-57803\" src=\"https:\/\/revistazetta.com\/wp-content\/uploads\/2025\/07\/Captura-de-pantalla-2025-07-28-a-las-7.09.07-a.-m-500x229.png\" alt=\"\" width=\"500\" height=\"229\" srcset=\"https:\/\/revistazetta.com\/wp-content\/uploads\/2025\/07\/Captura-de-pantalla-2025-07-28-a-las-7.09.07-a.-m-500x229.png 500w, https:\/\/revistazetta.com\/wp-content\/uploads\/2025\/07\/Captura-de-pantalla-2025-07-28-a-las-7.09.07-a.-m-250x114.png 250w, https:\/\/revistazetta.com\/wp-content\/uploads\/2025\/07\/Captura-de-pantalla-2025-07-28-a-las-7.09.07-a.-m.png 988w\" sizes=\"auto, (max-width: 500px) 100vw, 500px\" \/><\/div>\n","protected":false},"excerpt":{"rendered":"<p>Cartagena de Indias, 28 de julio de 2025.- La leyenda viva de la Salsa, el maestro Willie Col\u00f3n, protest\u00f3 en sus redes por la designaci\u00f3n en Manhattan de una calle en honor a la Orquesta Guayac\u00e1n, de Colombia. El maestro expres\u00f3 su inconformidad porque hay artistas cuya memoria merece ser enaltecida antes que agrupaciones cuyos integrantes aun est\u00e1n vivos, y mencion\u00f3 a Johny Pacheco, Cheo Feliciano, Charlie Palmieri, Santos Col\u00f3n, Pete \u2018El Conde\u2019, Tito Rodr\u00edguez, Daniel Santos, Rafael Hern\u00e1ndez, Ray Barretto, Arsenio Rodr\u00edguez y Noro Morales. \u00abTodav\u00eda no entiendo c\u00f3mo&#8230; <\/p>\n","protected":false},"author":3,"featured_media":57804,"comment_status":"closed","ping_status":"closed","sticky":false,"template":"","format":"standard","meta":{"footnotes":"","_links_to":"","_links_to_target":""},"categories":[41,1450,43],"tags":[290,285,2492,2493,304,1735,441,2491],"class_list":["post-57801","post","type-post","status-publish","format-standard","has-post-thumbnail","hentry","category-cultura","category-parasladers","category-cultura-musica","tag-cultura","tag-destacada","tag-guayacan-orquesta","tag-manhattan","tag-musica","tag-nueva-york","tag-salsa","tag-willie-colon"],"_links":{"self":[{"href":"https:\/\/revistazetta.com\/index.php?rest_route=\/wp\/v2\/posts\/57801","targetHints":{"allow":["GET"]}}],"collection":[{"href":"https:\/\/revistazetta.com\/index.php?rest_route=\/wp\/v2\/posts"}],"about":[{"href":"https:\/\/revistazetta.com\/index.php?rest_route=\/wp\/v2\/types\/post"}],"author":[{"embeddable":true,"href":"https:\/\/revistazetta.com\/index.php?rest_route=\/wp\/v2\/users\/3"}],"replies":[{"embeddable":true,"href":"https:\/\/revistazetta.com\/index.php?rest_route=%2Fwp%2Fv2%2Fcomments&post=57801"}],"version-history":[{"count":0,"href":"https:\/\/revistazetta.com\/index.php?rest_route=\/wp\/v2\/posts\/57801\/revisions"}],"wp:featuredmedia":[{"embeddable":true,"href":"https:\/\/revistazetta.com\/index.php?rest_route=\/wp\/v2\/media\/57804"}],"wp:attachment":[{"href":"https:\/\/revistazetta.com\/index.php?rest_route=%2Fwp%2Fv2%2Fmedia&parent=57801"}],"wp:term":[{"taxonomy":"category","embeddable":true,"href":"https:\/\/revistazetta.com\/index.php?rest_route=%2Fwp%2Fv2%2Fcategories&post=57801"},{"taxonomy":"post_tag","embeddable":true,"href":"https:\/\/revistazetta.com\/index.php?rest_route=%2Fwp%2Fv2%2Ftags&post=57801"}],"curies":[{"name":"wp","href":"https:\/\/api.w.org\/{rel}","templated":true}]}}