{"id":57838,"date":"2025-07-30T09:38:21","date_gmt":"2025-07-30T14:38:21","guid":{"rendered":"https:\/\/revistazetta.com\/?p=57838"},"modified":"2025-07-30T09:38:21","modified_gmt":"2025-07-30T14:38:21","slug":"asamblea-distingue-a-exgobernador-juan-carlos-gossain-como-forjador-de-icultur-festijazz-y-festibandas","status":"publish","type":"post","link":"https:\/\/revistazetta.com\/?p=57838","title":{"rendered":"Asamblea distingue a exgobernador Juan Carlos Gossa\u00edn como forjador de Icultur, Festijazz y Festibandas"},"content":{"rendered":"<p><strong>Cartagena de Indias, 30 de julio de 2025.-<\/strong> El panorama cultural de Bol\u00edvar cambi\u00f3 radicalmente con la creaci\u00f3n de Icultur, entidad rectora de la pol\u00edtica p\u00fablica de cultura, y la creaci\u00f3n del Festival de Jazz de Mompox como referente del sistema de festivales de nuestro departamento.<\/p>\n<p>La visi\u00f3n para forjar ese cambi\u00f3 la tuvo el gobernador Juan Carlos Gossa\u00edn Rognini (2012-2015), cuya fecunda tarea en el \u00e1mbito cultural ha sido reconocida por la Asamblea Departamental de Bol\u00edvar.<\/p>\n<p><img loading=\"lazy\" decoding=\"async\" class=\"alignnone size-medium wp-image-57840\" src=\"https:\/\/revistazetta.com\/wp-content\/uploads\/2025\/07\/524922997_18354509746080442_1833500537681867938_n-498x333.jpg\" alt=\"\" width=\"498\" height=\"333\" srcset=\"https:\/\/revistazetta.com\/wp-content\/uploads\/2025\/07\/524922997_18354509746080442_1833500537681867938_n-498x333.jpg 498w, https:\/\/revistazetta.com\/wp-content\/uploads\/2025\/07\/524922997_18354509746080442_1833500537681867938_n-1024x684.jpg 1024w, https:\/\/revistazetta.com\/wp-content\/uploads\/2025\/07\/524922997_18354509746080442_1833500537681867938_n-242x162.jpg 242w, https:\/\/revistazetta.com\/wp-content\/uploads\/2025\/07\/524922997_18354509746080442_1833500537681867938_n.jpg 1440w\" sizes=\"auto, (max-width: 498px) 100vw, 498px\" \/><\/p>\n<p>Por iniciativa del diputado conservador Luis Roberto Ballestas, la entidad destaca a Gossa\u00edn Rognini \u00abpor su visi\u00f3n estrat\u00e9gica y compromiso en la cultura del departamento al impulsar la creaci\u00f3n de Icultur, as\u00ed como pro haber promovido e institucionalizado el Festival de Jazz de Mompox y Festival de Bandas de Bol\u00edvar\u00bb.<\/p>\n<p>Seg\u00fan Ballestas, la visi\u00f3n de Gossa\u00edn se ha \u00abconvertido en un legado cultural y tur\u00edstico que hoy proyecta a Bol\u00edvar a nivel nacional e internacional, fortaleciendo su identidad, econom\u00eda y proyecci\u00f3n global\u00bb.<\/p>\n<p>La propuesta de Ballestas fue aprobada por unanimidad en la plenaria de la Asamblea Departamental, y la Mesa Directiva qued\u00f3 facultada para fijar la fecha del homenaje a Juan Carlos Gossa\u00edn para entregarle la \u00abMedalla al M\u00e9rito Jos\u00e9 Manuel Rodr\u00edguez Torices\u00bb.<\/p>\n<p><img loading=\"lazy\" decoding=\"async\" class=\"alignnone size-medium wp-image-57839\" src=\"https:\/\/revistazetta.com\/wp-content\/uploads\/2025\/07\/489818672_3033444733473805_8876527519702068163_n-422x333.jpg\" alt=\"\" width=\"422\" height=\"333\" srcset=\"https:\/\/revistazetta.com\/wp-content\/uploads\/2025\/07\/489818672_3033444733473805_8876527519702068163_n-422x333.jpg 422w, https:\/\/revistazetta.com\/wp-content\/uploads\/2025\/07\/489818672_3033444733473805_8876527519702068163_n-205x162.jpg 205w, https:\/\/revistazetta.com\/wp-content\/uploads\/2025\/07\/489818672_3033444733473805_8876527519702068163_n.jpg 960w\" sizes=\"auto, (max-width: 422px) 100vw, 422px\" \/><\/p>\n","protected":false},"excerpt":{"rendered":"<p>Cartagena de Indias, 30 de julio de 2025.- El panorama cultural de Bol\u00edvar cambi\u00f3 radicalmente con la creaci\u00f3n de Icultur, entidad rectora de la pol\u00edtica p\u00fablica de cultura, y la creaci\u00f3n del Festival de Jazz de Mompox como referente del sistema de festivales de nuestro departamento. La visi\u00f3n para forjar ese cambi\u00f3 la tuvo el gobernador Juan Carlos Gossa\u00edn Rognini (2012-2015), cuya fecunda tarea en el \u00e1mbito cultural ha sido reconocida por la Asamblea Departamental de Bol\u00edvar. Por iniciativa del diputado conservador Luis Roberto Ballestas, la entidad destaca a Gossa\u00edn&#8230; <\/p>\n","protected":false},"author":3,"featured_media":57841,"comment_status":"closed","ping_status":"closed","sticky":false,"template":"","format":"standard","meta":{"footnotes":"","_links_to":"","_links_to_target":""},"categories":[28,1450,4],"tags":[322,285,2129,1830,370,212,1589,298],"class_list":["post-57838","post","type-post","status-publish","format-standard","has-post-thumbnail","hentry","category-politica-asamblea","category-parasladers","category-politica","tag-asamblea","tag-destacada","tag-festibandas","tag-festijazz-mompox","tag-icultur","tag-juan-carlos-gossain","tag-luisro-ballestas","tag-politica"],"_links":{"self":[{"href":"https:\/\/revistazetta.com\/index.php?rest_route=\/wp\/v2\/posts\/57838","targetHints":{"allow":["GET"]}}],"collection":[{"href":"https:\/\/revistazetta.com\/index.php?rest_route=\/wp\/v2\/posts"}],"about":[{"href":"https:\/\/revistazetta.com\/index.php?rest_route=\/wp\/v2\/types\/post"}],"author":[{"embeddable":true,"href":"https:\/\/revistazetta.com\/index.php?rest_route=\/wp\/v2\/users\/3"}],"replies":[{"embeddable":true,"href":"https:\/\/revistazetta.com\/index.php?rest_route=%2Fwp%2Fv2%2Fcomments&post=57838"}],"version-history":[{"count":0,"href":"https:\/\/revistazetta.com\/index.php?rest_route=\/wp\/v2\/posts\/57838\/revisions"}],"wp:featuredmedia":[{"embeddable":true,"href":"https:\/\/revistazetta.com\/index.php?rest_route=\/wp\/v2\/media\/57841"}],"wp:attachment":[{"href":"https:\/\/revistazetta.com\/index.php?rest_route=%2Fwp%2Fv2%2Fmedia&parent=57838"}],"wp:term":[{"taxonomy":"category","embeddable":true,"href":"https:\/\/revistazetta.com\/index.php?rest_route=%2Fwp%2Fv2%2Fcategories&post=57838"},{"taxonomy":"post_tag","embeddable":true,"href":"https:\/\/revistazetta.com\/index.php?rest_route=%2Fwp%2Fv2%2Ftags&post=57838"}],"curies":[{"name":"wp","href":"https:\/\/api.w.org\/{rel}","templated":true}]}}