{"id":57875,"date":"2025-08-03T12:39:27","date_gmt":"2025-08-03T17:39:27","guid":{"rendered":"https:\/\/revistazetta.com\/?p=57875"},"modified":"2025-08-03T12:39:27","modified_gmt":"2025-08-03T17:39:27","slug":"villa-arana-donde-antes-hubo-cambuches-hoy-hay-esperanza-gobernador-entrego-31-casas-en-san-cristobal","status":"publish","type":"post","link":"https:\/\/revistazetta.com\/?p=57875","title":{"rendered":"\u00abVilla Arana\u00bb, donde antes hubo cambuches, hoy hay esperanza: Gobernador entreg\u00f3 31 casas en San Crist\u00f3bal"},"content":{"rendered":"<p><strong>San Crist\u00f3bal, Bol\u00edvar.- 3 de agosto de 2025.-<\/strong> En medio de m\u00fasica, baile y rostros felices, el gobernador de Bol\u00edvar, Yamil Arana Padau\u00ed, entreg\u00f3 las llaves de sus nuevas viviendas a 31 familias vulnerables que viv\u00edan en condiciones precarias en el sector de Villa Estadio, municipio de San Crist\u00f3bal.<\/p>\n<p>Fue una jornada llena de color y emoci\u00f3n. Con tambores, palmas, abrazos y l\u00e1grimas de alegr\u00eda, las familias celebraron no solo el estreno de un nuevo hogar, sino el inicio de una vida m\u00e1s digna. As\u00ed naci\u00f3 Villa Arana, el nuevo barrio que reemplaz\u00f3 un asentamiento de cambuches por casas resistentes, pintadas con arte, orgullo y dignidad.<\/p>\n<p><img loading=\"lazy\" decoding=\"async\" class=\"alignnone size-medium wp-image-57879\" src=\"https:\/\/revistazetta.com\/wp-content\/uploads\/2025\/08\/WhatsApp-Image-2025-08-02-at-14.23.03-1-500x333.jpeg\" alt=\"\" width=\"500\" height=\"333\" srcset=\"https:\/\/revistazetta.com\/wp-content\/uploads\/2025\/08\/WhatsApp-Image-2025-08-02-at-14.23.03-1-500x333.jpeg 500w, https:\/\/revistazetta.com\/wp-content\/uploads\/2025\/08\/WhatsApp-Image-2025-08-02-at-14.23.03-1-1024x683.jpeg 1024w, https:\/\/revistazetta.com\/wp-content\/uploads\/2025\/08\/WhatsApp-Image-2025-08-02-at-14.23.03-1-243x162.jpeg 243w, https:\/\/revistazetta.com\/wp-content\/uploads\/2025\/08\/WhatsApp-Image-2025-08-02-at-14.23.03-1-1536x1024.jpeg 1536w, https:\/\/revistazetta.com\/wp-content\/uploads\/2025\/08\/WhatsApp-Image-2025-08-02-at-14.23.03-1-2048x1365.jpeg 2048w\" sizes=\"auto, (max-width: 500px) 100vw, 500px\" \/><\/p>\n<p><strong>El cambio es real<\/strong><\/p>\n<p>Gracias a una inversi\u00f3n cercana a $1.420 millones, financiados por la Gobernaci\u00f3n de Bol\u00edvar en alianza con la Alcald\u00eda de San Crist\u00f3bal, este proyecto habitacional se convirti\u00f3 en realidad en un plazo r\u00e9cord de nueve meses.<\/p>\n<p>Cada vivienda cuenta con dos habitaciones, sala, cocina-comedor, ba\u00f1o y patio. Adem\u00e1s, fueron entregadas con servicios p\u00fablicos completos: energ\u00eda, agua, redes hidrosanitarias y alcantarillado.<\/p>\n<p><img loading=\"lazy\" decoding=\"async\" class=\"alignnone size-medium wp-image-57878\" src=\"https:\/\/revistazetta.com\/wp-content\/uploads\/2025\/08\/WhatsApp-Image-2025-08-02-at-14.23.02-487x333.jpeg\" alt=\"\" width=\"487\" height=\"333\" srcset=\"https:\/\/revistazetta.com\/wp-content\/uploads\/2025\/08\/WhatsApp-Image-2025-08-02-at-14.23.02-487x333.jpeg 487w, https:\/\/revistazetta.com\/wp-content\/uploads\/2025\/08\/WhatsApp-Image-2025-08-02-at-14.23.02-1024x700.jpeg 1024w, https:\/\/revistazetta.com\/wp-content\/uploads\/2025\/08\/WhatsApp-Image-2025-08-02-at-14.23.02-237x162.jpeg 237w, https:\/\/revistazetta.com\/wp-content\/uploads\/2025\/08\/WhatsApp-Image-2025-08-02-at-14.23.02-1536x1050.jpeg 1536w, https:\/\/revistazetta.com\/wp-content\/uploads\/2025\/08\/WhatsApp-Image-2025-08-02-at-14.23.02-2048x1400.jpeg 2048w\" sizes=\"auto, (max-width: 487px) 100vw, 487px\" \/><\/p>\n<p>Las calles internas del barrio fueron urbanizadas, y las fachadas de las casas embellecidas con murales que representan la identidad local: frutas, animales, escenas campesinas y elementos culturales que despiertan admiraci\u00f3n entre propios y visitantes.<\/p>\n<p>Cada familia recibi\u00f3 tambi\u00e9n un kit de dotaci\u00f3n que incluye ropa, utensilios de cocina, electrodom\u00e9sticos y art\u00edculos esenciales.<\/p>\n<p><img loading=\"lazy\" decoding=\"async\" class=\"alignnone size-medium wp-image-57884\" src=\"https:\/\/revistazetta.com\/wp-content\/uploads\/2025\/08\/WhatsApp-Image-2025-08-02-at-14.25.03-1-500x333.jpeg\" alt=\"\" width=\"500\" height=\"333\" srcset=\"https:\/\/revistazetta.com\/wp-content\/uploads\/2025\/08\/WhatsApp-Image-2025-08-02-at-14.25.03-1-500x333.jpeg 500w, https:\/\/revistazetta.com\/wp-content\/uploads\/2025\/08\/WhatsApp-Image-2025-08-02-at-14.25.03-1-1024x683.jpeg 1024w, https:\/\/revistazetta.com\/wp-content\/uploads\/2025\/08\/WhatsApp-Image-2025-08-02-at-14.25.03-1-243x162.jpeg 243w, https:\/\/revistazetta.com\/wp-content\/uploads\/2025\/08\/WhatsApp-Image-2025-08-02-at-14.25.03-1-1536x1024.jpeg 1536w, https:\/\/revistazetta.com\/wp-content\/uploads\/2025\/08\/WhatsApp-Image-2025-08-02-at-14.25.03-1-2048x1366.jpeg 2048w\" sizes=\"auto, (max-width: 500px) 100vw, 500px\" \/><\/p>\n<p><strong>La promesa cumplida<\/strong><\/p>\n<p>Todo comenz\u00f3 meses atr\u00e1s, cuando el gobernador Arana conoci\u00f3 personalmente las condiciones en las que viv\u00edan estas familias y se comprometi\u00f3 a construirles nuevas casas. Y lo cumpli\u00f3.<\/p>\n<p>Mar\u00eda \u00c1ngela Rodr\u00edguez, una de las l\u00edderes del sector y vendedora de bollos, cuenta c\u00f3mo ese compromiso cambi\u00f3 sus vidas:<\/p>\n<p>\u201cViv\u00edamos en cambuches, con pl\u00e1stico y zinc. Cuando el gobernador vino, se conmovi\u00f3 con lo que vio. Nos prometi\u00f3 las casas y hoy, gracias a Dios y a \u00e9l, aqu\u00ed est\u00e1n. Ahora tenemos algo propio, digno y bonito.\u201d<\/p>\n<p>John Jairo Obeso Rojano, otro de los beneficiarios, tambi\u00e9n recuerda con emoci\u00f3n ese momento:<\/p>\n<p>\u201cNos dijo que nos iba a construir 31 casas, y as\u00ed fue. Cada d\u00eda ve\u00edamos avanzar la obra. Hoy estamos celebrando, porque esto no es solo una casa: es un hogar.\u201d<\/p>\n<p><img loading=\"lazy\" decoding=\"async\" class=\"alignnone size-medium wp-image-57880\" src=\"https:\/\/revistazetta.com\/wp-content\/uploads\/2025\/08\/WhatsApp-Image-2025-08-02-at-14.23.04-1-500x333.jpeg\" alt=\"\" width=\"500\" height=\"333\" srcset=\"https:\/\/revistazetta.com\/wp-content\/uploads\/2025\/08\/WhatsApp-Image-2025-08-02-at-14.23.04-1-500x333.jpeg 500w, https:\/\/revistazetta.com\/wp-content\/uploads\/2025\/08\/WhatsApp-Image-2025-08-02-at-14.23.04-1-1024x683.jpeg 1024w, https:\/\/revistazetta.com\/wp-content\/uploads\/2025\/08\/WhatsApp-Image-2025-08-02-at-14.23.04-1-243x162.jpeg 243w, https:\/\/revistazetta.com\/wp-content\/uploads\/2025\/08\/WhatsApp-Image-2025-08-02-at-14.23.04-1-1536x1024.jpeg 1536w, https:\/\/revistazetta.com\/wp-content\/uploads\/2025\/08\/WhatsApp-Image-2025-08-02-at-14.23.04-1-2048x1365.jpeg 2048w\" sizes=\"auto, (max-width: 500px) 100vw, 500px\" \/><\/p>\n<p><strong>Una comunidad que celebra unida<\/strong><\/p>\n<p>La entrega de las viviendas fue una verdadera fiesta. Las familias decoraron sus nuevas casas, prepararon comida, bailaron y cantaron. Fue un d\u00eda para la memoria, la alegr\u00eda compartida y el agradecimiento.<\/p>\n<p>Las propias familias participaron en parte del proceso constructivo, lo que fortaleci\u00f3 el sentido de pertenencia. Muchos ayudaron a levantar paredes, pintar fachadas y organizar el entorno.<\/p>\n<p>\u201cAqu\u00ed pusimos coraz\u00f3n y manos. Por eso sentimos que esto es nuestro, de verdad,\u201d expres\u00f3 Obeso.<\/p>\n<p>El barrio fue nombrado por la comunidad como Villa Arana, en honor al gobernador que cumpli\u00f3 su palabra.<\/p>\n<p><img loading=\"lazy\" decoding=\"async\" class=\"alignnone size-medium wp-image-57881\" src=\"https:\/\/revistazetta.com\/wp-content\/uploads\/2025\/08\/WhatsApp-Image-2025-08-02-at-14.23.05-1-487x333.jpeg\" alt=\"\" width=\"487\" height=\"333\" srcset=\"https:\/\/revistazetta.com\/wp-content\/uploads\/2025\/08\/WhatsApp-Image-2025-08-02-at-14.23.05-1-487x333.jpeg 487w, https:\/\/revistazetta.com\/wp-content\/uploads\/2025\/08\/WhatsApp-Image-2025-08-02-at-14.23.05-1-1024x700.jpeg 1024w, https:\/\/revistazetta.com\/wp-content\/uploads\/2025\/08\/WhatsApp-Image-2025-08-02-at-14.23.05-1-237x162.jpeg 237w, https:\/\/revistazetta.com\/wp-content\/uploads\/2025\/08\/WhatsApp-Image-2025-08-02-at-14.23.05-1-1536x1050.jpeg 1536w, https:\/\/revistazetta.com\/wp-content\/uploads\/2025\/08\/WhatsApp-Image-2025-08-02-at-14.23.05-1-2048x1401.jpeg 2048w\" sizes=\"auto, (max-width: 487px) 100vw, 487px\" \/><\/p>\n<p><strong>Turismo, arte y transformaci\u00f3n<\/strong><\/p>\n<p>M\u00e1s all\u00e1 de la infraestructura, Villa Arana es hoy un referente de transformaci\u00f3n urbana y cultural. Sus murales, su historia de superaci\u00f3n y su ambiente festivo lo proyectan como un destino emergente de turismo comunitario.<\/p>\n<p>La alegr\u00eda contagiosa, las fachadas coloridas y el esp\u00edritu colaborativo hacen de este barrio algo \u00fanico en el sur de Bol\u00edvar.<\/p>\n<p><img loading=\"lazy\" decoding=\"async\" class=\"alignnone size-medium wp-image-57883\" src=\"https:\/\/revistazetta.com\/wp-content\/uploads\/2025\/08\/WhatsApp-Image-2025-08-02-at-14.23.07-500x333.jpeg\" alt=\"\" width=\"500\" height=\"333\" srcset=\"https:\/\/revistazetta.com\/wp-content\/uploads\/2025\/08\/WhatsApp-Image-2025-08-02-at-14.23.07-500x333.jpeg 500w, https:\/\/revistazetta.com\/wp-content\/uploads\/2025\/08\/WhatsApp-Image-2025-08-02-at-14.23.07-1024x683.jpeg 1024w, https:\/\/revistazetta.com\/wp-content\/uploads\/2025\/08\/WhatsApp-Image-2025-08-02-at-14.23.07-243x162.jpeg 243w, https:\/\/revistazetta.com\/wp-content\/uploads\/2025\/08\/WhatsApp-Image-2025-08-02-at-14.23.07-1536x1024.jpeg 1536w, https:\/\/revistazetta.com\/wp-content\/uploads\/2025\/08\/WhatsApp-Image-2025-08-02-at-14.23.07-2048x1365.jpeg 2048w\" sizes=\"auto, (max-width: 500px) 100vw, 500px\" \/><\/p>\n<p><strong>Un nuevo comienzo<\/strong><\/p>\n<p>Durante el acto de entrega, el gobernador Yamil Arana anunci\u00f3 que el pr\u00f3ximo 14 de agosto se adjudicar\u00e1 la pavimentaci\u00f3n de la calle principal del sector, lo que mejorar\u00e1 a\u00fan m\u00e1s la movilidad y el desarrollo del nuevo barrio.<\/p>\n<p>Jair Tu\u00f1\u00f3n Arroyo, director de Vivienda de Bol\u00edvar, destac\u00f3:<\/p>\n<p>\u201cEstas 31 viviendas son el presente y el futuro de familias que hoy vivir\u00e1n dignamente. El gobernador vino, escuch\u00f3 y actu\u00f3. Esto es gobernar con el coraz\u00f3n\u201d.<\/p>\n<p><img loading=\"lazy\" decoding=\"async\" class=\"alignnone size-medium wp-image-57877\" src=\"https:\/\/revistazetta.com\/wp-content\/uploads\/2025\/08\/WhatsApp-Image-2025-08-02-at-14.23.01-1-500x333.jpeg\" alt=\"\" width=\"500\" height=\"333\" srcset=\"https:\/\/revistazetta.com\/wp-content\/uploads\/2025\/08\/WhatsApp-Image-2025-08-02-at-14.23.01-1-500x333.jpeg 500w, https:\/\/revistazetta.com\/wp-content\/uploads\/2025\/08\/WhatsApp-Image-2025-08-02-at-14.23.01-1-1024x683.jpeg 1024w, https:\/\/revistazetta.com\/wp-content\/uploads\/2025\/08\/WhatsApp-Image-2025-08-02-at-14.23.01-1-243x162.jpeg 243w, https:\/\/revistazetta.com\/wp-content\/uploads\/2025\/08\/WhatsApp-Image-2025-08-02-at-14.23.01-1-1536x1024.jpeg 1536w, https:\/\/revistazetta.com\/wp-content\/uploads\/2025\/08\/WhatsApp-Image-2025-08-02-at-14.23.01-1-2048x1365.jpeg 2048w\" sizes=\"auto, (max-width: 500px) 100vw, 500px\" \/><\/p>\n<p><strong>Rafael Rodr\u00edguez, alcalde de San Crist\u00f3bal, agreg\u00f3:<\/strong><\/p>\n<p>\u201cHoy estas familias dejan atr\u00e1s el dolor y la informalidad, para vivir en un barrio digno, bonito y alegre. Gracias gobernador por este acto de justicia social\u201d, puntualiz\u00f3.<\/p>\n<p>&nbsp;<\/p>\n<p>Aspecto anterior a la intervenci\u00f3n del gobernador Yamil Arana:<\/p>\n<p><img loading=\"lazy\" decoding=\"async\" class=\"alignnone size-medium wp-image-57885\" src=\"https:\/\/revistazetta.com\/wp-content\/uploads\/2025\/08\/WhatsApp-Image-2025-08-02-at-14.31.07-444x333.jpeg\" alt=\"\" width=\"444\" height=\"333\" srcset=\"https:\/\/revistazetta.com\/wp-content\/uploads\/2025\/08\/WhatsApp-Image-2025-08-02-at-14.31.07-444x333.jpeg 444w, https:\/\/revistazetta.com\/wp-content\/uploads\/2025\/08\/WhatsApp-Image-2025-08-02-at-14.31.07-1024x768.jpeg 1024w, https:\/\/revistazetta.com\/wp-content\/uploads\/2025\/08\/WhatsApp-Image-2025-08-02-at-14.31.07-216x162.jpeg 216w, https:\/\/revistazetta.com\/wp-content\/uploads\/2025\/08\/WhatsApp-Image-2025-08-02-at-14.31.07-1536x1152.jpeg 1536w, https:\/\/revistazetta.com\/wp-content\/uploads\/2025\/08\/WhatsApp-Image-2025-08-02-at-14.31.07-2048x1536.jpeg 2048w\" sizes=\"auto, (max-width: 444px) 100vw, 444px\" \/><\/p>\n<p><img loading=\"lazy\" decoding=\"async\" class=\"alignnone size-medium wp-image-57886\" src=\"https:\/\/revistazetta.com\/wp-content\/uploads\/2025\/08\/WhatsApp-Image-2025-08-02-at-14.31.13-444x333.jpeg\" alt=\"\" width=\"444\" height=\"333\" srcset=\"https:\/\/revistazetta.com\/wp-content\/uploads\/2025\/08\/WhatsApp-Image-2025-08-02-at-14.31.13-444x333.jpeg 444w, https:\/\/revistazetta.com\/wp-content\/uploads\/2025\/08\/WhatsApp-Image-2025-08-02-at-14.31.13-1024x768.jpeg 1024w, https:\/\/revistazetta.com\/wp-content\/uploads\/2025\/08\/WhatsApp-Image-2025-08-02-at-14.31.13-216x162.jpeg 216w, https:\/\/revistazetta.com\/wp-content\/uploads\/2025\/08\/WhatsApp-Image-2025-08-02-at-14.31.13-1536x1152.jpeg 1536w, https:\/\/revistazetta.com\/wp-content\/uploads\/2025\/08\/WhatsApp-Image-2025-08-02-at-14.31.13-2048x1536.jpeg 2048w\" sizes=\"auto, (max-width: 444px) 100vw, 444px\" \/><\/p>\n","protected":false},"excerpt":{"rendered":"<p>San Crist\u00f3bal, Bol\u00edvar.- 3 de agosto de 2025.- En medio de m\u00fasica, baile y rostros felices, el gobernador de Bol\u00edvar, Yamil Arana Padau\u00ed, entreg\u00f3 las llaves de sus nuevas viviendas a 31 familias vulnerables que viv\u00edan en condiciones precarias en el sector de Villa Estadio, municipio de San Crist\u00f3bal. Fue una jornada llena de color y emoci\u00f3n. Con tambores, palmas, abrazos y l\u00e1grimas de alegr\u00eda, las familias celebraron no solo el estreno de un nuevo hogar, sino el inicio de una vida m\u00e1s digna. As\u00ed naci\u00f3 Villa Arana, el nuevo&#8230; <\/p>\n","protected":false},"author":3,"featured_media":57876,"comment_status":"closed","ping_status":"closed","sticky":false,"template":"","format":"standard","meta":{"footnotes":"","_links_to":"","_links_to_target":""},"categories":[33,1450,80],"tags":[73,285,300,583],"class_list":["post-57875","post","type-post","status-publish","format-standard","has-post-thumbnail","hentry","category-actualidad-bolivar","category-parasladers","category-region","tag-bolivar","tag-destacada","tag-region","tag-yamil-arana"],"_links":{"self":[{"href":"https:\/\/revistazetta.com\/index.php?rest_route=\/wp\/v2\/posts\/57875","targetHints":{"allow":["GET"]}}],"collection":[{"href":"https:\/\/revistazetta.com\/index.php?rest_route=\/wp\/v2\/posts"}],"about":[{"href":"https:\/\/revistazetta.com\/index.php?rest_route=\/wp\/v2\/types\/post"}],"author":[{"embeddable":true,"href":"https:\/\/revistazetta.com\/index.php?rest_route=\/wp\/v2\/users\/3"}],"replies":[{"embeddable":true,"href":"https:\/\/revistazetta.com\/index.php?rest_route=%2Fwp%2Fv2%2Fcomments&post=57875"}],"version-history":[{"count":0,"href":"https:\/\/revistazetta.com\/index.php?rest_route=\/wp\/v2\/posts\/57875\/revisions"}],"wp:featuredmedia":[{"embeddable":true,"href":"https:\/\/revistazetta.com\/index.php?rest_route=\/wp\/v2\/media\/57876"}],"wp:attachment":[{"href":"https:\/\/revistazetta.com\/index.php?rest_route=%2Fwp%2Fv2%2Fmedia&parent=57875"}],"wp:term":[{"taxonomy":"category","embeddable":true,"href":"https:\/\/revistazetta.com\/index.php?rest_route=%2Fwp%2Fv2%2Fcategories&post=57875"},{"taxonomy":"post_tag","embeddable":true,"href":"https:\/\/revistazetta.com\/index.php?rest_route=%2Fwp%2Fv2%2Ftags&post=57875"}],"curies":[{"name":"wp","href":"https:\/\/api.w.org\/{rel}","templated":true}]}}