{"id":57887,"date":"2025-08-04T06:24:51","date_gmt":"2025-08-04T11:24:51","guid":{"rendered":"https:\/\/revistazetta.com\/?p=57887"},"modified":"2025-08-04T06:24:51","modified_gmt":"2025-08-04T11:24:51","slug":"delaaalazetta-fernando-nino-rebeldia-conservadora","status":"publish","type":"post","link":"https:\/\/revistazetta.com\/?p=57887","title":{"rendered":"#DelaAalaZetta \/ Fernando Ni\u00f1o: Rebeld\u00eda conservadora"},"content":{"rendered":"<p><strong>Cartagena de Indias, 4 de agosto de 2025.-<\/strong> Fernando Ni\u00f1o Mendoza estar\u00e1 en el tarjet\u00f3n de marzo 2026 en busca de la reelecci\u00f3n como Representante a la C\u00e1mara por Bol\u00edvar, pero esta vez en condiciones muy distintas a las de su primera elecci\u00f3n: en \u201cautonom\u00eda\u201d.<\/p>\n<p>Alejado de la Casa Montes, cercano al actual gobierno nacional en lo que se puede etiquetar como \u201cgodopetrismo\u201d, y con nuevas alianzas, expresa que por eso le dicen el \u201crebelde del conservatismo\u201d. Se\u00f1ala que hay que \u201cromper las cadenas de los imperios\u201d y que los dos cupos que quedan en la lista conservadora deben ser ocupados por personas provenientes del conservatismo, en clara alusi\u00f3n a quienes han militado en otras colectividades y ahora aterrizan en toldas azules.<\/p>\n<p><img loading=\"lazy\" decoding=\"async\" class=\"alignnone size-medium wp-image-57889\" src=\"https:\/\/revistazetta.com\/wp-content\/uploads\/2025\/08\/FN-2-500x281.jpg\" alt=\"\" width=\"500\" height=\"281\" srcset=\"https:\/\/revistazetta.com\/wp-content\/uploads\/2025\/08\/FN-2-500x281.jpg 500w, https:\/\/revistazetta.com\/wp-content\/uploads\/2025\/08\/FN-2-1024x576.jpg 1024w, https:\/\/revistazetta.com\/wp-content\/uploads\/2025\/08\/FN-2-250x141.jpg 250w, https:\/\/revistazetta.com\/wp-content\/uploads\/2025\/08\/FN-2-1536x864.jpg 1536w, https:\/\/revistazetta.com\/wp-content\/uploads\/2025\/08\/FN-2-2048x1153.jpg 2048w\" sizes=\"auto, (max-width: 500px) 100vw, 500px\" \/><\/p>\n<p>Tal vez por su car\u00e1cter rebelde escogi\u00f3 el \u201cpasito tun tun\u201d<span class=\"Apple-converted-space\">\u00a0 <\/span>para cantar en esta entrevista de la sexta temporada del programa \u201cDe la A a la Zetta\u201d, con John Zamora, a trav\u00e9s de sistema informativo de Revista Zetta <a href=\"http:\/\/www.revistazetta.com\">www.revistazetta.com<\/a><\/p>\n<p>Los programas completos se pueden apreciar en nuestro canal YouTube @Revista Zetta y en nuestra cuenta de Facebook @RevistaZetta.<\/p>\n<p>Adem\u00e1s, un resumen de lo mejor de cada entrevista en los reels e historias en nuestras cuentas de Instagram @revista.zetta y TikTok @revistazetta<\/p>\n<p><iframe loading=\"lazy\" title=\"YouTube video player\" src=\"https:\/\/www.youtube.com\/embed\/DQSKkZnaOGk?si=dOCg9_tVaUe5nGnH\" width=\"560\" height=\"315\" frameborder=\"0\" allowfullscreen=\"allowfullscreen\"><\/iframe><\/p>\n<p>&nbsp;<\/p>\n<p><img loading=\"lazy\" decoding=\"async\" class=\"alignnone size-medium wp-image-57888\" src=\"https:\/\/revistazetta.com\/wp-content\/uploads\/2025\/08\/FN-1-500x281.jpg\" alt=\"\" width=\"500\" height=\"281\" srcset=\"https:\/\/revistazetta.com\/wp-content\/uploads\/2025\/08\/FN-1-500x281.jpg 500w, https:\/\/revistazetta.com\/wp-content\/uploads\/2025\/08\/FN-1-1024x576.jpg 1024w, https:\/\/revistazetta.com\/wp-content\/uploads\/2025\/08\/FN-1-250x141.jpg 250w, https:\/\/revistazetta.com\/wp-content\/uploads\/2025\/08\/FN-1-1536x864.jpg 1536w, https:\/\/revistazetta.com\/wp-content\/uploads\/2025\/08\/FN-1-2048x1153.jpg 2048w\" sizes=\"auto, (max-width: 500px) 100vw, 500px\" \/> \u00a0<img loading=\"lazy\" decoding=\"async\" class=\"alignnone size-medium wp-image-57890\" src=\"https:\/\/revistazetta.com\/wp-content\/uploads\/2025\/08\/FN-6-500x281.jpg\" alt=\"\" width=\"500\" height=\"281\" srcset=\"https:\/\/revistazetta.com\/wp-content\/uploads\/2025\/08\/FN-6-500x281.jpg 500w, https:\/\/revistazetta.com\/wp-content\/uploads\/2025\/08\/FN-6-1024x576.jpg 1024w, https:\/\/revistazetta.com\/wp-content\/uploads\/2025\/08\/FN-6-250x141.jpg 250w, https:\/\/revistazetta.com\/wp-content\/uploads\/2025\/08\/FN-6-1536x864.jpg 1536w, https:\/\/revistazetta.com\/wp-content\/uploads\/2025\/08\/FN-6-2048x1153.jpg 2048w\" sizes=\"auto, (max-width: 500px) 100vw, 500px\" \/> <img loading=\"lazy\" decoding=\"async\" class=\"alignnone size-medium wp-image-57891\" src=\"https:\/\/revistazetta.com\/wp-content\/uploads\/2025\/08\/FN-7-500x281.jpg\" alt=\"\" width=\"500\" height=\"281\" srcset=\"https:\/\/revistazetta.com\/wp-content\/uploads\/2025\/08\/FN-7-500x281.jpg 500w, https:\/\/revistazetta.com\/wp-content\/uploads\/2025\/08\/FN-7-1024x576.jpg 1024w, https:\/\/revistazetta.com\/wp-content\/uploads\/2025\/08\/FN-7-250x141.jpg 250w, https:\/\/revistazetta.com\/wp-content\/uploads\/2025\/08\/FN-7-1536x864.jpg 1536w, https:\/\/revistazetta.com\/wp-content\/uploads\/2025\/08\/FN-7-2048x1153.jpg 2048w\" sizes=\"auto, (max-width: 500px) 100vw, 500px\" \/><\/p>\n","protected":false},"excerpt":{"rendered":"<p>Cartagena de Indias, 4 de agosto de 2025.- Fernando Ni\u00f1o Mendoza estar\u00e1 en el tarjet\u00f3n de marzo 2026 en busca de la reelecci\u00f3n como Representante a la C\u00e1mara por Bol\u00edvar, pero esta vez en condiciones muy distintas a las de su primera elecci\u00f3n: en \u201cautonom\u00eda\u201d. Alejado de la Casa Montes, cercano al actual gobierno nacional en lo que se puede etiquetar como \u201cgodopetrismo\u201d, y con nuevas alianzas, expresa que por eso le dicen el \u201crebelde del conservatismo\u201d. Se\u00f1ala que hay que \u201cromper las cadenas de los imperios\u201d y que los&#8230; <\/p>\n","protected":false},"author":3,"featured_media":57892,"comment_status":"closed","ping_status":"closed","sticky":false,"template":"","format":"standard","meta":{"footnotes":"","_links_to":"","_links_to_target":""},"categories":[1344,1450],"tags":[549,285,423,115,454],"class_list":["post-57887","post","type-post","status-publish","format-standard","has-post-thumbnail","hentry","category-de-la-a-a-la-zetta","category-parasladers","tag-de-la-a-a-la-zetta","tag-destacada","tag-fernando-nino","tag-john-zamora","tag-partido-conservador"],"_links":{"self":[{"href":"https:\/\/revistazetta.com\/index.php?rest_route=\/wp\/v2\/posts\/57887","targetHints":{"allow":["GET"]}}],"collection":[{"href":"https:\/\/revistazetta.com\/index.php?rest_route=\/wp\/v2\/posts"}],"about":[{"href":"https:\/\/revistazetta.com\/index.php?rest_route=\/wp\/v2\/types\/post"}],"author":[{"embeddable":true,"href":"https:\/\/revistazetta.com\/index.php?rest_route=\/wp\/v2\/users\/3"}],"replies":[{"embeddable":true,"href":"https:\/\/revistazetta.com\/index.php?rest_route=%2Fwp%2Fv2%2Fcomments&post=57887"}],"version-history":[{"count":0,"href":"https:\/\/revistazetta.com\/index.php?rest_route=\/wp\/v2\/posts\/57887\/revisions"}],"wp:featuredmedia":[{"embeddable":true,"href":"https:\/\/revistazetta.com\/index.php?rest_route=\/wp\/v2\/media\/57892"}],"wp:attachment":[{"href":"https:\/\/revistazetta.com\/index.php?rest_route=%2Fwp%2Fv2%2Fmedia&parent=57887"}],"wp:term":[{"taxonomy":"category","embeddable":true,"href":"https:\/\/revistazetta.com\/index.php?rest_route=%2Fwp%2Fv2%2Fcategories&post=57887"},{"taxonomy":"post_tag","embeddable":true,"href":"https:\/\/revistazetta.com\/index.php?rest_route=%2Fwp%2Fv2%2Ftags&post=57887"}],"curies":[{"name":"wp","href":"https:\/\/api.w.org\/{rel}","templated":true}]}}