{"id":57930,"date":"2025-08-08T15:58:36","date_gmt":"2025-08-08T20:58:36","guid":{"rendered":"https:\/\/revistazetta.com\/?p=57930"},"modified":"2025-08-08T15:58:36","modified_gmt":"2025-08-08T20:58:36","slug":"bolivar-se-unio-para-ayudar-a-nuestros-hermanos-del-sur-gobernador-despacho-mas-de-15-toneladas-de-ayudas","status":"publish","type":"post","link":"https:\/\/revistazetta.com\/?p=57930","title":{"rendered":"\u201cBol\u00edvar se uni\u00f3 para ayudar a nuestros hermanos del sur\u201d: Gobernador despach\u00f3 m\u00e1s de 15 toneladas de ayudas"},"content":{"rendered":"<div><strong>Turbaco, Bol\u00edvar, 8 de agosto de 2025.-<\/strong> El gobernador de Bol\u00edvar, Yamil Arana Padau\u00ed, lider\u00f3 este viernes la salida de m\u00e1s de 15 toneladas de ayuda humanitaria para las comunidades de Santa Rosa del Sur y la zona rural de Montecristo, afectadas por el confinamiento forzado impuesto por el grupo terrorista Eln durante 18 d\u00edas.<\/div>\n<div><\/div>\n<div>\u201cHoy no solo llevamos alimentos y medicinas; llevamos esperanza. Llevamos el coraz\u00f3n de todos los bolivarenses a nuestros hermanos que han vivido d\u00edas de miedo, encierro y necesidad. Vamos con fuerza, con dignidad, y con la firme decisi\u00f3n de no abandonarlos\u201d, afirm\u00f3 el mandatario al dar la partida de la caravana.<\/div>\n<div><img loading=\"lazy\" decoding=\"async\" class=\"alignnone size-medium wp-image-57932\" src=\"https:\/\/revistazetta.com\/wp-content\/uploads\/2025\/08\/WhatsApp-Image-2025-08-08-at-12.40.17-1-500x333.jpeg\" alt=\"\" width=\"500\" height=\"333\" srcset=\"https:\/\/revistazetta.com\/wp-content\/uploads\/2025\/08\/WhatsApp-Image-2025-08-08-at-12.40.17-1-500x333.jpeg 500w, https:\/\/revistazetta.com\/wp-content\/uploads\/2025\/08\/WhatsApp-Image-2025-08-08-at-12.40.17-1-1024x683.jpeg 1024w, https:\/\/revistazetta.com\/wp-content\/uploads\/2025\/08\/WhatsApp-Image-2025-08-08-at-12.40.17-1-243x162.jpeg 243w, https:\/\/revistazetta.com\/wp-content\/uploads\/2025\/08\/WhatsApp-Image-2025-08-08-at-12.40.17-1-1536x1024.jpeg 1536w, https:\/\/revistazetta.com\/wp-content\/uploads\/2025\/08\/WhatsApp-Image-2025-08-08-at-12.40.17-1-2048x1365.jpeg 2048w\" sizes=\"auto, (max-width: 500px) 100vw, 500px\" \/><\/div>\n<div><\/div>\n<div>La emergencia humanitaria dej\u00f3 a cientos de familias sin acceso a alimentos, medicamentos ni servicios b\u00e1sicos. Ante esta situaci\u00f3n, la Gobernaci\u00f3n, en coordinaci\u00f3n con la Fuerza P\u00fablica y el apoyo de distintos sectores, organiz\u00f3 el env\u00edo que incluye:<\/div>\n<div>\u2022 1.200 mercados con alimentos esenciales<\/div>\n<div>\u2022 3 toneladas de v\u00edveres recolectados en los Montes de Mar\u00eda<\/div>\n<div>\u2022 2.000 pares de zapatos entregados por la DIAN<\/div>\n<div>\u2022 Kits de aseo, cocina, medicamentos y productos de primera necesidad<\/div>\n<div><\/div>\n<div><img loading=\"lazy\" decoding=\"async\" class=\"alignnone size-medium wp-image-57933\" src=\"https:\/\/revistazetta.com\/wp-content\/uploads\/2025\/08\/WhatsApp-Image-2025-08-08-at-12.40.17-500x333.jpeg\" alt=\"\" width=\"500\" height=\"333\" srcset=\"https:\/\/revistazetta.com\/wp-content\/uploads\/2025\/08\/WhatsApp-Image-2025-08-08-at-12.40.17-500x333.jpeg 500w, https:\/\/revistazetta.com\/wp-content\/uploads\/2025\/08\/WhatsApp-Image-2025-08-08-at-12.40.17-1024x683.jpeg 1024w, https:\/\/revistazetta.com\/wp-content\/uploads\/2025\/08\/WhatsApp-Image-2025-08-08-at-12.40.17-243x162.jpeg 243w, https:\/\/revistazetta.com\/wp-content\/uploads\/2025\/08\/WhatsApp-Image-2025-08-08-at-12.40.17-1536x1024.jpeg 1536w, https:\/\/revistazetta.com\/wp-content\/uploads\/2025\/08\/WhatsApp-Image-2025-08-08-at-12.40.17-2048x1365.jpeg 2048w\" sizes=\"auto, (max-width: 500px) 100vw, 500px\" \/><\/div>\n<div><\/div>\n<div>La caravana cuenta con escolta de Fuerzas Militares y Polic\u00eda para garantizar su llegada a las zonas afectadas.<\/div>\n<div><\/div>\n<div>Aunque el Eln levant\u00f3 el paro armado, las consecuencias de la crisis persisten. El gobernador hizo un llamado al Gobierno Nacional para que esta entrega sea el inicio de una intervenci\u00f3n estructural en el territorio, con inversiones en educaci\u00f3n, salud, v\u00edas, empleo, desarrollo rural y seguridad.<\/div>\n<div><\/div>\n<div>\u201cDesde la regi\u00f3n hacemos lo que nos corresponde y m\u00e1s, pero no podemos solos. Si de verdad queremos paz y justicia en el sur de Bol\u00edvar, necesitamos que el Gobierno Nacional act\u00fae con decisi\u00f3n y sentido humano\u201d, concluy\u00f3 Arana.<\/div>\n<div>\u00a0\u00a0<img loading=\"lazy\" decoding=\"async\" class=\"alignnone size-medium wp-image-57934\" src=\"https:\/\/revistazetta.com\/wp-content\/uploads\/2025\/08\/WhatsApp-Image-2025-08-08-at-12.40.21-500x333.jpeg\" alt=\"\" width=\"500\" height=\"333\" srcset=\"https:\/\/revistazetta.com\/wp-content\/uploads\/2025\/08\/WhatsApp-Image-2025-08-08-at-12.40.21-500x333.jpeg 500w, https:\/\/revistazetta.com\/wp-content\/uploads\/2025\/08\/WhatsApp-Image-2025-08-08-at-12.40.21-1024x683.jpeg 1024w, https:\/\/revistazetta.com\/wp-content\/uploads\/2025\/08\/WhatsApp-Image-2025-08-08-at-12.40.21-243x162.jpeg 243w, https:\/\/revistazetta.com\/wp-content\/uploads\/2025\/08\/WhatsApp-Image-2025-08-08-at-12.40.21-1536x1024.jpeg 1536w, https:\/\/revistazetta.com\/wp-content\/uploads\/2025\/08\/WhatsApp-Image-2025-08-08-at-12.40.21-2048x1365.jpeg 2048w\" sizes=\"auto, (max-width: 500px) 100vw, 500px\" \/> <img loading=\"lazy\" decoding=\"async\" class=\"alignnone size-medium wp-image-57935\" src=\"https:\/\/revistazetta.com\/wp-content\/uploads\/2025\/08\/WhatsApp-Image-2025-08-08-at-12.40.22-500x297.jpeg\" alt=\"\" width=\"500\" height=\"297\" srcset=\"https:\/\/revistazetta.com\/wp-content\/uploads\/2025\/08\/WhatsApp-Image-2025-08-08-at-12.40.22-500x297.jpeg 500w, https:\/\/revistazetta.com\/wp-content\/uploads\/2025\/08\/WhatsApp-Image-2025-08-08-at-12.40.22-1024x609.jpeg 1024w, https:\/\/revistazetta.com\/wp-content\/uploads\/2025\/08\/WhatsApp-Image-2025-08-08-at-12.40.22-250x149.jpeg 250w, https:\/\/revistazetta.com\/wp-content\/uploads\/2025\/08\/WhatsApp-Image-2025-08-08-at-12.40.22-1536x913.jpeg 1536w, https:\/\/revistazetta.com\/wp-content\/uploads\/2025\/08\/WhatsApp-Image-2025-08-08-at-12.40.22-2048x1217.jpeg 2048w\" sizes=\"auto, (max-width: 500px) 100vw, 500px\" \/> \u00a0<img loading=\"lazy\" decoding=\"async\" class=\"alignnone size-medium wp-image-57937\" src=\"https:\/\/revistazetta.com\/wp-content\/uploads\/2025\/08\/WhatsApp-Image-2025-08-08-at-12.41.04-500x333.jpeg\" alt=\"\" width=\"500\" height=\"333\" srcset=\"https:\/\/revistazetta.com\/wp-content\/uploads\/2025\/08\/WhatsApp-Image-2025-08-08-at-12.41.04-500x333.jpeg 500w, https:\/\/revistazetta.com\/wp-content\/uploads\/2025\/08\/WhatsApp-Image-2025-08-08-at-12.41.04-1024x683.jpeg 1024w, https:\/\/revistazetta.com\/wp-content\/uploads\/2025\/08\/WhatsApp-Image-2025-08-08-at-12.41.04-243x162.jpeg 243w, https:\/\/revistazetta.com\/wp-content\/uploads\/2025\/08\/WhatsApp-Image-2025-08-08-at-12.41.04-1536x1024.jpeg 1536w, https:\/\/revistazetta.com\/wp-content\/uploads\/2025\/08\/WhatsApp-Image-2025-08-08-at-12.41.04-2048x1365.jpeg 2048w\" sizes=\"auto, (max-width: 500px) 100vw, 500px\" \/> <img loading=\"lazy\" decoding=\"async\" class=\"alignnone size-medium wp-image-57938\" src=\"https:\/\/revistazetta.com\/wp-content\/uploads\/2025\/08\/WhatsApp-Image-2025-08-08-at-12.41.05-500x333.jpeg\" alt=\"\" width=\"500\" height=\"333\" srcset=\"https:\/\/revistazetta.com\/wp-content\/uploads\/2025\/08\/WhatsApp-Image-2025-08-08-at-12.41.05-500x333.jpeg 500w, https:\/\/revistazetta.com\/wp-content\/uploads\/2025\/08\/WhatsApp-Image-2025-08-08-at-12.41.05-1024x683.jpeg 1024w, https:\/\/revistazetta.com\/wp-content\/uploads\/2025\/08\/WhatsApp-Image-2025-08-08-at-12.41.05-243x162.jpeg 243w, https:\/\/revistazetta.com\/wp-content\/uploads\/2025\/08\/WhatsApp-Image-2025-08-08-at-12.41.05-1536x1024.jpeg 1536w, https:\/\/revistazetta.com\/wp-content\/uploads\/2025\/08\/WhatsApp-Image-2025-08-08-at-12.41.05-2048x1365.jpeg 2048w\" sizes=\"auto, (max-width: 500px) 100vw, 500px\" \/><\/div>\n","protected":false},"excerpt":{"rendered":"<p>Turbaco, Bol\u00edvar, 8 de agosto de 2025.- El gobernador de Bol\u00edvar, Yamil Arana Padau\u00ed, lider\u00f3 este viernes la salida de m\u00e1s de 15 toneladas de ayuda humanitaria para las comunidades de Santa Rosa del Sur y la zona rural de Montecristo, afectadas por el confinamiento forzado impuesto por el grupo terrorista Eln durante 18 d\u00edas. \u201cHoy no solo llevamos alimentos y medicinas; llevamos esperanza. Llevamos el coraz\u00f3n de todos los bolivarenses a nuestros hermanos que han vivido d\u00edas de miedo, encierro y necesidad. Vamos con fuerza, con dignidad, y con&#8230; <\/p>\n","protected":false},"author":3,"featured_media":57931,"comment_status":"closed","ping_status":"closed","sticky":false,"template":"","format":"standard","meta":{"footnotes":"","_links_to":"","_links_to_target":""},"categories":[33,1450,80],"tags":[73,285,300,583],"class_list":["post-57930","post","type-post","status-publish","format-standard","has-post-thumbnail","hentry","category-actualidad-bolivar","category-parasladers","category-region","tag-bolivar","tag-destacada","tag-region","tag-yamil-arana"],"_links":{"self":[{"href":"https:\/\/revistazetta.com\/index.php?rest_route=\/wp\/v2\/posts\/57930","targetHints":{"allow":["GET"]}}],"collection":[{"href":"https:\/\/revistazetta.com\/index.php?rest_route=\/wp\/v2\/posts"}],"about":[{"href":"https:\/\/revistazetta.com\/index.php?rest_route=\/wp\/v2\/types\/post"}],"author":[{"embeddable":true,"href":"https:\/\/revistazetta.com\/index.php?rest_route=\/wp\/v2\/users\/3"}],"replies":[{"embeddable":true,"href":"https:\/\/revistazetta.com\/index.php?rest_route=%2Fwp%2Fv2%2Fcomments&post=57930"}],"version-history":[{"count":0,"href":"https:\/\/revistazetta.com\/index.php?rest_route=\/wp\/v2\/posts\/57930\/revisions"}],"wp:featuredmedia":[{"embeddable":true,"href":"https:\/\/revistazetta.com\/index.php?rest_route=\/wp\/v2\/media\/57931"}],"wp:attachment":[{"href":"https:\/\/revistazetta.com\/index.php?rest_route=%2Fwp%2Fv2%2Fmedia&parent=57930"}],"wp:term":[{"taxonomy":"category","embeddable":true,"href":"https:\/\/revistazetta.com\/index.php?rest_route=%2Fwp%2Fv2%2Fcategories&post=57930"},{"taxonomy":"post_tag","embeddable":true,"href":"https:\/\/revistazetta.com\/index.php?rest_route=%2Fwp%2Fv2%2Ftags&post=57930"}],"curies":[{"name":"wp","href":"https:\/\/api.w.org\/{rel}","templated":true}]}}