{"id":57939,"date":"2025-08-10T12:22:28","date_gmt":"2025-08-10T17:22:28","guid":{"rendered":"https:\/\/revistazetta.com\/?p=57939"},"modified":"2025-08-10T13:33:40","modified_gmt":"2025-08-10T18:33:40","slug":"delaaalazetta-juan-arraut-rector-de-umayor-educar-con-calidad-y-pasion-para-una-nueva-generacion","status":"publish","type":"post","link":"https:\/\/revistazetta.com\/?p=57939","title":{"rendered":"#DelaAalaZetta \/ Juan Arraut, rector de UMayor: educar con calidad y pasi\u00f3n para una nueva generaci\u00f3n"},"content":{"rendered":"<p><strong>Cartagena de Indias, 10 de agosto de 2025.-\u00a0<\/strong>Juan Arraut Camargo lleva tres d\u00e9cadas consagrado a la educaci\u00f3n superior. Como publicista, lleg\u00f3 al entonces Colegio Mayor de Bol\u00edvar, hoy UMayor, donde hizo carrera como docente hasta escalar al principal cargo: Rector.<\/p>\n<p>Hace tres a\u00f1os, al llegar a la Rector\u00eda, la instituci\u00f3n albergaba a 1.400 estudiantes, y hoy ya tiene m\u00e1s de cinco mil; ten\u00eda 13 programas y ha llegado a 28, lo que habla de su gesti\u00f3n.<\/p>\n<p><img loading=\"lazy\" decoding=\"async\" class=\"alignnone size-medium wp-image-57940\" src=\"https:\/\/revistazetta.com\/wp-content\/uploads\/2025\/08\/Revista-Zetta-Juan-Arraut-2-500x281.jpg\" alt=\"\" width=\"500\" height=\"281\" srcset=\"https:\/\/revistazetta.com\/wp-content\/uploads\/2025\/08\/Revista-Zetta-Juan-Arraut-2-500x281.jpg 500w, https:\/\/revistazetta.com\/wp-content\/uploads\/2025\/08\/Revista-Zetta-Juan-Arraut-2-1024x576.jpg 1024w, https:\/\/revistazetta.com\/wp-content\/uploads\/2025\/08\/Revista-Zetta-Juan-Arraut-2-250x141.jpg 250w, https:\/\/revistazetta.com\/wp-content\/uploads\/2025\/08\/Revista-Zetta-Juan-Arraut-2-1536x864.jpg 1536w, https:\/\/revistazetta.com\/wp-content\/uploads\/2025\/08\/Revista-Zetta-Juan-Arraut-2.jpg 1920w\" sizes=\"auto, (max-width: 500px) 100vw, 500px\" \/><\/p>\n<p>Arraut se regocija cuando sus alumnos llegan a profesionales y reconocen la calidad educativa recibida en UMayor. Tiene la pol\u00edtica de \u201cvolver a casa\u201d, para que los egresados se reincorporen como docentes o administrativos.<\/p>\n<p>Con su personalidad jovial y en\u00e9rgica, Arraut se declara \u201cdiomedista\u201d y cant\u00f3 \u201cLa Juntera\u201d, un tema con el que obsequi\u00f3 serenatas juveniles en el barrio Pie de la Popa.<\/p>\n<p>Juan Arraut Camargo es invitado especial en la sexta temporada del programa de entrevistas musicales \u201cDe la A a la Zetta\u201d, con John Zamora, a trav\u00e9s de sistema informativo de Revista Zetta <a href=\"http:\/\/www.revistazetta.com\">www.revistazetta.com<\/a><\/p>\n<p>Los programas completos se pueden apreciar en nuestro canal YouTube @Revista Zetta y en nuestra cuenta de Facebook @RevistaZetta.<\/p>\n<p>Adem\u00e1s, un resumen de lo mejor de cada entrevista en los reels e historias en nuestras cuentas de Instagram @revista.zetta y TikTok @revistazetta<\/p>\n<p><iframe loading=\"lazy\" title=\"YouTube video player\" src=\"https:\/\/www.youtube.com\/embed\/JKcLb7N7eyU?si=cXkBc9w02qgI99Ec\" width=\"560\" height=\"315\" frameborder=\"0\" allowfullscreen=\"allowfullscreen\"><\/iframe><\/p>\n<p><img loading=\"lazy\" decoding=\"async\" class=\"alignnone size-medium wp-image-57941\" src=\"https:\/\/revistazetta.com\/wp-content\/uploads\/2025\/08\/Revista-Zetta-Juan-Arraut-3-500x281.jpg\" alt=\"\" width=\"500\" height=\"281\" srcset=\"https:\/\/revistazetta.com\/wp-content\/uploads\/2025\/08\/Revista-Zetta-Juan-Arraut-3-500x281.jpg 500w, https:\/\/revistazetta.com\/wp-content\/uploads\/2025\/08\/Revista-Zetta-Juan-Arraut-3-1024x576.jpg 1024w, https:\/\/revistazetta.com\/wp-content\/uploads\/2025\/08\/Revista-Zetta-Juan-Arraut-3-250x141.jpg 250w, https:\/\/revistazetta.com\/wp-content\/uploads\/2025\/08\/Revista-Zetta-Juan-Arraut-3-1536x864.jpg 1536w, https:\/\/revistazetta.com\/wp-content\/uploads\/2025\/08\/Revista-Zetta-Juan-Arraut-3.jpg 1920w\" sizes=\"auto, (max-width: 500px) 100vw, 500px\" \/> <img loading=\"lazy\" decoding=\"async\" class=\"alignnone size-medium wp-image-57942\" src=\"https:\/\/revistazetta.com\/wp-content\/uploads\/2025\/08\/Revista-Zetta-Juan-Arraut-4-500x281.jpg\" alt=\"\" width=\"500\" height=\"281\" srcset=\"https:\/\/revistazetta.com\/wp-content\/uploads\/2025\/08\/Revista-Zetta-Juan-Arraut-4-500x281.jpg 500w, https:\/\/revistazetta.com\/wp-content\/uploads\/2025\/08\/Revista-Zetta-Juan-Arraut-4-1024x576.jpg 1024w, https:\/\/revistazetta.com\/wp-content\/uploads\/2025\/08\/Revista-Zetta-Juan-Arraut-4-250x141.jpg 250w, https:\/\/revistazetta.com\/wp-content\/uploads\/2025\/08\/Revista-Zetta-Juan-Arraut-4-1536x864.jpg 1536w, https:\/\/revistazetta.com\/wp-content\/uploads\/2025\/08\/Revista-Zetta-Juan-Arraut-4.jpg 1920w\" sizes=\"auto, (max-width: 500px) 100vw, 500px\" \/> <img loading=\"lazy\" decoding=\"async\" class=\"alignnone size-medium wp-image-57943\" src=\"https:\/\/revistazetta.com\/wp-content\/uploads\/2025\/08\/Revista-Zetta-Juan-Arraut-5-500x281.jpg\" alt=\"\" width=\"500\" height=\"281\" srcset=\"https:\/\/revistazetta.com\/wp-content\/uploads\/2025\/08\/Revista-Zetta-Juan-Arraut-5-500x281.jpg 500w, https:\/\/revistazetta.com\/wp-content\/uploads\/2025\/08\/Revista-Zetta-Juan-Arraut-5-1024x576.jpg 1024w, https:\/\/revistazetta.com\/wp-content\/uploads\/2025\/08\/Revista-Zetta-Juan-Arraut-5-250x141.jpg 250w, https:\/\/revistazetta.com\/wp-content\/uploads\/2025\/08\/Revista-Zetta-Juan-Arraut-5-1536x864.jpg 1536w, https:\/\/revistazetta.com\/wp-content\/uploads\/2025\/08\/Revista-Zetta-Juan-Arraut-5.jpg 1920w\" sizes=\"auto, (max-width: 500px) 100vw, 500px\" \/><\/p>\n","protected":false},"excerpt":{"rendered":"<p>Cartagena de Indias, 10 de agosto de 2025.-\u00a0Juan Arraut Camargo lleva tres d\u00e9cadas consagrado a la educaci\u00f3n superior. Como publicista, lleg\u00f3 al entonces Colegio Mayor de Bol\u00edvar, hoy UMayor, donde hizo carrera como docente hasta escalar al principal cargo: Rector. Hace tres a\u00f1os, al llegar a la Rector\u00eda, la instituci\u00f3n albergaba a 1.400 estudiantes, y hoy ya tiene m\u00e1s de cinco mil; ten\u00eda 13 programas y ha llegado a 28, lo que habla de su gesti\u00f3n. Arraut se regocija cuando sus alumnos llegan a profesionales y reconocen la calidad educativa&#8230; <\/p>\n","protected":false},"author":3,"featured_media":57944,"comment_status":"closed","ping_status":"closed","sticky":false,"template":"","format":"standard","meta":{"footnotes":"","_links_to":"","_links_to_target":""},"categories":[1344,1450],"tags":[549,285,115,2410,776],"class_list":["post-57939","post","type-post","status-publish","format-standard","has-post-thumbnail","hentry","category-de-la-a-a-la-zetta","category-parasladers","tag-de-la-a-a-la-zetta","tag-destacada","tag-john-zamora","tag-juan-arraut","tag-umayor"],"_links":{"self":[{"href":"https:\/\/revistazetta.com\/index.php?rest_route=\/wp\/v2\/posts\/57939","targetHints":{"allow":["GET"]}}],"collection":[{"href":"https:\/\/revistazetta.com\/index.php?rest_route=\/wp\/v2\/posts"}],"about":[{"href":"https:\/\/revistazetta.com\/index.php?rest_route=\/wp\/v2\/types\/post"}],"author":[{"embeddable":true,"href":"https:\/\/revistazetta.com\/index.php?rest_route=\/wp\/v2\/users\/3"}],"replies":[{"embeddable":true,"href":"https:\/\/revistazetta.com\/index.php?rest_route=%2Fwp%2Fv2%2Fcomments&post=57939"}],"version-history":[{"count":0,"href":"https:\/\/revistazetta.com\/index.php?rest_route=\/wp\/v2\/posts\/57939\/revisions"}],"wp:featuredmedia":[{"embeddable":true,"href":"https:\/\/revistazetta.com\/index.php?rest_route=\/wp\/v2\/media\/57944"}],"wp:attachment":[{"href":"https:\/\/revistazetta.com\/index.php?rest_route=%2Fwp%2Fv2%2Fmedia&parent=57939"}],"wp:term":[{"taxonomy":"category","embeddable":true,"href":"https:\/\/revistazetta.com\/index.php?rest_route=%2Fwp%2Fv2%2Fcategories&post=57939"},{"taxonomy":"post_tag","embeddable":true,"href":"https:\/\/revistazetta.com\/index.php?rest_route=%2Fwp%2Fv2%2Ftags&post=57939"}],"curies":[{"name":"wp","href":"https:\/\/api.w.org\/{rel}","templated":true}]}}