{"id":58004,"date":"2025-08-22T10:23:29","date_gmt":"2025-08-22T15:23:29","guid":{"rendered":"https:\/\/revistazetta.com\/?p=58004"},"modified":"2025-08-22T10:25:21","modified_gmt":"2025-08-22T15:25:21","slug":"gobernador-yamil-arana-gana-premio-nacional-como-mandatario-comprometido-con-la-ninez-y-la-adolescencia","status":"publish","type":"post","link":"https:\/\/revistazetta.com\/?p=58004","title":{"rendered":"Gobernador Yamil Arana gana premio nacional como mandatario comprometido con la ni\u00f1ez y la adolescencia"},"content":{"rendered":"<p><strong>Bogot\u00e1, 22 de agosto de 2025. \u2013<\/strong> El gobernador de Bol\u00edvar, Yamil Arana Padau\u00ed, fue escogido como uno de los cinco mandatarios departamentales ganadores de la versi\u00f3n XIII del concurso \u201cGobernantes comprometidos con la ni\u00f1ez y la adolescencia 2025\u201d, en el que participaron un total de 410 inscritos de todo el pa\u00eds.<\/p>\n<p><img loading=\"lazy\" decoding=\"async\" class=\"alignnone size-medium wp-image-58008\" src=\"https:\/\/revistazetta.com\/wp-content\/uploads\/2025\/08\/WhatsApp-Image-2025-08-22-at-08.43.36-1-222x333.jpeg\" alt=\"\" width=\"222\" height=\"333\" srcset=\"https:\/\/revistazetta.com\/wp-content\/uploads\/2025\/08\/WhatsApp-Image-2025-08-22-at-08.43.36-1-222x333.jpeg 222w, https:\/\/revistazetta.com\/wp-content\/uploads\/2025\/08\/WhatsApp-Image-2025-08-22-at-08.43.36-1-683x1024.jpeg 683w, https:\/\/revistazetta.com\/wp-content\/uploads\/2025\/08\/WhatsApp-Image-2025-08-22-at-08.43.36-1-108x162.jpeg 108w, https:\/\/revistazetta.com\/wp-content\/uploads\/2025\/08\/WhatsApp-Image-2025-08-22-at-08.43.36-1-1024x1536.jpeg 1024w, https:\/\/revistazetta.com\/wp-content\/uploads\/2025\/08\/WhatsApp-Image-2025-08-22-at-08.43.36-1-1366x2048.jpeg 1366w, https:\/\/revistazetta.com\/wp-content\/uploads\/2025\/08\/WhatsApp-Image-2025-08-22-at-08.43.36-1-scaled.jpeg 1707w\" sizes=\"auto, (max-width: 222px) 100vw, 222px\" \/><\/p>\n<p>La iniciativa, liderada por la Corporaci\u00f3n Juego y Ni\u00f1ez, destac\u00f3 la gesti\u00f3n de los gobernadores que han comprendido que el juego es un derecho fundamental que contribuye al desarrollo integral de la ni\u00f1ez en sus territorios.<\/p>\n<p>\u201cReconocemos su trabajo en el marco de la Celebraci\u00f3n del D\u00eda de la Ni\u00f1ez, movilizando los Carnavales del Juego por la Ni\u00f1ez en el departamento de Bol\u00edvar. Su gesti\u00f3n y liderazgo son determinantes para continuar priorizando los derechos de las ni\u00f1as, ni\u00f1os y adolescentes, en especial el derecho al juego\u201d, afirm\u00f3 Irma Salazar Montenegro, directora ejecutiva de la Corporaci\u00f3n Juego y Ni\u00f1ez.<\/p>\n<p><img loading=\"lazy\" decoding=\"async\" class=\"alignnone size-medium wp-image-58010\" src=\"https:\/\/revistazetta.com\/wp-content\/uploads\/2025\/08\/WhatsApp-Image-2025-08-22-at-08.43.37-500x333.jpeg\" alt=\"\" width=\"500\" height=\"333\" srcset=\"https:\/\/revistazetta.com\/wp-content\/uploads\/2025\/08\/WhatsApp-Image-2025-08-22-at-08.43.37-500x333.jpeg 500w, https:\/\/revistazetta.com\/wp-content\/uploads\/2025\/08\/WhatsApp-Image-2025-08-22-at-08.43.37-1024x683.jpeg 1024w, https:\/\/revistazetta.com\/wp-content\/uploads\/2025\/08\/WhatsApp-Image-2025-08-22-at-08.43.37-243x162.jpeg 243w, https:\/\/revistazetta.com\/wp-content\/uploads\/2025\/08\/WhatsApp-Image-2025-08-22-at-08.43.37-1536x1024.jpeg 1536w, https:\/\/revistazetta.com\/wp-content\/uploads\/2025\/08\/WhatsApp-Image-2025-08-22-at-08.43.37-2048x1366.jpeg 2048w\" sizes=\"auto, (max-width: 500px) 100vw, 500px\" \/><\/p>\n<p>Para la primera gestora del departamento, Angelica Salas, se trata de \u201cun reconocimiento que reafirma nuestra convicci\u00f3n de dar prioridad a los ni\u00f1os, ni\u00f1as y adolescentes, no solo en una fecha especial, sino de manera transversal en todas las pol\u00edticas y programas que impulsa la Gobernaci\u00f3n\u201d.<\/p>\n<p>En total, 18.600 ni\u00f1os, ni\u00f1as y adolescentes fueron impactados a durante la ejecuci\u00f3n de las actividades en la campa\u00f1a \u201cCarnavales del Juego por la ni\u00f1ez en Bol\u00edvar\u201d y la gran celebraci\u00f3n del D\u00eda de la Ni\u00f1ez en todo el territorio del departamento.<\/p>\n<p><img loading=\"lazy\" decoding=\"async\" class=\"alignnone size-medium wp-image-58006\" src=\"https:\/\/revistazetta.com\/wp-content\/uploads\/2025\/08\/WhatsApp-Image-2025-08-22-at-08.43.33-500x333.jpeg\" alt=\"\" width=\"500\" height=\"333\" srcset=\"https:\/\/revistazetta.com\/wp-content\/uploads\/2025\/08\/WhatsApp-Image-2025-08-22-at-08.43.33-500x333.jpeg 500w, https:\/\/revistazetta.com\/wp-content\/uploads\/2025\/08\/WhatsApp-Image-2025-08-22-at-08.43.33-1024x683.jpeg 1024w, https:\/\/revistazetta.com\/wp-content\/uploads\/2025\/08\/WhatsApp-Image-2025-08-22-at-08.43.33-243x162.jpeg 243w, https:\/\/revistazetta.com\/wp-content\/uploads\/2025\/08\/WhatsApp-Image-2025-08-22-at-08.43.33-1536x1024.jpeg 1536w, https:\/\/revistazetta.com\/wp-content\/uploads\/2025\/08\/WhatsApp-Image-2025-08-22-at-08.43.33-2048x1366.jpeg 2048w\" sizes=\"auto, (max-width: 500px) 100vw, 500px\" \/><\/p>\n<p>Bajo el liderazgo del gobernador y la primera gestora se realizaron iniciativas como Formaci\u00f3n a familias: 950 padres, madres y cuidadores capacitados en prevenci\u00f3n de violencias, crianza amorosa, estimulaci\u00f3n temprana y juego como herramienta terap\u00e9utica en 14 municipios; la Ruta 25 por Bol\u00edvar, una intervenci\u00f3n en 16 municipios con actividades l\u00fadicas y recreativas para garantizar el derecho al juego; Feria de Miniemprendedores: m\u00e1s de 100 ni\u00f1os, ni\u00f1as y adolescentes presentaron iniciativas empresariales; 20 fueron seleccionados y capacitados en emprendimiento.<\/p>\n<p>Eventos masivos como \u201cJugando en familia con el Gober y la Selecci\u00f3n Colombia Sub-17\u201d, con m\u00e1s de 1.000 ni\u00f1os, ni\u00f1as y adolescentes participantes; Bolivarland (27 de abril en Turbaco), con m\u00e1s de 10.000 asistentes; Formaci\u00f3n a actores comunitarios: 40 ollas comunitarias en barrios vulnerables de Cartagena, beneficiando a 12.000 familias y 650 l\u00edderes, entre muchos otros.<\/p>\n<p>Con este galard\u00f3n, el departamento de Bol\u00edvar reafirma su compromiso con la protecci\u00f3n, el bienestar y el desarrollo integral de la ni\u00f1ez y la adolescencia, consolid\u00e1ndose como referente nacional en la garant\u00eda de sus derechos.<\/p>\n<p><img loading=\"lazy\" decoding=\"async\" class=\"alignnone size-medium wp-image-58007\" src=\"https:\/\/revistazetta.com\/wp-content\/uploads\/2025\/08\/WhatsApp-Image-2025-08-22-at-08.43.34-500x333.jpeg\" alt=\"\" width=\"500\" height=\"333\" srcset=\"https:\/\/revistazetta.com\/wp-content\/uploads\/2025\/08\/WhatsApp-Image-2025-08-22-at-08.43.34-500x333.jpeg 500w, https:\/\/revistazetta.com\/wp-content\/uploads\/2025\/08\/WhatsApp-Image-2025-08-22-at-08.43.34-1024x683.jpeg 1024w, https:\/\/revistazetta.com\/wp-content\/uploads\/2025\/08\/WhatsApp-Image-2025-08-22-at-08.43.34-243x162.jpeg 243w, https:\/\/revistazetta.com\/wp-content\/uploads\/2025\/08\/WhatsApp-Image-2025-08-22-at-08.43.34-1536x1024.jpeg 1536w, https:\/\/revistazetta.com\/wp-content\/uploads\/2025\/08\/WhatsApp-Image-2025-08-22-at-08.43.34-2048x1366.jpeg 2048w\" sizes=\"auto, (max-width: 500px) 100vw, 500px\" \/><\/p>\n<p>&nbsp;<\/p>\n","protected":false},"excerpt":{"rendered":"<p>Bogot\u00e1, 22 de agosto de 2025. \u2013 El gobernador de Bol\u00edvar, Yamil Arana Padau\u00ed, fue escogido como uno de los cinco mandatarios departamentales ganadores de la versi\u00f3n XIII del concurso \u201cGobernantes comprometidos con la ni\u00f1ez y la adolescencia 2025\u201d, en el que participaron un total de 410 inscritos de todo el pa\u00eds. La iniciativa, liderada por la Corporaci\u00f3n Juego y Ni\u00f1ez, destac\u00f3 la gesti\u00f3n de los gobernadores que han comprendido que el juego es un derecho fundamental que contribuye al desarrollo integral de la ni\u00f1ez en sus territorios. \u201cReconocemos su&#8230; <\/p>\n","protected":false},"author":3,"featured_media":58005,"comment_status":"closed","ping_status":"closed","sticky":false,"template":"","format":"standard","meta":{"footnotes":"","_links_to":"","_links_to_target":""},"categories":[33,1450,80],"tags":[],"class_list":["post-58004","post","type-post","status-publish","format-standard","has-post-thumbnail","hentry","category-actualidad-bolivar","category-parasladers","category-region"],"_links":{"self":[{"href":"https:\/\/revistazetta.com\/index.php?rest_route=\/wp\/v2\/posts\/58004","targetHints":{"allow":["GET"]}}],"collection":[{"href":"https:\/\/revistazetta.com\/index.php?rest_route=\/wp\/v2\/posts"}],"about":[{"href":"https:\/\/revistazetta.com\/index.php?rest_route=\/wp\/v2\/types\/post"}],"author":[{"embeddable":true,"href":"https:\/\/revistazetta.com\/index.php?rest_route=\/wp\/v2\/users\/3"}],"replies":[{"embeddable":true,"href":"https:\/\/revistazetta.com\/index.php?rest_route=%2Fwp%2Fv2%2Fcomments&post=58004"}],"version-history":[{"count":0,"href":"https:\/\/revistazetta.com\/index.php?rest_route=\/wp\/v2\/posts\/58004\/revisions"}],"wp:featuredmedia":[{"embeddable":true,"href":"https:\/\/revistazetta.com\/index.php?rest_route=\/wp\/v2\/media\/58005"}],"wp:attachment":[{"href":"https:\/\/revistazetta.com\/index.php?rest_route=%2Fwp%2Fv2%2Fmedia&parent=58004"}],"wp:term":[{"taxonomy":"category","embeddable":true,"href":"https:\/\/revistazetta.com\/index.php?rest_route=%2Fwp%2Fv2%2Fcategories&post=58004"},{"taxonomy":"post_tag","embeddable":true,"href":"https:\/\/revistazetta.com\/index.php?rest_route=%2Fwp%2Fv2%2Ftags&post=58004"}],"curies":[{"name":"wp","href":"https:\/\/api.w.org\/{rel}","templated":true}]}}