{"id":58011,"date":"2025-08-22T10:53:50","date_gmt":"2025-08-22T15:53:50","guid":{"rendered":"https:\/\/revistazetta.com\/?p=58011"},"modified":"2025-08-22T10:53:50","modified_gmt":"2025-08-22T15:53:50","slug":"prometido-y-cumplido-gobernador-yamil-arana-entrego-el-nuevo-estadio-de-futbol-en-talaigua","status":"publish","type":"post","link":"https:\/\/revistazetta.com\/?p=58011","title":{"rendered":"Prometido y cumplido: Gobernador Yamil Arana entreg\u00f3 el nuevo estadio de f\u00fatbol en Talaigua"},"content":{"rendered":"<div>Talaigua, 22 agosto de 2025. \u2013 El gobernador de Bol\u00edvar, Yamil Arana Padau\u00ed, puso al servicio de la comunidad el nuevo Estadio 16 de Agosto del municipio de Talaigua, una obra emblem\u00e1tica que representa un paso hist\u00f3rico para el deporte y la recreaci\u00f3n en la regi\u00f3n.<\/div>\n<div><\/div>\n<div>Durante a\u00f1os, esta infraestructura deportiva sufri\u00f3 un notable deterioro debido al paso del tiempo y a la problem\u00e1tica de inundaciones que afectan a la zona. La remodelaci\u00f3n, impulsada por la Gobernaci\u00f3n de Bol\u00edvar, responde a la necesidad urgente de recuperar un espacio vital para el encuentro social, el desarrollo deportivo y el bienestar de los talaig\u00fceros.<\/div>\n<div><img loading=\"lazy\" decoding=\"async\" class=\"alignnone size-medium wp-image-58020\" src=\"https:\/\/revistazetta.com\/wp-content\/uploads\/2025\/08\/WhatsApp-Image-2025-08-21-at-18.31.31-1-500x333.jpeg\" alt=\"\" width=\"500\" height=\"333\" srcset=\"https:\/\/revistazetta.com\/wp-content\/uploads\/2025\/08\/WhatsApp-Image-2025-08-21-at-18.31.31-1-500x333.jpeg 500w, https:\/\/revistazetta.com\/wp-content\/uploads\/2025\/08\/WhatsApp-Image-2025-08-21-at-18.31.31-1-1024x683.jpeg 1024w, https:\/\/revistazetta.com\/wp-content\/uploads\/2025\/08\/WhatsApp-Image-2025-08-21-at-18.31.31-1-243x162.jpeg 243w, https:\/\/revistazetta.com\/wp-content\/uploads\/2025\/08\/WhatsApp-Image-2025-08-21-at-18.31.31-1-1536x1024.jpeg 1536w, https:\/\/revistazetta.com\/wp-content\/uploads\/2025\/08\/WhatsApp-Image-2025-08-21-at-18.31.31-1-2048x1366.jpeg 2048w\" sizes=\"auto, (max-width: 500px) 100vw, 500px\" \/><\/div>\n<div><\/div>\n<div>El nuevo escenario deportivo, que abarca un \u00e1rea total de 9.960 metros cuadrados, fue transformado con una intervenci\u00f3n integral que incluye:<\/div>\n<div>\u2022Cancha en grama natural para f\u00fatbol 11, con cerramiento perimetral de alto impacto, bancos t\u00e9cnicos y moderno sistema de riego.<\/div>\n<div>\u2022Grader\u00edas en concreto con silleter\u00eda para 716 espectadores, acompa\u00f1adas de camerinos, ba\u00f1os y zonas de circulaci\u00f3n.<\/div>\n<div>\u2022Sistema de iluminaci\u00f3n que permite el desarrollo de competencias en horario nocturno.<\/div>\n<div>\u2022Parque infantil y biosaludable, con 37 unidades de juegos, pensado para fomentar el deporte y la recreaci\u00f3n en todas las edades.<\/div>\n<div>\u2022Zonas verdes, zonas duras, \u00e1reas de encuentro y espacios accesibles para personas con movilidad reducida (PMR).<\/div>\n<div>\u2022Zona de parqueaderos para mayor comodidad de los asistentes.<\/div>\n<div><img loading=\"lazy\" decoding=\"async\" class=\"alignnone size-medium wp-image-58019\" src=\"https:\/\/revistazetta.com\/wp-content\/uploads\/2025\/08\/WhatsApp-Image-2025-08-21-at-18.31.30-500x333.jpeg\" alt=\"\" width=\"500\" height=\"333\" srcset=\"https:\/\/revistazetta.com\/wp-content\/uploads\/2025\/08\/WhatsApp-Image-2025-08-21-at-18.31.30-500x333.jpeg 500w, https:\/\/revistazetta.com\/wp-content\/uploads\/2025\/08\/WhatsApp-Image-2025-08-21-at-18.31.30-1024x683.jpeg 1024w, https:\/\/revistazetta.com\/wp-content\/uploads\/2025\/08\/WhatsApp-Image-2025-08-21-at-18.31.30-243x162.jpeg 243w, https:\/\/revistazetta.com\/wp-content\/uploads\/2025\/08\/WhatsApp-Image-2025-08-21-at-18.31.30-1536x1024.jpeg 1536w, https:\/\/revistazetta.com\/wp-content\/uploads\/2025\/08\/WhatsApp-Image-2025-08-21-at-18.31.30-2048x1366.jpeg 2048w\" sizes=\"auto, (max-width: 500px) 100vw, 500px\" \/><\/div>\n<div>\u201cEl nuevo Estadio 16 de Agosto es m\u00e1s que un escenario deportivo; es un espacio de encuentro, de sue\u00f1os y de oportunidades para nuestra juventud. Con esta obra, reafirmamos que el deporte es motor de inclusi\u00f3n, salud y desarrollo social en Bol\u00edvar\u201d, expres\u00f3 el gobernador Yamil Arana Padau\u00ed durante el acto de entrega.<\/div>\n<div><\/div>\n<div>Con esta intervenci\u00f3n, la Gobernaci\u00f3n de Bol\u00edvar ratifica su compromiso con la dignificaci\u00f3n de los espacios p\u00fablicos, la promoci\u00f3n del deporte y el fortalecimiento del tejido social en los municipios del departamento.<\/div>\n<div><\/div>\n<div>Adem\u00e1s, la Gobernaci\u00f3n de Bol\u00edvar adjudic\u00f3 tres estadios:<\/div>\n<div><\/div>\n<div>Clemencia, Santa Rosa del Sur y Santa Rosa de Lima. Actualmente se avanza en la construcci\u00f3n de la cancha de f\u00fatbol 11 del barril Bel\u00e9n, en San Pablo, sur de Bol\u00edvar.<\/div>\n<div><img loading=\"lazy\" decoding=\"async\" class=\"alignnone size-medium wp-image-58012\" src=\"https:\/\/revistazetta.com\/wp-content\/uploads\/2025\/08\/WhatsApp-Image-2025-08-21-at-18.31.18-500x333.jpeg\" alt=\"\" width=\"500\" height=\"333\" srcset=\"https:\/\/revistazetta.com\/wp-content\/uploads\/2025\/08\/WhatsApp-Image-2025-08-21-at-18.31.18-500x333.jpeg 500w, https:\/\/revistazetta.com\/wp-content\/uploads\/2025\/08\/WhatsApp-Image-2025-08-21-at-18.31.18-1024x683.jpeg 1024w, https:\/\/revistazetta.com\/wp-content\/uploads\/2025\/08\/WhatsApp-Image-2025-08-21-at-18.31.18-243x162.jpeg 243w, https:\/\/revistazetta.com\/wp-content\/uploads\/2025\/08\/WhatsApp-Image-2025-08-21-at-18.31.18-1536x1024.jpeg 1536w, https:\/\/revistazetta.com\/wp-content\/uploads\/2025\/08\/WhatsApp-Image-2025-08-21-at-18.31.18-2048x1366.jpeg 2048w\" sizes=\"auto, (max-width: 500px) 100vw, 500px\" \/> <img loading=\"lazy\" decoding=\"async\" class=\"alignnone size-medium wp-image-58013\" src=\"https:\/\/revistazetta.com\/wp-content\/uploads\/2025\/08\/WhatsApp-Image-2025-08-21-at-18.31.23-500x333.jpeg\" alt=\"\" width=\"500\" height=\"333\" srcset=\"https:\/\/revistazetta.com\/wp-content\/uploads\/2025\/08\/WhatsApp-Image-2025-08-21-at-18.31.23-500x333.jpeg 500w, https:\/\/revistazetta.com\/wp-content\/uploads\/2025\/08\/WhatsApp-Image-2025-08-21-at-18.31.23-1024x683.jpeg 1024w, https:\/\/revistazetta.com\/wp-content\/uploads\/2025\/08\/WhatsApp-Image-2025-08-21-at-18.31.23-243x162.jpeg 243w, https:\/\/revistazetta.com\/wp-content\/uploads\/2025\/08\/WhatsApp-Image-2025-08-21-at-18.31.23-1536x1024.jpeg 1536w, https:\/\/revistazetta.com\/wp-content\/uploads\/2025\/08\/WhatsApp-Image-2025-08-21-at-18.31.23-2048x1366.jpeg 2048w\" sizes=\"auto, (max-width: 500px) 100vw, 500px\" \/> <img loading=\"lazy\" decoding=\"async\" class=\"alignnone size-medium wp-image-58014\" src=\"https:\/\/revistazetta.com\/wp-content\/uploads\/2025\/08\/WhatsApp-Image-2025-08-21-at-18.31.24-1-500x333.jpeg\" alt=\"\" width=\"500\" height=\"333\" srcset=\"https:\/\/revistazetta.com\/wp-content\/uploads\/2025\/08\/WhatsApp-Image-2025-08-21-at-18.31.24-1-500x333.jpeg 500w, https:\/\/revistazetta.com\/wp-content\/uploads\/2025\/08\/WhatsApp-Image-2025-08-21-at-18.31.24-1-1024x683.jpeg 1024w, https:\/\/revistazetta.com\/wp-content\/uploads\/2025\/08\/WhatsApp-Image-2025-08-21-at-18.31.24-1-243x162.jpeg 243w, https:\/\/revistazetta.com\/wp-content\/uploads\/2025\/08\/WhatsApp-Image-2025-08-21-at-18.31.24-1-1536x1024.jpeg 1536w, https:\/\/revistazetta.com\/wp-content\/uploads\/2025\/08\/WhatsApp-Image-2025-08-21-at-18.31.24-1-2048x1366.jpeg 2048w\" sizes=\"auto, (max-width: 500px) 100vw, 500px\" \/> <img loading=\"lazy\" decoding=\"async\" class=\"alignnone size-medium wp-image-58015\" src=\"https:\/\/revistazetta.com\/wp-content\/uploads\/2025\/08\/WhatsApp-Image-2025-08-21-at-18.31.24-500x333.jpeg\" alt=\"\" width=\"500\" height=\"333\" srcset=\"https:\/\/revistazetta.com\/wp-content\/uploads\/2025\/08\/WhatsApp-Image-2025-08-21-at-18.31.24-500x333.jpeg 500w, https:\/\/revistazetta.com\/wp-content\/uploads\/2025\/08\/WhatsApp-Image-2025-08-21-at-18.31.24-1024x683.jpeg 1024w, https:\/\/revistazetta.com\/wp-content\/uploads\/2025\/08\/WhatsApp-Image-2025-08-21-at-18.31.24-243x162.jpeg 243w, https:\/\/revistazetta.com\/wp-content\/uploads\/2025\/08\/WhatsApp-Image-2025-08-21-at-18.31.24-1536x1024.jpeg 1536w, https:\/\/revistazetta.com\/wp-content\/uploads\/2025\/08\/WhatsApp-Image-2025-08-21-at-18.31.24-2048x1366.jpeg 2048w\" sizes=\"auto, (max-width: 500px) 100vw, 500px\" \/> <img loading=\"lazy\" decoding=\"async\" class=\"alignnone size-medium wp-image-58016\" src=\"https:\/\/revistazetta.com\/wp-content\/uploads\/2025\/08\/WhatsApp-Image-2025-08-21-at-18.31.27-500x333.jpeg\" alt=\"\" width=\"500\" height=\"333\" srcset=\"https:\/\/revistazetta.com\/wp-content\/uploads\/2025\/08\/WhatsApp-Image-2025-08-21-at-18.31.27-500x333.jpeg 500w, https:\/\/revistazetta.com\/wp-content\/uploads\/2025\/08\/WhatsApp-Image-2025-08-21-at-18.31.27-1024x683.jpeg 1024w, https:\/\/revistazetta.com\/wp-content\/uploads\/2025\/08\/WhatsApp-Image-2025-08-21-at-18.31.27-243x162.jpeg 243w, https:\/\/revistazetta.com\/wp-content\/uploads\/2025\/08\/WhatsApp-Image-2025-08-21-at-18.31.27-1536x1024.jpeg 1536w, https:\/\/revistazetta.com\/wp-content\/uploads\/2025\/08\/WhatsApp-Image-2025-08-21-at-18.31.27-2048x1366.jpeg 2048w\" sizes=\"auto, (max-width: 500px) 100vw, 500px\" \/> \u00a0<img loading=\"lazy\" decoding=\"async\" class=\"alignnone size-medium wp-image-58018\" src=\"https:\/\/revistazetta.com\/wp-content\/uploads\/2025\/08\/WhatsApp-Image-2025-08-21-at-18.31.29-500x333.jpeg\" alt=\"\" width=\"500\" height=\"333\" srcset=\"https:\/\/revistazetta.com\/wp-content\/uploads\/2025\/08\/WhatsApp-Image-2025-08-21-at-18.31.29-500x333.jpeg 500w, https:\/\/revistazetta.com\/wp-content\/uploads\/2025\/08\/WhatsApp-Image-2025-08-21-at-18.31.29-1024x683.jpeg 1024w, https:\/\/revistazetta.com\/wp-content\/uploads\/2025\/08\/WhatsApp-Image-2025-08-21-at-18.31.29-243x162.jpeg 243w, https:\/\/revistazetta.com\/wp-content\/uploads\/2025\/08\/WhatsApp-Image-2025-08-21-at-18.31.29-1536x1024.jpeg 1536w, https:\/\/revistazetta.com\/wp-content\/uploads\/2025\/08\/WhatsApp-Image-2025-08-21-at-18.31.29-2048x1366.jpeg 2048w\" sizes=\"auto, (max-width: 500px) 100vw, 500px\" \/> \u00a0\u00a0<img loading=\"lazy\" decoding=\"async\" class=\"alignnone size-medium wp-image-58021\" src=\"https:\/\/revistazetta.com\/wp-content\/uploads\/2025\/08\/WhatsApp-Image-2025-08-21-at-18.31.31-500x333.jpeg\" alt=\"\" width=\"500\" height=\"333\" srcset=\"https:\/\/revistazetta.com\/wp-content\/uploads\/2025\/08\/WhatsApp-Image-2025-08-21-at-18.31.31-500x333.jpeg 500w, https:\/\/revistazetta.com\/wp-content\/uploads\/2025\/08\/WhatsApp-Image-2025-08-21-at-18.31.31-1024x683.jpeg 1024w, https:\/\/revistazetta.com\/wp-content\/uploads\/2025\/08\/WhatsApp-Image-2025-08-21-at-18.31.31-243x162.jpeg 243w, https:\/\/revistazetta.com\/wp-content\/uploads\/2025\/08\/WhatsApp-Image-2025-08-21-at-18.31.31-1536x1024.jpeg 1536w, https:\/\/revistazetta.com\/wp-content\/uploads\/2025\/08\/WhatsApp-Image-2025-08-21-at-18.31.31-2048x1366.jpeg 2048w\" sizes=\"auto, (max-width: 500px) 100vw, 500px\" \/><\/div>\n","protected":false},"excerpt":{"rendered":"<p>Talaigua, 22 agosto de 2025. \u2013 El gobernador de Bol\u00edvar, Yamil Arana Padau\u00ed, puso al servicio de la comunidad el nuevo Estadio 16 de Agosto del municipio de Talaigua, una obra emblem\u00e1tica que representa un paso hist\u00f3rico para el deporte y la recreaci\u00f3n en la regi\u00f3n. Durante a\u00f1os, esta infraestructura deportiva sufri\u00f3 un notable deterioro debido al paso del tiempo y a la problem\u00e1tica de inundaciones que afectan a la zona. La remodelaci\u00f3n, impulsada por la Gobernaci\u00f3n de Bol\u00edvar, responde a la necesidad urgente de recuperar un espacio vital para&#8230; <\/p>\n","protected":false},"author":3,"featured_media":58022,"comment_status":"closed","ping_status":"closed","sticky":false,"template":"","format":"standard","meta":{"footnotes":"","_links_to":"","_links_to_target":""},"categories":[33,1450,80],"tags":[73,285,300,583],"class_list":["post-58011","post","type-post","status-publish","format-standard","has-post-thumbnail","hentry","category-actualidad-bolivar","category-parasladers","category-region","tag-bolivar","tag-destacada","tag-region","tag-yamil-arana"],"_links":{"self":[{"href":"https:\/\/revistazetta.com\/index.php?rest_route=\/wp\/v2\/posts\/58011","targetHints":{"allow":["GET"]}}],"collection":[{"href":"https:\/\/revistazetta.com\/index.php?rest_route=\/wp\/v2\/posts"}],"about":[{"href":"https:\/\/revistazetta.com\/index.php?rest_route=\/wp\/v2\/types\/post"}],"author":[{"embeddable":true,"href":"https:\/\/revistazetta.com\/index.php?rest_route=\/wp\/v2\/users\/3"}],"replies":[{"embeddable":true,"href":"https:\/\/revistazetta.com\/index.php?rest_route=%2Fwp%2Fv2%2Fcomments&post=58011"}],"version-history":[{"count":0,"href":"https:\/\/revistazetta.com\/index.php?rest_route=\/wp\/v2\/posts\/58011\/revisions"}],"wp:featuredmedia":[{"embeddable":true,"href":"https:\/\/revistazetta.com\/index.php?rest_route=\/wp\/v2\/media\/58022"}],"wp:attachment":[{"href":"https:\/\/revistazetta.com\/index.php?rest_route=%2Fwp%2Fv2%2Fmedia&parent=58011"}],"wp:term":[{"taxonomy":"category","embeddable":true,"href":"https:\/\/revistazetta.com\/index.php?rest_route=%2Fwp%2Fv2%2Fcategories&post=58011"},{"taxonomy":"post_tag","embeddable":true,"href":"https:\/\/revistazetta.com\/index.php?rest_route=%2Fwp%2Fv2%2Ftags&post=58011"}],"curies":[{"name":"wp","href":"https:\/\/api.w.org\/{rel}","templated":true}]}}