{"id":58083,"date":"2025-09-01T07:52:09","date_gmt":"2025-09-01T12:52:09","guid":{"rendered":"https:\/\/revistazetta.com\/?p=58083"},"modified":"2025-09-01T07:52:09","modified_gmt":"2025-09-01T12:52:09","slug":"avanza-mision-del-gobernador-yamil-arana-en-japon-para-impulsar-turismo-cooperacion-y-alianzas","status":"publish","type":"post","link":"https:\/\/revistazetta.com\/?p=58083","title":{"rendered":"Avanza misi\u00f3n del gobernador Yamil Arana en Jap\u00f3n para impulsar turismo, cooperaci\u00f3n y alianzas"},"content":{"rendered":"<p><strong>Tokio, 1 de septiembre de 2025. \u2013<\/strong> El gobernador de Bol\u00edvar, Yamil Arana Padau\u00ed, avanza en su agenda en Jap\u00f3n en la que se reuni\u00f3 con un organismo de cooperaci\u00f3n del gobierno japon\u00e9s, el embajador de Colombia en ese pa\u00eds, la gobernadora de Tokio y finaliz\u00f3 la jornada con una visita a la empresa Panasonic.<\/p>\n<p>El mandatario departamental sostuvo un importante encuentro con directivos del Council of Local Authorities for International Relations (CLAIR), una fundaci\u00f3n adscrita al gobierno japon\u00e9s que promueve el desarrollo y la cooperaci\u00f3n internacional a trav\u00e9s del fortalecimiento de gobiernos locales.<\/p>\n<p><img loading=\"lazy\" decoding=\"async\" class=\"alignnone size-medium wp-image-58087\" src=\"https:\/\/revistazetta.com\/wp-content\/uploads\/2025\/09\/WhatsApp-Image-2025-08-29-at-13.03.02-444x333.jpeg\" alt=\"\" width=\"444\" height=\"333\" srcset=\"https:\/\/revistazetta.com\/wp-content\/uploads\/2025\/09\/WhatsApp-Image-2025-08-29-at-13.03.02-444x333.jpeg 444w, https:\/\/revistazetta.com\/wp-content\/uploads\/2025\/09\/WhatsApp-Image-2025-08-29-at-13.03.02-1024x768.jpeg 1024w, https:\/\/revistazetta.com\/wp-content\/uploads\/2025\/09\/WhatsApp-Image-2025-08-29-at-13.03.02-216x162.jpeg 216w, https:\/\/revistazetta.com\/wp-content\/uploads\/2025\/09\/WhatsApp-Image-2025-08-29-at-13.03.02.jpeg 1280w\" sizes=\"auto, (max-width: 444px) 100vw, 444px\" \/><\/p>\n<p>Durante el encuentro, Arana destac\u00f3 el inter\u00e9s de Bol\u00edvar en tejer alianzas con esta entidad para impulsar proyectos en sectores clave como el turismo, el desarrollo portuario, la cooperaci\u00f3n internacional y la transferencia de conocimiento, todos ellos pilares estrat\u00e9gicos para el crecimiento econ\u00f3mico y social del departamento.<\/p>\n<p>\u201cEl potencial de Bol\u00edvar es enorme, pero primero tenemos que dec\u00edrselo al mundo. CLAIR representa una gran puerta de entrada para que nuestro departamento se conecte con centros de desarrollo y modelos de innovaci\u00f3n local que hoy son referentes a nivel global\u201d, afirm\u00f3 el gobernador.<\/p>\n<p><img loading=\"lazy\" decoding=\"async\" class=\"alignnone size-medium wp-image-58084\" src=\"https:\/\/revistazetta.com\/wp-content\/uploads\/2025\/09\/536277683_1299642681520405_2851572642822981520_n-500x281.jpg\" alt=\"\" width=\"500\" height=\"281\" srcset=\"https:\/\/revistazetta.com\/wp-content\/uploads\/2025\/09\/536277683_1299642681520405_2851572642822981520_n-500x281.jpg 500w, https:\/\/revistazetta.com\/wp-content\/uploads\/2025\/09\/536277683_1299642681520405_2851572642822981520_n-1024x576.jpg 1024w, https:\/\/revistazetta.com\/wp-content\/uploads\/2025\/09\/536277683_1299642681520405_2851572642822981520_n-250x141.jpg 250w, https:\/\/revistazetta.com\/wp-content\/uploads\/2025\/09\/536277683_1299642681520405_2851572642822981520_n.jpg 1440w\" sizes=\"auto, (max-width: 500px) 100vw, 500px\" \/><\/p>\n<p>Esta reuni\u00f3n hace parte de la agenda internacional que Yamil Arana ha venido consolidando desde el inicio de su mandato con el objetivo de que Bol\u00edvar sea destino de inversi\u00f3n. En oportunidades anteriores, el mandatario lider\u00f3 misiones oficiales a Estados Unidos y Espa\u00f1a, donde sostuvo encuentros con entidades de cooperaci\u00f3n y organismos de fomento al desarrollo que buscan generar sinergias en inversi\u00f3n, innovaci\u00f3n y fortalecimiento institucional.<\/p>\n<p>Arana, acompa\u00f1ado de otros mandatarios locales del pa\u00eds, se reuni\u00f3 con el embajador de Colombia en Jap\u00f3n, Gustavo Makanaky C\u00f3rdoba, con quien convers\u00f3 sobre las posibilidades que se abren para Bol\u00edvar frente a las oportunidades que ofrece Jap\u00f3n para pa\u00edses de Latinoam\u00e9rica.<\/p>\n<p><img loading=\"lazy\" decoding=\"async\" class=\"alignnone size-medium wp-image-58085\" src=\"https:\/\/revistazetta.com\/wp-content\/uploads\/2025\/09\/536278529_1299642688187071_4685193155179505406_n-444x333.jpg\" alt=\"\" width=\"444\" height=\"333\" srcset=\"https:\/\/revistazetta.com\/wp-content\/uploads\/2025\/09\/536278529_1299642688187071_4685193155179505406_n-444x333.jpg 444w, https:\/\/revistazetta.com\/wp-content\/uploads\/2025\/09\/536278529_1299642688187071_4685193155179505406_n-1024x768.jpg 1024w, https:\/\/revistazetta.com\/wp-content\/uploads\/2025\/09\/536278529_1299642688187071_4685193155179505406_n-216x162.jpg 216w, https:\/\/revistazetta.com\/wp-content\/uploads\/2025\/09\/536278529_1299642688187071_4685193155179505406_n.jpg 1440w\" sizes=\"auto, (max-width: 444px) 100vw, 444px\" \/><\/p>\n<p>A su turno, Arana se reuni\u00f3 con la gobernadora de Tokio, Yuriko Koike, para establecer posibles mecanismos de cooperaci\u00f3n y hermanamiento con Bol\u00edvar, que pueda redundar en transferencia de conocimiento.<\/p>\n<p>El primer d\u00eda de la misi\u00f3n finaliz\u00f3 con una vista a la empresa Panasonic, para conocer su ecosistema productivo y replicar modelos que pueden generar desarrollo en Bol\u00edvar.<\/p>\n<p>Con esta nueva misi\u00f3n, la Gobernaci\u00f3n de Bol\u00edvar reafirma su compromiso de internacionalizar al departamento, posicionarlo como un territorio atractivo para la inversi\u00f3n extranjera y potenciar sus ventajas competitivas en el escenario global.<\/p>\n<p><img loading=\"lazy\" decoding=\"async\" class=\"alignnone size-medium wp-image-58088\" src=\"https:\/\/revistazetta.com\/wp-content\/uploads\/2025\/09\/WhatsApp-Image-2025-08-29-at-13.05.42-472x333.jpeg\" alt=\"\" width=\"472\" height=\"333\" srcset=\"https:\/\/revistazetta.com\/wp-content\/uploads\/2025\/09\/WhatsApp-Image-2025-08-29-at-13.05.42-472x333.jpeg 472w, https:\/\/revistazetta.com\/wp-content\/uploads\/2025\/09\/WhatsApp-Image-2025-08-29-at-13.05.42-1024x722.jpeg 1024w, https:\/\/revistazetta.com\/wp-content\/uploads\/2025\/09\/WhatsApp-Image-2025-08-29-at-13.05.42-230x162.jpeg 230w, https:\/\/revistazetta.com\/wp-content\/uploads\/2025\/09\/WhatsApp-Image-2025-08-29-at-13.05.42-1536x1083.jpeg 1536w, https:\/\/revistazetta.com\/wp-content\/uploads\/2025\/09\/WhatsApp-Image-2025-08-29-at-13.05.42.jpeg 1600w\" sizes=\"auto, (max-width: 472px) 100vw, 472px\" \/><\/p>\n","protected":false},"excerpt":{"rendered":"<p>Tokio, 1 de septiembre de 2025. \u2013 El gobernador de Bol\u00edvar, Yamil Arana Padau\u00ed, avanza en su agenda en Jap\u00f3n en la que se reuni\u00f3 con un organismo de cooperaci\u00f3n del gobierno japon\u00e9s, el embajador de Colombia en ese pa\u00eds, la gobernadora de Tokio y finaliz\u00f3 la jornada con una visita a la empresa Panasonic. El mandatario departamental sostuvo un importante encuentro con directivos del Council of Local Authorities for International Relations (CLAIR), una fundaci\u00f3n adscrita al gobierno japon\u00e9s que promueve el desarrollo y la cooperaci\u00f3n internacional a trav\u00e9s del&#8230; <\/p>\n","protected":false},"author":3,"featured_media":58086,"comment_status":"closed","ping_status":"closed","sticky":false,"template":"","format":"standard","meta":{"footnotes":"","_links_to":"","_links_to_target":""},"categories":[33,1450,80],"tags":[73,285,1657,300,583],"class_list":["post-58083","post","type-post","status-publish","format-standard","has-post-thumbnail","hentry","category-actualidad-bolivar","category-parasladers","category-region","tag-bolivar","tag-destacada","tag-japon","tag-region","tag-yamil-arana"],"_links":{"self":[{"href":"https:\/\/revistazetta.com\/index.php?rest_route=\/wp\/v2\/posts\/58083","targetHints":{"allow":["GET"]}}],"collection":[{"href":"https:\/\/revistazetta.com\/index.php?rest_route=\/wp\/v2\/posts"}],"about":[{"href":"https:\/\/revistazetta.com\/index.php?rest_route=\/wp\/v2\/types\/post"}],"author":[{"embeddable":true,"href":"https:\/\/revistazetta.com\/index.php?rest_route=\/wp\/v2\/users\/3"}],"replies":[{"embeddable":true,"href":"https:\/\/revistazetta.com\/index.php?rest_route=%2Fwp%2Fv2%2Fcomments&post=58083"}],"version-history":[{"count":0,"href":"https:\/\/revistazetta.com\/index.php?rest_route=\/wp\/v2\/posts\/58083\/revisions"}],"wp:featuredmedia":[{"embeddable":true,"href":"https:\/\/revistazetta.com\/index.php?rest_route=\/wp\/v2\/media\/58086"}],"wp:attachment":[{"href":"https:\/\/revistazetta.com\/index.php?rest_route=%2Fwp%2Fv2%2Fmedia&parent=58083"}],"wp:term":[{"taxonomy":"category","embeddable":true,"href":"https:\/\/revistazetta.com\/index.php?rest_route=%2Fwp%2Fv2%2Fcategories&post=58083"},{"taxonomy":"post_tag","embeddable":true,"href":"https:\/\/revistazetta.com\/index.php?rest_route=%2Fwp%2Fv2%2Ftags&post=58083"}],"curies":[{"name":"wp","href":"https:\/\/api.w.org\/{rel}","templated":true}]}}