{"id":58114,"date":"2025-09-08T06:41:22","date_gmt":"2025-09-08T11:41:22","guid":{"rendered":"https:\/\/revistazetta.com\/?p=58114"},"modified":"2025-09-08T07:23:09","modified_gmt":"2025-09-08T12:23:09","slug":"comunidades-de-bolivar-solicitan-del-gobierno-nacional-mas-inversion-en-agua-potable-y-tierras-senador-antonio-correa","status":"publish","type":"post","link":"https:\/\/revistazetta.com\/?p=58114","title":{"rendered":"Comunidades de Bol\u00edvar solicitan del Gobierno Nacional mas inversi\u00f3n en agua potable y tierras: Senador Antonio Correa"},"content":{"rendered":"<p><strong>Cartagena de Indias, 8 de septiembre de 2025.-\u00a0<\/strong>En sus recorridos por el departamento de Bol\u00edvar, reunidos en esta oportunidad con la comunidad del municipio de Morales, junto al alcalde Ezequiel Salcedo y militantes del Partido de la U, el senador Antonio Jos\u00e9 Correa, afirm\u00f3 que las voces del pueblo son claras frente a las siguientes peticiones:<\/p>\n<p>\u2705 Se requiere con urgencia el apoyo del Gobierno Nacional para la construcci\u00f3n del acueducto de La Esmeralda y Boca de la Honda, as\u00ed como la PTAR municipal.<\/p>\n<p>\u2705 Es prioritaria la inversi\u00f3n para la ejecuci\u00f3n de los trabajos de la v\u00eda hacia Mico Ahumado, fundamental para que los campesinos puedan sacar sus productos agr\u00edcolas.<\/p>\n<p>\u2705 En Morales hay 70 familias desplazadas por la violencia del ELN, que claman por retornar con garant\u00edas sus lugares de donde fueron desplazados o en su defecto solicitan de la Agencia Nacional de Tierras que lleguen a morales, tal y como se ha hecho en otras regiones del pa\u00eds, dicho esto para que el campesino tenga acceso a la tierra y pueda producir con dignidad.<\/p>\n<p>Correa Jim\u00e9nez puntualiz\u00f3: \u201cEscuchar y trabajar por estas necesidades es nuestro compromiso, siempre de coraz\u00f3n por lo social estar\u00e1 del lado de la gente\u201d, pero conf\u00eda en que este llamado sea atendido por parte del gobierno nacional y as\u00ed se le cumpla a estas familias colombianas.<\/p>\n","protected":false},"excerpt":{"rendered":"<p>Cartagena de Indias, 8 de septiembre de 2025.-\u00a0En sus recorridos por el departamento de Bol\u00edvar, reunidos en esta oportunidad con la comunidad del municipio de Morales, junto al alcalde Ezequiel Salcedo y militantes del Partido de la U, el senador Antonio Jos\u00e9 Correa, afirm\u00f3 que las voces del pueblo son claras frente a las siguientes peticiones: \u2705 Se requiere con urgencia el apoyo del Gobierno Nacional para la construcci\u00f3n del acueducto de La Esmeralda y Boca de la Honda, as\u00ed como la PTAR municipal. \u2705 Es prioritaria la inversi\u00f3n para&#8230; <\/p>\n","protected":false},"author":3,"featured_media":58115,"comment_status":"closed","ping_status":"closed","sticky":false,"template":"","format":"standard","meta":{"footnotes":"","_links_to":"","_links_to_target":""},"categories":[1450,4,82],"tags":[285,298,234,1063],"class_list":["post-58114","post","type-post","status-publish","format-standard","has-post-thumbnail","hentry","category-parasladers","category-politica","category-senado","tag-destacada","tag-politica","tag-senado","tag-senador-antonio-correa"],"_links":{"self":[{"href":"https:\/\/revistazetta.com\/index.php?rest_route=\/wp\/v2\/posts\/58114","targetHints":{"allow":["GET"]}}],"collection":[{"href":"https:\/\/revistazetta.com\/index.php?rest_route=\/wp\/v2\/posts"}],"about":[{"href":"https:\/\/revistazetta.com\/index.php?rest_route=\/wp\/v2\/types\/post"}],"author":[{"embeddable":true,"href":"https:\/\/revistazetta.com\/index.php?rest_route=\/wp\/v2\/users\/3"}],"replies":[{"embeddable":true,"href":"https:\/\/revistazetta.com\/index.php?rest_route=%2Fwp%2Fv2%2Fcomments&post=58114"}],"version-history":[{"count":0,"href":"https:\/\/revistazetta.com\/index.php?rest_route=\/wp\/v2\/posts\/58114\/revisions"}],"wp:featuredmedia":[{"embeddable":true,"href":"https:\/\/revistazetta.com\/index.php?rest_route=\/wp\/v2\/media\/58115"}],"wp:attachment":[{"href":"https:\/\/revistazetta.com\/index.php?rest_route=%2Fwp%2Fv2%2Fmedia&parent=58114"}],"wp:term":[{"taxonomy":"category","embeddable":true,"href":"https:\/\/revistazetta.com\/index.php?rest_route=%2Fwp%2Fv2%2Fcategories&post=58114"},{"taxonomy":"post_tag","embeddable":true,"href":"https:\/\/revistazetta.com\/index.php?rest_route=%2Fwp%2Fv2%2Ftags&post=58114"}],"curies":[{"name":"wp","href":"https:\/\/api.w.org\/{rel}","templated":true}]}}