{"id":58273,"date":"2025-09-21T09:01:28","date_gmt":"2025-09-21T14:01:28","guid":{"rendered":"https:\/\/revistazetta.com\/?p=58273"},"modified":"2025-09-27T09:06:53","modified_gmt":"2025-09-27T14:06:53","slug":"formidable-cosecha-en-la-ix-feria-de-negocios-verdes-de-cardique-para-mas-de-70-emprendedores-sostenibles","status":"publish","type":"post","link":"https:\/\/revistazetta.com\/?p=58273","title":{"rendered":"Formidable \u00abcosecha\u00bb en la IX Feria de Negocios Verdes de Cardique para m\u00e1s de 70 emprendedores sostenibles"},"content":{"rendered":"<p><strong>Cartagena de Indias, 21 de septiembre de 2025.-<\/strong> La Corporaci\u00f3n Aut\u00f3noma Regional del Canal del Dique \u2013 Cardique agradece a Cartagena por abrir sus puertas y acompa\u00f1ar la IX Feria de Negocios Verdes 2025, que durante dos d\u00edas 19 y 20 de septiembre reuni\u00f3 a m\u00e1s de 70 emprendedores sostenibles de la jurisdicci\u00f3n del norte y centro de Bol\u00edvar en el Centro Comercial Caribe Plaza.<\/p>\n<p>El evento se consolid\u00f3 como una vitrina para mostrar productos con historias, servicios y experiencias amigables con el medio ambiente, desde la agroindustria, la gastronom\u00eda y las artesan\u00edas, hasta propuestas de turismo sostenible que protegen la naturaleza.<\/p>\n<p><img loading=\"lazy\" decoding=\"async\" class=\"alignnone size-medium wp-image-58275\" src=\"https:\/\/revistazetta.com\/wp-content\/uploads\/2025\/09\/WhatsApp-Image-2025-09-21-at-10.02.14-500x281.jpeg\" alt=\"\" width=\"500\" height=\"281\" srcset=\"https:\/\/revistazetta.com\/wp-content\/uploads\/2025\/09\/WhatsApp-Image-2025-09-21-at-10.02.14-500x281.jpeg 500w, https:\/\/revistazetta.com\/wp-content\/uploads\/2025\/09\/WhatsApp-Image-2025-09-21-at-10.02.14-1024x576.jpeg 1024w, https:\/\/revistazetta.com\/wp-content\/uploads\/2025\/09\/WhatsApp-Image-2025-09-21-at-10.02.14-250x141.jpeg 250w, https:\/\/revistazetta.com\/wp-content\/uploads\/2025\/09\/WhatsApp-Image-2025-09-21-at-10.02.14-1536x864.jpeg 1536w, https:\/\/revistazetta.com\/wp-content\/uploads\/2025\/09\/WhatsApp-Image-2025-09-21-at-10.02.14.jpeg 1600w\" sizes=\"auto, (max-width: 500px) 100vw, 500px\" \/><\/p>\n<p>\u201c19 y 20 de septiembre: Cartagena estuvo modo verde con esta feria de negocios sostenibles. Muchas gracias a todos los que visitaron, compraron y apoyaron a nuestros emprendedores. Quiero decirles que para la pr\u00f3xima edici\u00f3n tendremos mucho m\u00e1s\u201d, expres\u00f3 \u00c1ngelo Bacci, director general de Cardique.<\/p>\n<p><strong>Entrega de avales y reconocimientos<\/strong><\/p>\n<p>Uno de los momentos m\u00e1s significativos de la feria fue la entrega de avales a 70 negocios verdes por parte de Cardique, un respaldo que certifica que estas iniciativas cumplen con los criterios del Plan Nacional de Negocios Verdes 2022\u20132030, garantizando procesos de producci\u00f3n responsables, innovaci\u00f3n y econom\u00eda circular.<\/p>\n<p><img loading=\"lazy\" decoding=\"async\" class=\"alignnone size-medium wp-image-58279\" src=\"https:\/\/revistazetta.com\/wp-content\/uploads\/2025\/09\/WhatsApp-Image-2025-09-21-at-10.02.36-500x281.jpeg\" alt=\"\" width=\"500\" height=\"281\" srcset=\"https:\/\/revistazetta.com\/wp-content\/uploads\/2025\/09\/WhatsApp-Image-2025-09-21-at-10.02.36-500x281.jpeg 500w, https:\/\/revistazetta.com\/wp-content\/uploads\/2025\/09\/WhatsApp-Image-2025-09-21-at-10.02.36-1024x576.jpeg 1024w, https:\/\/revistazetta.com\/wp-content\/uploads\/2025\/09\/WhatsApp-Image-2025-09-21-at-10.02.36-250x141.jpeg 250w, https:\/\/revistazetta.com\/wp-content\/uploads\/2025\/09\/WhatsApp-Image-2025-09-21-at-10.02.36-1536x864.jpeg 1536w, https:\/\/revistazetta.com\/wp-content\/uploads\/2025\/09\/WhatsApp-Image-2025-09-21-at-10.02.36.jpeg 1600w\" sizes=\"auto, (max-width: 500px) 100vw, 500px\" \/><\/p>\n<p>\u201cNo nos concentremos solo en vender, sino en explicar lo que hacemos. Quien compra un producto de un negocio verde, compra ox\u00edgeno. Estos avales se entregan con orgullo porque representan un esfuerzo por cambiar la vida de las personas y cuidar nuestro planeta\u201d, se\u00f1al\u00f3 el director Bacci.<\/p>\n<p>Los emprendedores tambi\u00e9n entregaron un reconocimiento a \u00c1ngelo Bacci, en voz de Eduard Guerrero (San Jacinto Travel) y Antonio Rodr\u00edguez (Asoprocoas), quienes destacaron el respaldo recibido por parte de la corporaci\u00f3n.<\/p>\n<p><img loading=\"lazy\" decoding=\"async\" class=\"alignnone size-medium wp-image-58277\" src=\"https:\/\/revistazetta.com\/wp-content\/uploads\/2025\/09\/WhatsApp-Image-2025-09-21-at-10.02.16-1-500x281.jpeg\" alt=\"\" width=\"500\" height=\"281\" srcset=\"https:\/\/revistazetta.com\/wp-content\/uploads\/2025\/09\/WhatsApp-Image-2025-09-21-at-10.02.16-1-500x281.jpeg 500w, https:\/\/revistazetta.com\/wp-content\/uploads\/2025\/09\/WhatsApp-Image-2025-09-21-at-10.02.16-1-1024x576.jpeg 1024w, https:\/\/revistazetta.com\/wp-content\/uploads\/2025\/09\/WhatsApp-Image-2025-09-21-at-10.02.16-1-250x141.jpeg 250w, https:\/\/revistazetta.com\/wp-content\/uploads\/2025\/09\/WhatsApp-Image-2025-09-21-at-10.02.16-1-1536x864.jpeg 1536w, https:\/\/revistazetta.com\/wp-content\/uploads\/2025\/09\/WhatsApp-Image-2025-09-21-at-10.02.16-1.jpeg 1600w\" sizes=\"auto, (max-width: 500px) 100vw, 500px\" \/><\/p>\n<p>La ceremonia cont\u00f3 con la presencia del doctor Francisco Castillo, asesor del alcalde para asuntos ambientales, como testigo del compromiso de la ciudad con la sostenibilidad.<\/p>\n<p><strong>Una feria con cultura, cocina en vivo, espacios para ni\u00f1os y educaci\u00f3n ambiental<\/strong><\/p>\n<p>La feria ofreci\u00f3 un espacio diverso que incluy\u00f3 ruedas de negocios, conferencias, pasarelas de productos y ventas directas, donde los artesanos y productores cerraron acuerdos comerciales. Un ejemplo fue Ana Dolores Herrera, quien vendi\u00f3 m\u00e1s de 100 kilos de queso durante la feria y agradeci\u00f3 a Cardique por apoyar a los emprendedores rurales.<\/p>\n<p><img loading=\"lazy\" decoding=\"async\" class=\"alignnone size-medium wp-image-58274\" src=\"https:\/\/revistazetta.com\/wp-content\/uploads\/2025\/09\/WhatsApp-Image-2025-09-21-at-10.02.13-500x281.jpeg\" alt=\"\" width=\"500\" height=\"281\" srcset=\"https:\/\/revistazetta.com\/wp-content\/uploads\/2025\/09\/WhatsApp-Image-2025-09-21-at-10.02.13-500x281.jpeg 500w, https:\/\/revistazetta.com\/wp-content\/uploads\/2025\/09\/WhatsApp-Image-2025-09-21-at-10.02.13-1024x576.jpeg 1024w, https:\/\/revistazetta.com\/wp-content\/uploads\/2025\/09\/WhatsApp-Image-2025-09-21-at-10.02.13-250x141.jpeg 250w, https:\/\/revistazetta.com\/wp-content\/uploads\/2025\/09\/WhatsApp-Image-2025-09-21-at-10.02.13-1536x864.jpeg 1536w, https:\/\/revistazetta.com\/wp-content\/uploads\/2025\/09\/WhatsApp-Image-2025-09-21-at-10.02.13.jpeg 1600w\" sizes=\"auto, (max-width: 500px) 100vw, 500px\" \/><\/p>\n<p>Uno de los atractivos m\u00e1s celebrados fue la cocina en vivo, con invitados especiales que prepararon recetas innovadoras a partir de los productos de los negocios verdes participantes, demostrando c\u00f3mo la sostenibilidad tambi\u00e9n se saborea y se convierte en experiencias \u00fanicas para el p\u00fablico.<\/p>\n<p>La programaci\u00f3n cultural estuvo a cargo de agrupaciones como Caribeshow con La Zorra Chucha, propuesta musical alternativa de la Fundaci\u00f3n Iguanas, que promueve la educaci\u00f3n ambiental a trav\u00e9s del arte de la mano de Cardique.<\/p>\n<p>Adem\u00e1s, la Feria Kids ofreci\u00f3 actividades pedag\u00f3gicas para los m\u00e1s peque\u00f1os, como pinturas y el show Mala Fama, que resalt\u00f3 el valor de especies como el burro, el manat\u00ed, la serpiente y el cocodrilo en el equilibrio de la naturaleza.<\/p>\n<p><img loading=\"lazy\" decoding=\"async\" class=\"alignnone size-medium wp-image-58278\" src=\"https:\/\/revistazetta.com\/wp-content\/uploads\/2025\/09\/WhatsApp-Image-2025-09-21-at-10.02.16-500x281.jpeg\" alt=\"\" width=\"500\" height=\"281\" srcset=\"https:\/\/revistazetta.com\/wp-content\/uploads\/2025\/09\/WhatsApp-Image-2025-09-21-at-10.02.16-500x281.jpeg 500w, https:\/\/revistazetta.com\/wp-content\/uploads\/2025\/09\/WhatsApp-Image-2025-09-21-at-10.02.16-1024x576.jpeg 1024w, https:\/\/revistazetta.com\/wp-content\/uploads\/2025\/09\/WhatsApp-Image-2025-09-21-at-10.02.16-250x141.jpeg 250w, https:\/\/revistazetta.com\/wp-content\/uploads\/2025\/09\/WhatsApp-Image-2025-09-21-at-10.02.16-1536x864.jpeg 1536w, https:\/\/revistazetta.com\/wp-content\/uploads\/2025\/09\/WhatsApp-Image-2025-09-21-at-10.02.16.jpeg 1600w\" sizes=\"auto, (max-width: 500px) 100vw, 500px\" \/><\/p>\n<p><strong>Bol\u00edvar como referente de negocios con prop\u00f3sito<\/strong><\/p>\n<p>La IX Feria de Negocios Verdes de Cardique 2025 reafirm\u00f3 el potencial de Bol\u00edvar como territorio de innovaci\u00f3n sostenible, donde los emprendedores no solo generan ingresos, sino que tambi\u00e9n preservan ecosistemas y fortalecen la identidad cultural.<\/p>\n<p>Con la clausura de esta edici\u00f3n, Cardique reitera su compromiso de seguir acompa\u00f1ando a los negocios verdes, visibilizando sus logros y ampliando las oportunidades para un futuro donde el desarrollo y la sostenibilidad vayan de la mano.<\/p>\n<p><img loading=\"lazy\" decoding=\"async\" class=\"alignnone size-medium wp-image-58276\" src=\"https:\/\/revistazetta.com\/wp-content\/uploads\/2025\/09\/WhatsApp-Image-2025-09-21-at-10.02.15-500x281.jpeg\" alt=\"\" width=\"500\" height=\"281\" srcset=\"https:\/\/revistazetta.com\/wp-content\/uploads\/2025\/09\/WhatsApp-Image-2025-09-21-at-10.02.15-500x281.jpeg 500w, https:\/\/revistazetta.com\/wp-content\/uploads\/2025\/09\/WhatsApp-Image-2025-09-21-at-10.02.15-1024x576.jpeg 1024w, https:\/\/revistazetta.com\/wp-content\/uploads\/2025\/09\/WhatsApp-Image-2025-09-21-at-10.02.15-250x141.jpeg 250w, https:\/\/revistazetta.com\/wp-content\/uploads\/2025\/09\/WhatsApp-Image-2025-09-21-at-10.02.15-1536x864.jpeg 1536w, https:\/\/revistazetta.com\/wp-content\/uploads\/2025\/09\/WhatsApp-Image-2025-09-21-at-10.02.15.jpeg 1600w\" sizes=\"auto, (max-width: 500px) 100vw, 500px\" \/><\/p>\n","protected":false},"excerpt":{"rendered":"<p>Cartagena de Indias, 21 de septiembre de 2025.- La Corporaci\u00f3n Aut\u00f3noma Regional del Canal del Dique \u2013 Cardique agradece a Cartagena por abrir sus puertas y acompa\u00f1ar la IX Feria de Negocios Verdes 2025, que durante dos d\u00edas 19 y 20 de septiembre reuni\u00f3 a m\u00e1s de 70 emprendedores sostenibles de la jurisdicci\u00f3n del norte y centro de Bol\u00edvar en el Centro Comercial Caribe Plaza. El evento se consolid\u00f3 como una vitrina para mostrar productos con historias, servicios y experiencias amigables con el medio ambiente, desde la agroindustria, la gastronom\u00eda&#8230; <\/p>\n","protected":false},"author":3,"featured_media":58280,"comment_status":"closed","ping_status":"closed","sticky":false,"template":"","format":"standard","meta":{"footnotes":"","_links_to":"","_links_to_target":""},"categories":[84,80],"tags":[1895,73,207,2195,300],"class_list":["post-58273","post","type-post","status-publish","format-standard","has-post-thumbnail","hentry","category-ambiente","category-region","tag-angelo-bacci","tag-bolivar","tag-cardique","tag-feria-de-negocios-verdes","tag-region"],"_links":{"self":[{"href":"https:\/\/revistazetta.com\/index.php?rest_route=\/wp\/v2\/posts\/58273","targetHints":{"allow":["GET"]}}],"collection":[{"href":"https:\/\/revistazetta.com\/index.php?rest_route=\/wp\/v2\/posts"}],"about":[{"href":"https:\/\/revistazetta.com\/index.php?rest_route=\/wp\/v2\/types\/post"}],"author":[{"embeddable":true,"href":"https:\/\/revistazetta.com\/index.php?rest_route=\/wp\/v2\/users\/3"}],"replies":[{"embeddable":true,"href":"https:\/\/revistazetta.com\/index.php?rest_route=%2Fwp%2Fv2%2Fcomments&post=58273"}],"version-history":[{"count":0,"href":"https:\/\/revistazetta.com\/index.php?rest_route=\/wp\/v2\/posts\/58273\/revisions"}],"wp:featuredmedia":[{"embeddable":true,"href":"https:\/\/revistazetta.com\/index.php?rest_route=\/wp\/v2\/media\/58280"}],"wp:attachment":[{"href":"https:\/\/revistazetta.com\/index.php?rest_route=%2Fwp%2Fv2%2Fmedia&parent=58273"}],"wp:term":[{"taxonomy":"category","embeddable":true,"href":"https:\/\/revistazetta.com\/index.php?rest_route=%2Fwp%2Fv2%2Fcategories&post=58273"},{"taxonomy":"post_tag","embeddable":true,"href":"https:\/\/revistazetta.com\/index.php?rest_route=%2Fwp%2Fv2%2Ftags&post=58273"}],"curies":[{"name":"wp","href":"https:\/\/api.w.org\/{rel}","templated":true}]}}