{"id":58344,"date":"2025-10-02T05:26:30","date_gmt":"2025-10-02T10:26:30","guid":{"rendered":"https:\/\/revistazetta.com\/?p=58344"},"modified":"2025-10-02T05:26:30","modified_gmt":"2025-10-02T10:26:30","slug":"aprueban-en-segundo-debate-proyecto-de-la-representante-juliana-aray-que-reconoce-la-riqueza-cultural-y-el-impulso-economico-de-montes-de-maria","status":"publish","type":"post","link":"https:\/\/revistazetta.com\/?p=58344","title":{"rendered":"Aprueban en segundo debate proyecto de la representante Juliana Aray que reconoce la riqueza cultural y el impulso econ\u00f3mico de Montes de Mar\u00eda"},"content":{"rendered":"<p><strong>Bogot\u00e1, 2 de octubre de 2025.-<\/strong> La representante a la C\u00e1mara Juliana Aray celebr\u00f3 la aprobaci\u00f3n en segundo debate de su proyecto de ley que exalta el patrimonio hist\u00f3rico y multicultural de los Montes de Mar\u00eda, y declara como patrimonio cultural inmaterial de la Naci\u00f3n el Festival Multicultural de los Montes de Mar\u00eda.<\/p>\n<p>Este proyecto representa un reconocimiento al valor cultural y humano de una regi\u00f3n que ha sabido resistir y transformar el dolor en arte, memoria y vida. Con esta ley, el pa\u00eds rinde homenaje a la esencia de los pueblos montemarianos, sus gaitas, sus danzas, sus artesanos y su esp\u00edritu resiliente.<\/p>\n<p>\u201cEste es un triunfo colectivo. Los Montes de Mar\u00eda no solo son historia y memoria, tambi\u00e9n son futuro. Con esta ley, abrimos las puertas a una nueva etapa de reconocimiento, desarrollo econ\u00f3mico y justicia cultural\u201d, afirm\u00f3 la congresista Juliana Aray.<\/p>\n<p><strong>Principales logros del proyecto:<\/strong><\/p>\n<blockquote><p>\u2022\u2060 \u2060El Festival Multicultural de los Montes de Mar\u00eda ser\u00e1 declarado patrimonio cultural inmaterial de la Naci\u00f3n, lo que permitir\u00e1 su protecci\u00f3n y promoci\u00f3n a nivel nacional e internacional.<\/p>\n<p>\u2022\u2060 \u2060Se establece una hoja de ruta para identificar y salvaguardar otras expresiones culturales de la regi\u00f3n, con participaci\u00f3n activa de las comunidades y coordinaci\u00f3n del Ministerio de las Culturas, Artes y Saberes.<\/p>\n<p>\u2022\u2060 \u2060Se garantiza una asignaci\u00f3n presupuestal que permitir\u00e1 fortalecer el ecosistema cultural local, fomentar el turismo y dinamizar la econom\u00eda creativa en los municipios de la subregi\u00f3n.<\/p><\/blockquote>\n<p>Los beneficiarios directos ser\u00e1n los habitantes de los Montes de Mar\u00eda, as\u00ed como artistas, m\u00fasicos, artesanos, gestores culturales y emprendedores que encontrar\u00e1n en esta ley una herramienta para dignificar su labor y consolidar procesos de desarrollo territorial desde la cultura.<\/p>\n","protected":false},"excerpt":{"rendered":"<p>Bogot\u00e1, 2 de octubre de 2025.- La representante a la C\u00e1mara Juliana Aray celebr\u00f3 la aprobaci\u00f3n en segundo debate de su proyecto de ley que exalta el patrimonio hist\u00f3rico y multicultural de los Montes de Mar\u00eda, y declara como patrimonio cultural inmaterial de la Naci\u00f3n el Festival Multicultural de los Montes de Mar\u00eda. Este proyecto representa un reconocimiento al valor cultural y humano de una regi\u00f3n que ha sabido resistir y transformar el dolor en arte, memoria y vida. Con esta ley, el pa\u00eds rinde homenaje a la esencia de&#8230; <\/p>\n","protected":false},"author":3,"featured_media":58345,"comment_status":"closed","ping_status":"closed","sticky":false,"template":"","format":"standard","meta":{"footnotes":"","_links_to":"","_links_to_target":""},"categories":[336,1450,4],"tags":[73,338,285,548,585,298],"class_list":["post-58344","post","type-post","status-publish","format-standard","has-post-thumbnail","hentry","category-camara-de-representantes","category-parasladers","category-politica","tag-bolivar","tag-camara-de-representantes","tag-destacada","tag-juliana-aray","tag-montes-de-maria","tag-politica"],"_links":{"self":[{"href":"https:\/\/revistazetta.com\/index.php?rest_route=\/wp\/v2\/posts\/58344","targetHints":{"allow":["GET"]}}],"collection":[{"href":"https:\/\/revistazetta.com\/index.php?rest_route=\/wp\/v2\/posts"}],"about":[{"href":"https:\/\/revistazetta.com\/index.php?rest_route=\/wp\/v2\/types\/post"}],"author":[{"embeddable":true,"href":"https:\/\/revistazetta.com\/index.php?rest_route=\/wp\/v2\/users\/3"}],"replies":[{"embeddable":true,"href":"https:\/\/revistazetta.com\/index.php?rest_route=%2Fwp%2Fv2%2Fcomments&post=58344"}],"version-history":[{"count":0,"href":"https:\/\/revistazetta.com\/index.php?rest_route=\/wp\/v2\/posts\/58344\/revisions"}],"wp:featuredmedia":[{"embeddable":true,"href":"https:\/\/revistazetta.com\/index.php?rest_route=\/wp\/v2\/media\/58345"}],"wp:attachment":[{"href":"https:\/\/revistazetta.com\/index.php?rest_route=%2Fwp%2Fv2%2Fmedia&parent=58344"}],"wp:term":[{"taxonomy":"category","embeddable":true,"href":"https:\/\/revistazetta.com\/index.php?rest_route=%2Fwp%2Fv2%2Fcategories&post=58344"},{"taxonomy":"post_tag","embeddable":true,"href":"https:\/\/revistazetta.com\/index.php?rest_route=%2Fwp%2Fv2%2Ftags&post=58344"}],"curies":[{"name":"wp","href":"https:\/\/api.w.org\/{rel}","templated":true}]}}