{"id":58395,"date":"2025-10-11T11:35:41","date_gmt":"2025-10-11T16:35:41","guid":{"rendered":"https:\/\/revistazetta.com\/?p=58395"},"modified":"2025-10-11T11:35:41","modified_gmt":"2025-10-11T16:35:41","slug":"bolivar-vive-la-experiencia-vive-la-educacion-en-el-foro-educativo-departamental-bolivar-2025","status":"publish","type":"post","link":"https:\/\/revistazetta.com\/?p=58395","title":{"rendered":"Bol\u00edvar vive la experiencia, vive la educaci\u00f3n en el Foro Educativo Departamental Bol\u00edvar 2025"},"content":{"rendered":"<p style=\"padding-left: 40px;\"><span style=\"color: #0000ff;\"><em><strong>Gobernaci\u00f3n de Bol\u00edvar \u2013 Secretar\u00eda de Educaci\u00f3n Departamental<\/strong><\/em><\/span><br \/>\n<span style=\"color: #0000ff;\"><em><strong>\ud83d\udccd Centro de Convenciones de Cartagena<\/strong><\/em><\/span><br \/>\n<span style=\"color: #0000ff;\"><em><strong>\ud83d\udcc5 14 y 15 de octubre de 2025<\/strong><\/em><\/span><br \/>\n<span style=\"color: #0000ff;\"><em><strong>\ud83c\udf93 Bol\u00edvar vive la experiencia, vive la educaci\u00f3n.<\/strong><\/em><\/span><\/p>\n<p><strong>Cartagena de Indias, 11 de octubre de 2025.-<\/strong> Con el lema \u201cBol\u00edvar vive la experiencia, vive la educaci\u00f3n\u201d, m\u00e1s de 600 docentes, rectores, directivos, secretarios de educaci\u00f3n municipales y representantes de universidades y colegios de todo el departamento se re\u00fanen los d\u00edas martes 14 y mi\u00e9rcoles 15 de octubre en el Centro de Convenciones de Cartagena para participar en el Foro Educativo Departamental Bol\u00edvar 2025, un encuentro que promueve la reflexi\u00f3n, el intercambio de experiencias y el fortalecimiento de la calidad educativa en el territorio.<\/p>\n<p>Durante dos jornadas consecutivas, la comunidad educativa bolivarense vivir\u00e1 un espacio de di\u00e1logo y construcci\u00f3n colectiva en torno a los temas \u201cEducaci\u00f3n con calidad, coraz\u00f3n y futuro\u201d y \u201cConstruyendo juntos la educaci\u00f3n del futuro.\u201d<br \/>\nEl evento es liderado por la Gobernaci\u00f3n de Bol\u00edvar, a trav\u00e9s de la Secretar\u00eda de Educaci\u00f3n Departamental, bajo la direcci\u00f3n de la doctora Crisjulieth Ramos, secretaria de educaci\u00f3n, quien ha impulsado con determinaci\u00f3n una agenda de fortalecimiento institucional, innovaci\u00f3n pedag\u00f3gica y bienestar docente.<\/p>\n<p>El foro contar\u00e1 con la participaci\u00f3n especial del se\u00f1or Gobernador de Bol\u00edvar, Yamil Arana Padau\u00ed, quien reafirmar\u00e1 su compromiso con la educaci\u00f3n como motor de desarrollo humano, social y econ\u00f3mico del departamento. Su respaldo a los procesos educativos ha sido clave para que Bol\u00edvar avance hacia una pol\u00edtica educativa s\u00f3lida, inclusiva y con visi\u00f3n de futuro.<\/p>\n<p>La programaci\u00f3n incluye espacios emblem\u00e1ticos como el panel central \u201cExperiencias que inspiran\u201d, donde instituciones educativas de las distintas subregiones compartir\u00e1n proyectos transformadores; la entrega de reconocimientos educativos a docentes e instituciones destacadas; y la firma de la Declaratoria \u201cBol\u00edvar Educa con Futuro\u201d, que consolida los compromisos y desaf\u00edos del territorio frente al Plan Decenal de Educaci\u00f3n Nacional 2026\u20132036.<\/p>\n<p>En un ambiente de arte, cultura y sentido de pertenencia, el foro invita a vivir la educaci\u00f3n como una experiencia integral, reafirmando que \u201ceducar no es solo transmitir informaci\u00f3n, sino formar seres conscientes de su entorno, de su historia y de su papel en el planeta.\u201d<\/p>\n<p>As\u00ed, Bol\u00edvar demuestra que cuando la educaci\u00f3n se vive con pasi\u00f3n, compromiso y coraz\u00f3n, el aprendizaje se convierte en experiencia y el futuro en esperanza.<\/p>\n<p>&nbsp;<\/p>\n","protected":false},"excerpt":{"rendered":"<p>Gobernaci\u00f3n de Bol\u00edvar \u2013 Secretar\u00eda de Educaci\u00f3n Departamental \ud83d\udccd Centro de Convenciones de Cartagena \ud83d\udcc5 14 y 15 de octubre de 2025 \ud83c\udf93 Bol\u00edvar vive la experiencia, vive la educaci\u00f3n. Cartagena de Indias, 11 de octubre de 2025.- Con el lema \u201cBol\u00edvar vive la experiencia, vive la educaci\u00f3n\u201d, m\u00e1s de 600 docentes, rectores, directivos, secretarios de educaci\u00f3n municipales y representantes de universidades y colegios de todo el departamento se re\u00fanen los d\u00edas martes 14 y mi\u00e9rcoles 15 de octubre en el Centro de Convenciones de Cartagena para participar en el&#8230; <\/p>\n","protected":false},"author":3,"featured_media":58396,"comment_status":"closed","ping_status":"closed","sticky":false,"template":"","format":"standard","meta":{"footnotes":"","_links_to":"","_links_to_target":""},"categories":[33,1450,80],"tags":[73,285,1823,300],"class_list":["post-58395","post","type-post","status-publish","format-standard","has-post-thumbnail","hentry","category-actualidad-bolivar","category-parasladers","category-region","tag-bolivar","tag-destacada","tag-foro-educativo-departamental","tag-region"],"_links":{"self":[{"href":"https:\/\/revistazetta.com\/index.php?rest_route=\/wp\/v2\/posts\/58395","targetHints":{"allow":["GET"]}}],"collection":[{"href":"https:\/\/revistazetta.com\/index.php?rest_route=\/wp\/v2\/posts"}],"about":[{"href":"https:\/\/revistazetta.com\/index.php?rest_route=\/wp\/v2\/types\/post"}],"author":[{"embeddable":true,"href":"https:\/\/revistazetta.com\/index.php?rest_route=\/wp\/v2\/users\/3"}],"replies":[{"embeddable":true,"href":"https:\/\/revistazetta.com\/index.php?rest_route=%2Fwp%2Fv2%2Fcomments&post=58395"}],"version-history":[{"count":0,"href":"https:\/\/revistazetta.com\/index.php?rest_route=\/wp\/v2\/posts\/58395\/revisions"}],"wp:featuredmedia":[{"embeddable":true,"href":"https:\/\/revistazetta.com\/index.php?rest_route=\/wp\/v2\/media\/58396"}],"wp:attachment":[{"href":"https:\/\/revistazetta.com\/index.php?rest_route=%2Fwp%2Fv2%2Fmedia&parent=58395"}],"wp:term":[{"taxonomy":"category","embeddable":true,"href":"https:\/\/revistazetta.com\/index.php?rest_route=%2Fwp%2Fv2%2Fcategories&post=58395"},{"taxonomy":"post_tag","embeddable":true,"href":"https:\/\/revistazetta.com\/index.php?rest_route=%2Fwp%2Fv2%2Ftags&post=58395"}],"curies":[{"name":"wp","href":"https:\/\/api.w.org\/{rel}","templated":true}]}}