{"id":58397,"date":"2025-10-11T11:57:48","date_gmt":"2025-10-11T16:57:48","guid":{"rendered":"https:\/\/revistazetta.com\/?p=58397"},"modified":"2025-10-11T11:57:48","modified_gmt":"2025-10-11T16:57:48","slug":"que-bien-monumento-a-los-alcatraces-recupero-su-esplendor","status":"publish","type":"post","link":"https:\/\/revistazetta.com\/?p=58397","title":{"rendered":"\u00a1Qu\u00e9 bien! Monumento a los Alcatraces recuper\u00f3 su esplendor"},"content":{"rendered":"<p style=\"padding-left: 40px;\"><span style=\"color: #0000ff;\"><strong><em>Alcalde Dumek Turbay devela transformaci\u00f3n del Monumento a Los Alcatraces, testigo privilegiado del mar y los atardeceres cartageneros, luego de 12 a\u00f1os en completo abandono.<\/em><\/strong><\/span><\/p>\n<p><strong>Cartagena de Indias, 11 de octubre de 2025.-<\/strong>\u00a0El alcalde Mayor de Cartagena, Dumek Turbay Paz, devel\u00f3 de manera oficial la transformaci\u00f3n del emblem\u00e1tico monumento a Los Alcatraces, obra del maestro Eladio Gil Zambrana, inaugurada en 1974 en homenaje al poeta Daniel Lemaitre, y que hoy vuelve a destacar en el paisaje de la avenida Santander.<\/p>\n<p>Los Alcatraces, tras su transformaci\u00f3n, destacan un nuevo sistema de alumbrado p\u00fablico que realza su valor art\u00edstico y devuelve vitalidad a uno de los puntos m\u00e1s representativos del litoral cartagenero.<\/p>\n<p>En medio de un acto simb\u00f3lico realizado este jueves, con el mar Caribe cartagenero como fondo, el alcalde Dumek Turbay Paz hizo oficial la entrega de la transformaci\u00f3n y recuperaci\u00f3n del emblem\u00e1tico Monumento a Los Alcatraces, ubicado sobre la Avenida Santander.<\/p>\n<p><img loading=\"lazy\" decoding=\"async\" class=\"alignnone size-medium wp-image-58400\" src=\"https:\/\/revistazetta.com\/wp-content\/uploads\/2025\/10\/WhatsApp-Image-2025-10-09-at-19.01.58-2-500x333.jpeg\" alt=\"\" width=\"500\" height=\"333\" srcset=\"https:\/\/revistazetta.com\/wp-content\/uploads\/2025\/10\/WhatsApp-Image-2025-10-09-at-19.01.58-2-500x333.jpeg 500w, https:\/\/revistazetta.com\/wp-content\/uploads\/2025\/10\/WhatsApp-Image-2025-10-09-at-19.01.58-2-1024x683.jpeg 1024w, https:\/\/revistazetta.com\/wp-content\/uploads\/2025\/10\/WhatsApp-Image-2025-10-09-at-19.01.58-2-243x162.jpeg 243w, https:\/\/revistazetta.com\/wp-content\/uploads\/2025\/10\/WhatsApp-Image-2025-10-09-at-19.01.58-2-1536x1024.jpeg 1536w, https:\/\/revistazetta.com\/wp-content\/uploads\/2025\/10\/WhatsApp-Image-2025-10-09-at-19.01.58-2-2048x1366.jpeg 2048w\" sizes=\"auto, (max-width: 500px) 100vw, 500px\" \/><\/p>\n<p>Los trabajos realizados hicieron parte del proceso de modernizaci\u00f3n del alumbrado p\u00fablico que lidera la Secretar\u00eda General del Distrito, de la mano del contratista EPM, y que avanza en distintos sectores de la ciudad.<\/p>\n<p>La intervenci\u00f3n, que represent\u00f3 una inversi\u00f3n de $134.685.693, incluy\u00f3 la instalaci\u00f3n de 17 puntos luminosos, 356 metros lineales de redes el\u00e9ctricas y el reemplazo de siete postes met\u00e1licos por estructuras de fibra de vidrio, reubicadas para mejorar la visual hacia la escultura y armonizar su entorno frente al mar.<\/p>\n<p>Con esta entrega, el monumento se integra al plan de renovaci\u00f3n de la Avenida Santander, proyecto que contempla una inversi\u00f3n de $1.844 millones y que moderniza la iluminaci\u00f3n vial y ornamental con nuevos postes y luminarias m\u00e1s seguras y eficientes.<\/p>\n<p>La modernizaci\u00f3n del alumbrado en Los Alcatraces se enmarca en la gesti\u00f3n que adelanta el gobierno del alcalde Mayor, Dumek Turbay Paz, para recuperar los espacios con valor hist\u00f3rico, tur\u00edstico y de esparcimiento colectivo, integr\u00e1ndolos a una red de iluminaci\u00f3n m\u00e1s eficiente y sostenible.<\/p>\n<p><img loading=\"lazy\" decoding=\"async\" class=\"alignnone size-medium wp-image-58401\" src=\"https:\/\/revistazetta.com\/wp-content\/uploads\/2025\/10\/WhatsApp-Image-2025-10-09-at-18.46.29-500x281.jpeg\" alt=\"\" width=\"500\" height=\"281\" srcset=\"https:\/\/revistazetta.com\/wp-content\/uploads\/2025\/10\/WhatsApp-Image-2025-10-09-at-18.46.29-500x281.jpeg 500w, https:\/\/revistazetta.com\/wp-content\/uploads\/2025\/10\/WhatsApp-Image-2025-10-09-at-18.46.29-1024x576.jpeg 1024w, https:\/\/revistazetta.com\/wp-content\/uploads\/2025\/10\/WhatsApp-Image-2025-10-09-at-18.46.29-250x141.jpeg 250w, https:\/\/revistazetta.com\/wp-content\/uploads\/2025\/10\/WhatsApp-Image-2025-10-09-at-18.46.29-1536x864.jpeg 1536w, https:\/\/revistazetta.com\/wp-content\/uploads\/2025\/10\/WhatsApp-Image-2025-10-09-at-18.46.29-2048x1152.jpeg 2048w\" sizes=\"auto, (max-width: 500px) 100vw, 500px\" \/><\/p>\n<p>\u201cObras son amores y no buenas razones. Recuperar en tiempos r\u00e9cord los escenarios emblem\u00e1ticos de nuestra ciudad es un potente mensaje a toda la ciudadan\u00eda: se acab\u00f3 la era del abandono y la desidia. Cartagena merece grandeza y mucho m\u00e1s; sin embargo, para que la \u00e9poca del declive, de los parques abandonados, oscuros y en ruinas, no regrese, depende mucho de que los mismos ciudadanos se empoderen a mantenerlos, cuidarlos, vigilarlos y preservarlos\u201d, expres\u00f3 el alcalde Dumek Turbay.<\/p>\n<p>De esta manera, el alcalde Turbay Paz contin\u00faa impulsando un modelo de ciudad que fortalece la conexi\u00f3n entre el patrimonio, el espacio p\u00fablico y la experiencia ciudadana, a trav\u00e9s de intervenciones que combinan funcionalidad, iluminaci\u00f3n pro seguridad y preservaci\u00f3n est\u00e9tica.<\/p>\n<p>El proyecto hace parte del Plan Maestro de Modernizaci\u00f3n del Alumbrado P\u00fablico del Centro Hist\u00f3rico, que contempla una inversi\u00f3n total de $25.516 millones y abarca espacios emblem\u00e1ticos como la Torre del Reloj, el Camell\u00f3n de los M\u00e1rtires, la Plaza de la Aduana, la de Los Coches, la de Santo Domingo, los once kil\u00f3metros de murallas, la avenida Santander, el puente Rom\u00e1n, el parque de la Marina, el muelle de la Bodeguita, entre otros.<\/p>\n<p><img loading=\"lazy\" decoding=\"async\" class=\"alignnone size-medium wp-image-58399\" src=\"https:\/\/revistazetta.com\/wp-content\/uploads\/2025\/10\/WhatsApp-Image-2025-10-09-at-18.46.21-1-500x281.jpeg\" alt=\"\" width=\"500\" height=\"281\" srcset=\"https:\/\/revistazetta.com\/wp-content\/uploads\/2025\/10\/WhatsApp-Image-2025-10-09-at-18.46.21-1-500x281.jpeg 500w, https:\/\/revistazetta.com\/wp-content\/uploads\/2025\/10\/WhatsApp-Image-2025-10-09-at-18.46.21-1-1024x576.jpeg 1024w, https:\/\/revistazetta.com\/wp-content\/uploads\/2025\/10\/WhatsApp-Image-2025-10-09-at-18.46.21-1-250x141.jpeg 250w, https:\/\/revistazetta.com\/wp-content\/uploads\/2025\/10\/WhatsApp-Image-2025-10-09-at-18.46.21-1-1536x864.jpeg 1536w, https:\/\/revistazetta.com\/wp-content\/uploads\/2025\/10\/WhatsApp-Image-2025-10-09-at-18.46.21-1-2048x1152.jpeg 2048w\" sizes=\"auto, (max-width: 500px) 100vw, 500px\" \/><\/p>\n<p>El programa de modernizaci\u00f3n aporta beneficios directos a la ciudad al mejorar la seguridad vial y peatonal, optimizar el consumo energ\u00e9tico con tecnolog\u00edas m\u00e1s eficientes y reducir los costos de mantenimiento. Adem\u00e1s, refuerza el sentido de pertenencia y la apropiaci\u00f3n ciudadana de los espacios patrimoniales, integrando la luz como un elemento que dignifica el entorno y realza la identidad hist\u00f3rica y tur\u00edstica de Cartagena.<\/p>\n<p>Pr\u00f3ximamente, la ciudad continuar\u00e1 esta apuesta por el patrimonio y la iluminaci\u00f3n p\u00fablica con la entrega del Monumento a los Oc\u00e9anos, otra obra emblem\u00e1tica que se incorporar\u00e1 al plan de modernizaci\u00f3n de la Avenida Santander, haciendo de este corredor como un espacio donde arte, historia y funcionalidad se encuentran al servicio de la ciudadan\u00eda.<\/p>\n<p>El alcalde Turbay Paz se refiri\u00f3 a la importancia de la recuperaci\u00f3n del ic\u00f3nico monumento que completaba m\u00e1s de 12 a\u00f1os sin ninguna clase de intervenci\u00f3n.<\/p>\n<p>\u201cLa \u00faltima vez que una administraci\u00f3n intervino estos espacios fue hace m\u00e1s de doce a\u00f1os, cuando el exgobernador Juan Carlos Gossa\u00edn le meti\u00f3 la mano a estos sitios y les dio estatus. Y por ello hace a\u00f1os son vestigios del abandono, la desidia, el salitre y la intemperie. Por eso decidimos intervenirlos de forma prioritaria, pues a diario son visitados por centenares de turistas y cartageneros\u201d, afirm\u00f3 el alcalde Dumek Turbay.<\/p>\n<p>El mandatario de los cartageneros agreg\u00f3 que: \u201cEstos son sitios estrat\u00e9gicos en una avenida que es la entrada de la ciudad, limita con las playas de Marbella y El Cabrero, bordea el Centro Hist\u00f3rico y da ingreso a Bocagrande, un gran foco tur\u00edstico y residencial. Por ende, estos monumentos no pod\u00edan seguir as\u00ed en pleno trayecto de quienes llegan a la Heroica, y los tienen de lugares de visita, puntos de referencia y espacios atractivos para tomar postales de recuerdo\u201d, indic\u00f3 Turbay.<\/p>\n<p><strong>M\u00e1s sobre los monumentos<\/strong><\/p>\n<p>El \u201cMonumento a Los Alcatraces\u201d fue un regalo del escultor Eladio Gil Zambrano en 1974, quien la dedic\u00f3 al movimiento c\u00edvico \u00abHechos y No Palabras\u00bb en homenaje a Daniel Lemaitre. La escultura representa un grupo de alcatraces volando en bandada sobre un pedestal.<\/p>\n<p>Por su parte, el monumento \u201cLa Uni\u00f3n de los Oc\u00e9anos\u201d, est\u00e1 ubicado frente al Parque de La Marina desde 1998 para conmemorar el A\u00f1o de los Oc\u00e9anos.<\/p>\n<p>&nbsp;<\/p>\n","protected":false},"excerpt":{"rendered":"<p>Alcalde Dumek Turbay devela transformaci\u00f3n del Monumento a Los Alcatraces, testigo privilegiado del mar y los atardeceres cartageneros, luego de 12 a\u00f1os en completo abandono. Cartagena de Indias, 11 de octubre de 2025.-\u00a0El alcalde Mayor de Cartagena, Dumek Turbay Paz, devel\u00f3 de manera oficial la transformaci\u00f3n del emblem\u00e1tico monumento a Los Alcatraces, obra del maestro Eladio Gil Zambrana, inaugurada en 1974 en homenaje al poeta Daniel Lemaitre, y que hoy vuelve a destacar en el paisaje de la avenida Santander. Los Alcatraces, tras su transformaci\u00f3n, destacan un nuevo sistema de&#8230; <\/p>\n","protected":false},"author":3,"featured_media":58398,"comment_status":"closed","ping_status":"closed","sticky":false,"template":"","format":"standard","meta":{"footnotes":"","_links_to":"","_links_to_target":""},"categories":[85,1450,32],"tags":[111,191,285,296,74,2544],"class_list":["post-58397","post","type-post","status-publish","format-standard","has-post-thumbnail","hentry","category-cartagena","category-parasladers","category-actualidad-distrito","tag-cartagena","tag-cartagena-de-indias","tag-destacada","tag-distrito","tag-dumek-turbay","tag-monumento-a-los-alcatraces"],"_links":{"self":[{"href":"https:\/\/revistazetta.com\/index.php?rest_route=\/wp\/v2\/posts\/58397","targetHints":{"allow":["GET"]}}],"collection":[{"href":"https:\/\/revistazetta.com\/index.php?rest_route=\/wp\/v2\/posts"}],"about":[{"href":"https:\/\/revistazetta.com\/index.php?rest_route=\/wp\/v2\/types\/post"}],"author":[{"embeddable":true,"href":"https:\/\/revistazetta.com\/index.php?rest_route=\/wp\/v2\/users\/3"}],"replies":[{"embeddable":true,"href":"https:\/\/revistazetta.com\/index.php?rest_route=%2Fwp%2Fv2%2Fcomments&post=58397"}],"version-history":[{"count":0,"href":"https:\/\/revistazetta.com\/index.php?rest_route=\/wp\/v2\/posts\/58397\/revisions"}],"wp:featuredmedia":[{"embeddable":true,"href":"https:\/\/revistazetta.com\/index.php?rest_route=\/wp\/v2\/media\/58398"}],"wp:attachment":[{"href":"https:\/\/revistazetta.com\/index.php?rest_route=%2Fwp%2Fv2%2Fmedia&parent=58397"}],"wp:term":[{"taxonomy":"category","embeddable":true,"href":"https:\/\/revistazetta.com\/index.php?rest_route=%2Fwp%2Fv2%2Fcategories&post=58397"},{"taxonomy":"post_tag","embeddable":true,"href":"https:\/\/revistazetta.com\/index.php?rest_route=%2Fwp%2Fv2%2Ftags&post=58397"}],"curies":[{"name":"wp","href":"https:\/\/api.w.org\/{rel}","templated":true}]}}