{"id":58442,"date":"2025-10-14T11:49:16","date_gmt":"2025-10-14T16:49:16","guid":{"rendered":"https:\/\/revistazetta.com\/?p=58442"},"modified":"2025-10-14T11:49:54","modified_gmt":"2025-10-14T16:49:54","slug":"cne-puso-en-marcha-la-plataforma-de-formacion-electoral-y-marca-hito-en-la-participacion-politica-juvenil-en-colombia","status":"publish","type":"post","link":"https:\/\/revistazetta.com\/?p=58442","title":{"rendered":"CNE puso en marcha la plataforma de formaci\u00f3n electoral y marca hito en la participaci\u00f3n pol\u00edtica juvenil en Colombia"},"content":{"rendered":"<p><strong>Bogot\u00e1, 14 de octubre de 2025.-<\/strong> \u00a1La transformaci\u00f3n pol\u00edtica juvenil ya est\u00e1 en marcha! La plataforma virtual de formaci\u00f3n electoral que dispuso el Consejo Nacional Electoral (CNE) ya est\u00e1 disponible y ha tenido una acogida sin precedentes entre los j\u00f3venes del pa\u00eds. Esta herramienta gratuita y que certifica a los usuarios, es de f\u00e1cil acceso y est\u00e1 impulsando una nueva generaci\u00f3n de l\u00edderes informados y comprometidos con la democracia.<br \/>\nM\u00e1s de 40.000 j\u00f3venes se inscribieron como candidatos para integrar los Consejos Municipales y Locales de Juventud, demostrando que la juventud colombiana no solo quiere participar y ejercer control pol\u00edtico, sino tambi\u00e9n prepararse y tomar las riendas del cambio desde los territorios.<br \/>\nEl acceso a la plataforma es muy sencillo. Los j\u00f3venes que no tengan credenciales pueden registrarse f\u00e1cilmente con su documento de identidad, nombres, apellidos y un correo electr\u00f3nico en el siguiente link: capacitacionemjcne.com. Una vez completados los datos, un agente de la mesa de ayuda del CNE se pondr\u00e1 en contacto para dar las claves de acceso finales.<br \/>\n\u00abEsta plataforma es una respuesta directa al deseo de los j\u00f3venes de ser parte activa de al democracia. Hoy no solo votan, tambi\u00e9n se forman, se certifican y construyen pa\u00eds con conocimiento\u00bb, afirm\u00f3 el CNE.<\/p>\n","protected":false},"excerpt":{"rendered":"<p>Bogot\u00e1, 14 de octubre de 2025.- \u00a1La transformaci\u00f3n pol\u00edtica juvenil ya est\u00e1 en marcha! La plataforma virtual de formaci\u00f3n electoral que dispuso el Consejo Nacional Electoral (CNE) ya est\u00e1 disponible y ha tenido una acogida sin precedentes entre los j\u00f3venes del pa\u00eds. Esta herramienta gratuita y que certifica a los usuarios, es de f\u00e1cil acceso y est\u00e1 impulsando una nueva generaci\u00f3n de l\u00edderes informados y comprometidos con la democracia. M\u00e1s de 40.000 j\u00f3venes se inscribieron como candidatos para integrar los Consejos Municipales y Locales de Juventud, demostrando que la juventud&#8230; <\/p>\n","protected":false},"author":3,"featured_media":58443,"comment_status":"closed","ping_status":"closed","sticky":false,"template":"","format":"standard","meta":{"footnotes":"","_links_to":"","_links_to_target":""},"categories":[2,1450,35],"tags":[294,2546,285,1531,295],"class_list":["post-58442","post","type-post","status-publish","format-standard","has-post-thumbnail","hentry","category-actualidad","category-parasladers","category-actualidad-nacion","tag-actualidad","tag-cne","tag-destacada","tag-elecciones","tag-nacion"],"_links":{"self":[{"href":"https:\/\/revistazetta.com\/index.php?rest_route=\/wp\/v2\/posts\/58442","targetHints":{"allow":["GET"]}}],"collection":[{"href":"https:\/\/revistazetta.com\/index.php?rest_route=\/wp\/v2\/posts"}],"about":[{"href":"https:\/\/revistazetta.com\/index.php?rest_route=\/wp\/v2\/types\/post"}],"author":[{"embeddable":true,"href":"https:\/\/revistazetta.com\/index.php?rest_route=\/wp\/v2\/users\/3"}],"replies":[{"embeddable":true,"href":"https:\/\/revistazetta.com\/index.php?rest_route=%2Fwp%2Fv2%2Fcomments&post=58442"}],"version-history":[{"count":0,"href":"https:\/\/revistazetta.com\/index.php?rest_route=\/wp\/v2\/posts\/58442\/revisions"}],"wp:featuredmedia":[{"embeddable":true,"href":"https:\/\/revistazetta.com\/index.php?rest_route=\/wp\/v2\/media\/58443"}],"wp:attachment":[{"href":"https:\/\/revistazetta.com\/index.php?rest_route=%2Fwp%2Fv2%2Fmedia&parent=58442"}],"wp:term":[{"taxonomy":"category","embeddable":true,"href":"https:\/\/revistazetta.com\/index.php?rest_route=%2Fwp%2Fv2%2Fcategories&post=58442"},{"taxonomy":"post_tag","embeddable":true,"href":"https:\/\/revistazetta.com\/index.php?rest_route=%2Fwp%2Fv2%2Ftags&post=58442"}],"curies":[{"name":"wp","href":"https:\/\/api.w.org\/{rel}","templated":true}]}}