{"id":58444,"date":"2025-10-14T16:01:32","date_gmt":"2025-10-14T21:01:32","guid":{"rendered":"https:\/\/revistazetta.com\/?p=58444"},"modified":"2025-10-14T16:01:32","modified_gmt":"2025-10-14T21:01:32","slug":"presidencia-de-la-asamblea-de-bolivar-2026-con-la-juventud-y-liderazgo-de-sofia-ricardo","status":"publish","type":"post","link":"https:\/\/revistazetta.com\/?p=58444","title":{"rendered":"Presidencia de la Asamblea de Bol\u00edvar 2026 con la juventud y liderazgo de Sof\u00eda Ricardo"},"content":{"rendered":"<p><strong>Cartagena de Indias, 14 de octubre de 2025.-<\/strong> Tal vez sea la dirigente m\u00e1s joven en llegar a la Presidencia de la Asamblea de Bol\u00edvar. En todo caso, sin cumplir a\u00fan 30 a\u00f1os de edad, Sof\u00eda Ricardo Villadiego (ASI) conducir\u00e1 los destinos de la Duma en 2026, acompa\u00f1ada en la Mesa Directiva por Viviana Villalobos (Cambio Radical &#8211; Primera Vicepresidenta) y Zaith Adechine (Movimiento de Salvaci\u00f3n Nacional &#8211; Segundo Vicepresidente).<\/p>\n<p>La elecci\u00f3n se cumpli\u00f3 en la ma\u00f1ana de este martes 14 de octubre, en un proceso tranquilo y sin sobresaltos. El nombre de Sof\u00eda no tuvo resistencia y el camino qued\u00f3 despejado cual v\u00eda reci\u00e9n pavimentada.<\/p>\n<p>Ricardo Villadiego se ha destacado por la profundidad en sus planteamientos, la sustentaci\u00f3n de sus apreciaciones, y el respeto en las relaciones pol\u00edticas, destac\u00e1ndose como una de las diputadas m\u00e1s prestigiosas del pa\u00eds, reconocida por ASI, su colectividad.<\/p>\n<p>&nbsp;<\/p>\n","protected":false},"excerpt":{"rendered":"<p>Cartagena de Indias, 14 de octubre de 2025.- Tal vez sea la dirigente m\u00e1s joven en llegar a la Presidencia de la Asamblea de Bol\u00edvar. En todo caso, sin cumplir a\u00fan 30 a\u00f1os de edad, Sof\u00eda Ricardo Villadiego (ASI) conducir\u00e1 los destinos de la Duma en 2026, acompa\u00f1ada en la Mesa Directiva por Viviana Villalobos (Cambio Radical &#8211; Primera Vicepresidenta) y Zaith Adechine (Movimiento de Salvaci\u00f3n Nacional &#8211; Segundo Vicepresidente). La elecci\u00f3n se cumpli\u00f3 en la ma\u00f1ana de este martes 14 de octubre, en un proceso tranquilo y sin sobresaltos&#8230;. <\/p>\n","protected":false},"author":3,"featured_media":58445,"comment_status":"closed","ping_status":"closed","sticky":false,"template":"","format":"standard","meta":{"footnotes":"","_links_to":"","_links_to_target":""},"categories":[28,1450,4],"tags":[322,285,298,1464,619,172],"class_list":["post-58444","post","type-post","status-publish","format-standard","has-post-thumbnail","hentry","category-politica-asamblea","category-parasladers","category-politica","tag-asamblea","tag-destacada","tag-politica","tag-sofia-ricardo","tag-viviana-villalobos","tag-zaith-adechine"],"_links":{"self":[{"href":"https:\/\/revistazetta.com\/index.php?rest_route=\/wp\/v2\/posts\/58444","targetHints":{"allow":["GET"]}}],"collection":[{"href":"https:\/\/revistazetta.com\/index.php?rest_route=\/wp\/v2\/posts"}],"about":[{"href":"https:\/\/revistazetta.com\/index.php?rest_route=\/wp\/v2\/types\/post"}],"author":[{"embeddable":true,"href":"https:\/\/revistazetta.com\/index.php?rest_route=\/wp\/v2\/users\/3"}],"replies":[{"embeddable":true,"href":"https:\/\/revistazetta.com\/index.php?rest_route=%2Fwp%2Fv2%2Fcomments&post=58444"}],"version-history":[{"count":0,"href":"https:\/\/revistazetta.com\/index.php?rest_route=\/wp\/v2\/posts\/58444\/revisions"}],"wp:featuredmedia":[{"embeddable":true,"href":"https:\/\/revistazetta.com\/index.php?rest_route=\/wp\/v2\/media\/58445"}],"wp:attachment":[{"href":"https:\/\/revistazetta.com\/index.php?rest_route=%2Fwp%2Fv2%2Fmedia&parent=58444"}],"wp:term":[{"taxonomy":"category","embeddable":true,"href":"https:\/\/revistazetta.com\/index.php?rest_route=%2Fwp%2Fv2%2Fcategories&post=58444"},{"taxonomy":"post_tag","embeddable":true,"href":"https:\/\/revistazetta.com\/index.php?rest_route=%2Fwp%2Fv2%2Ftags&post=58444"}],"curies":[{"name":"wp","href":"https:\/\/api.w.org\/{rel}","templated":true}]}}