{"id":58493,"date":"2025-10-20T11:29:27","date_gmt":"2025-10-20T16:29:27","guid":{"rendered":"https:\/\/revistazetta.com\/?p=58493"},"modified":"2025-10-20T14:18:12","modified_gmt":"2025-10-20T19:18:12","slug":"llegaron-los-tubos-dumek-cumple-inicio-construccion-del-alcantarillado-de-bayunca-y-pontezuela","status":"publish","type":"post","link":"https:\/\/revistazetta.com\/?p=58493","title":{"rendered":"Alcantarillado de Bayunca y Pontezuela: Del dicho al hecho"},"content":{"rendered":"<ul>\n<li><span style=\"color: #0000ff;\"><em>\u201cSe acab\u00f3 la letrina y el \u2018totumazo\u2019 para ba\u00f1arse\u201d, resalt\u00f3 el alcalde Dumek Turbay. Tras 48 a\u00f1os de espera, Bayunca y Pontezuela tendr\u00e1n alcantarillado: se inici\u00f3 la megaobra que beneficiar\u00e1 a m\u00e1s de 26 mil personas de la zona rural de Cartagena<\/em><\/span><\/li>\n<li><span style=\"color: #0000ff;\"><em>El alcalde Dumek Turbay, junto al gobernador Yamil Arana y Helga Rivas, ministra de Vivienda, lideraron el acto de inicio de un proyecto de $120 mil millones, el cual transformar\u00e1 las realidades de ambos corregimientos, con un tiempo de ejecuci\u00f3n estipulado de 19 meses.<\/em><\/span><\/li>\n<\/ul>\n<p><strong>Cartagena de Indias, 20 de octubre de 2025.<\/strong> Se acab\u00f3 la \u00abmamadera de gallo\u00bb de casi medio siglo para Bayunca y Pontezuela. En medio de una jornada hist\u00f3rica para 26.762 habitantes de esos corregimientos, en zona rural del norte de Cartagena, se iniciaron este lunes de manera oficial las obras de construcci\u00f3n del anhelado alcantarillado sanitario que transformar\u00e1 la calidad de vida de ambas comunidades.<\/p>\n<p>Con recursos del Distrito en un 50%, complementados por la Gobernaci\u00f3n de Bol\u00edvar, la Naci\u00f3n con otro 20 y Aguas de Cartagena, el inicio de obras se le dice adi\u00f3s a la era de las protestas y clamores por este servicio b\u00e1sico, las aguas residuales y estancadas en sus calles, y las enfermedades contagiosas para ni\u00f1os y adultos mayores. \u201cSe acab\u00f3 la letrina y el \u2018totumazo\u2019 para ba\u00f1arse\u201d, en palabras del alcalde Dumek Turbay.<\/p>\n<p><img loading=\"lazy\" decoding=\"async\" class=\"alignnone size-medium wp-image-58510\" src=\"https:\/\/revistazetta.com\/wp-content\/uploads\/2025\/10\/WhatsApp-Image-2025-10-20-at-11.06.15-500x333.jpeg\" alt=\"\" width=\"500\" height=\"333\" srcset=\"https:\/\/revistazetta.com\/wp-content\/uploads\/2025\/10\/WhatsApp-Image-2025-10-20-at-11.06.15-500x333.jpeg 500w, https:\/\/revistazetta.com\/wp-content\/uploads\/2025\/10\/WhatsApp-Image-2025-10-20-at-11.06.15-1024x683.jpeg 1024w, https:\/\/revistazetta.com\/wp-content\/uploads\/2025\/10\/WhatsApp-Image-2025-10-20-at-11.06.15-243x162.jpeg 243w, https:\/\/revistazetta.com\/wp-content\/uploads\/2025\/10\/WhatsApp-Image-2025-10-20-at-11.06.15.jpeg 1280w\" sizes=\"auto, (max-width: 500px) 100vw, 500px\" \/><\/p>\n<p>El mandatario de los cartageneros, en medio de su intervenci\u00f3n, se refiri\u00f3 a la que catalog\u00f3 como una prioridad desde el primer d\u00eda de su gobierno.<\/p>\n<p>\u201cQu\u00e9 grato es poder tener la oportunidad de participar, como alcalde Mayor de Cartagena, en un hecho hist\u00f3rico que alegra tantos corazones. Las obras son de la gente; no nos pertenecen a nosotros como gobierno. Este proyecto naci\u00f3 de la rabia de los bayunqueros, quienes cansados de que las aguas negras corrieran enfrente de sus casas, manifestaron: no nos interesa nada m\u00e1s, sino que nos resuelvan el problema de nuestro alcantarillado. As\u00ed pasaron tantos a\u00f1os hasta que, por fin, la comunidad y el Gobierno en todas sus instancias hoy ponen fin a un dolor de cabeza de tantas generaciones. Hoy, gracias al trabajo en equipo de la Alcald\u00eda de Cartagena, el Gobierno nacional y la Gobernaci\u00f3n de Bol\u00edvar, nos correspondi\u00f3 a nosotros ser portadores de esta hermosa noticia, una bendici\u00f3n para esas m\u00e1s de 26.000 personas de tantas familias buenas y trabajadoras de Bayunca y Pontezuela\u201d, dijo Turbay Paz.<\/p>\n<p><img loading=\"lazy\" decoding=\"async\" class=\"alignnone size-medium wp-image-58504\" src=\"https:\/\/revistazetta.com\/wp-content\/uploads\/2025\/10\/WhatsApp-Image-2025-10-20-at-10.09.40-500x333.jpeg\" alt=\"\" width=\"500\" height=\"333\" srcset=\"https:\/\/revistazetta.com\/wp-content\/uploads\/2025\/10\/WhatsApp-Image-2025-10-20-at-10.09.40-500x333.jpeg 500w, https:\/\/revistazetta.com\/wp-content\/uploads\/2025\/10\/WhatsApp-Image-2025-10-20-at-10.09.40-1024x683.jpeg 1024w, https:\/\/revistazetta.com\/wp-content\/uploads\/2025\/10\/WhatsApp-Image-2025-10-20-at-10.09.40-243x162.jpeg 243w, https:\/\/revistazetta.com\/wp-content\/uploads\/2025\/10\/WhatsApp-Image-2025-10-20-at-10.09.40.jpeg 1280w\" sizes=\"auto, (max-width: 500px) 100vw, 500px\" \/><\/p>\n<p>El gobernador Yamil Arana Padau\u00ed destac\u00f3 que este proyecto es el s\u00edmbolo de una nueva forma de gobernar en equipo:<\/p>\n<p>\u201cDurante a\u00f1os la lucha fue por conseguir los recursos; ahora la lucha es por trabajar unidos. Aqu\u00ed no hubo necesidad de protestas ni bloqueos. Esta es la prueba de que cuando hay voluntad pol\u00edtica y compromiso institucional, se logran los mejores resultados. Bayunca y Pontezuela son hoy ejemplo de uni\u00f3n y progreso para todo Bol\u00edvar\u201d.<\/p>\n<p>Adem\u00e1s, en corregimientos con calles tradicionalmente destapadas y llenas de fango, con las redes y tuber\u00edas del nuevo alcantarillado queda todo listo para que la Alcald\u00eda de Cartagena pueda pavimentar sus calles.<\/p>\n<p>El acto oficial cont\u00f3 con la presencia, entre otros invitados, del alcalde Mayor de Cartagena, Dumek Turbay Paz; la ministra de Vivienda, Ciudad y Territorio, Helga Rivas Ardila; el gobernador de Bol\u00edvar, Yamil Arana, y el gerente de Aguas de Cartagena, John Montoya Ca\u00f1as.<\/p>\n<p>El hist\u00f3rico proyecto fue posible gracias a la articulaci\u00f3n entre la Alcald\u00eda Mayor de Cartagena, el Gobierno nacional, la Gobernaci\u00f3n de Bol\u00edvar y la empresa Aguas de Cartagena, con un aporte conjunto por el orden de los $120.000 millones, con un tiempo de ejecuci\u00f3n estipulado de las obras de 19 meses.<\/p>\n<p>El Distrito, en cabeza del alcalde Dumek Turbay Paz, aport\u00f3 $60.000 millones; el Gobierno nacional, a trav\u00e9s del Ministerio de Vivienda, Ciudad y Territorio, garantiz\u00f3 $40.000 millones; mientras que la Gobernaci\u00f3n de Bol\u00edvar destin\u00f3 recursos correspondientes a $20.000 millones. La empresa Aguas de Cartagena, por su parte, har\u00e1 la interventor\u00eda, desde su amplia trayectoria t\u00e9cnica, por un valor cercano a los $6.000 millones.<\/p>\n<p><img loading=\"lazy\" decoding=\"async\" class=\"alignnone size-medium wp-image-58498\" src=\"https:\/\/revistazetta.com\/wp-content\/uploads\/2025\/10\/WhatsApp-Image-2025-10-20-at-10.09.32-500x333.jpeg\" alt=\"\" width=\"500\" height=\"333\" srcset=\"https:\/\/revistazetta.com\/wp-content\/uploads\/2025\/10\/WhatsApp-Image-2025-10-20-at-10.09.32-500x333.jpeg 500w, https:\/\/revistazetta.com\/wp-content\/uploads\/2025\/10\/WhatsApp-Image-2025-10-20-at-10.09.32-1024x683.jpeg 1024w, https:\/\/revistazetta.com\/wp-content\/uploads\/2025\/10\/WhatsApp-Image-2025-10-20-at-10.09.32-243x162.jpeg 243w, https:\/\/revistazetta.com\/wp-content\/uploads\/2025\/10\/WhatsApp-Image-2025-10-20-at-10.09.32-1536x1024.jpeg 1536w, https:\/\/revistazetta.com\/wp-content\/uploads\/2025\/10\/WhatsApp-Image-2025-10-20-at-10.09.32-2048x1365.jpeg 2048w\" sizes=\"auto, (max-width: 500px) 100vw, 500px\" \/><\/p>\n<p>Con el inicio de las obras de construcci\u00f3n del sistema de alcantarillado sanitario para los corregimientos de Bayunca y Pontezuela, se da un paso trascendental en el mejoramiento de las condiciones de vida, la salud p\u00fablica y la infraestructura esencial para estas comunidades del norte del Distrito de Cartagena.<\/p>\n<p>Por su parte, el gobernador de Bol\u00edvar, Yamil Arana, tambi\u00e9n se refiri\u00f3 el hist\u00f3rico inicio de obras.<\/p>\n<p>\u201cLa obra es de todos y estoy muy feliz por eso. El alcalde, la ministra y yo sab\u00edamos que este proyecto lo ten\u00edamos que sacar adelante juntos. Me siento muy feliz, se\u00f1or alcalde, de hacer equipo con usted. Entendimos que el trabajo en equipo s\u00ed que da buenos resultados, despu\u00e9s de tantos a\u00f1os de divisiones. Este proyecto es el claro ejemplo de que, cuando existe voluntad pol\u00edtica y administrativa, es cuando se resuelven problemas hist\u00f3ricos\u201d, dijo Yamil Arana, gobernador de Bol\u00edvar.<\/p>\n<p>A su vez, la ministra de Vivienda, Ciudad y Territorio, Helga Rivas Ardila, como parte de la articulaci\u00f3n que hizo posible el inicio de obras, tambi\u00e9n se dirigi\u00f3 a la comunidad, en medio de la emotiva jornada.<\/p>\n<p><img loading=\"lazy\" decoding=\"async\" class=\"alignnone size-medium wp-image-58499\" src=\"https:\/\/revistazetta.com\/wp-content\/uploads\/2025\/10\/WhatsApp-Image-2025-10-20-at-10.09.34-1-500x333.jpeg\" alt=\"\" width=\"500\" height=\"333\" srcset=\"https:\/\/revistazetta.com\/wp-content\/uploads\/2025\/10\/WhatsApp-Image-2025-10-20-at-10.09.34-1-500x333.jpeg 500w, https:\/\/revistazetta.com\/wp-content\/uploads\/2025\/10\/WhatsApp-Image-2025-10-20-at-10.09.34-1-1024x683.jpeg 1024w, https:\/\/revistazetta.com\/wp-content\/uploads\/2025\/10\/WhatsApp-Image-2025-10-20-at-10.09.34-1-243x162.jpeg 243w, https:\/\/revistazetta.com\/wp-content\/uploads\/2025\/10\/WhatsApp-Image-2025-10-20-at-10.09.34-1-1536x1024.jpeg 1536w, https:\/\/revistazetta.com\/wp-content\/uploads\/2025\/10\/WhatsApp-Image-2025-10-20-at-10.09.34-1-2048x1366.jpeg 2048w\" sizes=\"auto, (max-width: 500px) 100vw, 500px\" \/><\/p>\n<p>\u201cEs un proyecto completo que tiene que ver con el alcantarillado, pero tambi\u00e9n con la disposici\u00f3n final de los residuos y el cuidado del medio ambiente. Proyectos como este son tan importantes porque van a invitar luego a la pavimentaci\u00f3n (de las calles) y al trabajo colectivo. Aqu\u00ed trasciende el h\u00e1bitat, vendr\u00e1n mejores espacios p\u00fablicos que ser\u00e1n m\u00e1s hermosos\u201c, puntualiz\u00f3 la ministra Rivas.<\/p>\n<p>Las comunidades de Bayunca y Pontezuela, las m\u00e1s felices con la hist\u00f3rica noticia, resaltaron la transformaci\u00f3n y dignificaci\u00f3n de su calidad de vida. As\u00ed lo expres\u00f3 Marcos Pertuz, presidente de la Junta de Acci\u00f3n Comunal (JAC) de Bayunca.<\/p>\n<p>\u201cLo que estamos viviendo hoy es un hecho hist\u00f3rico. Siempre hemos contado con el respaldo de la Alcald\u00eda de Cartagena y esta realidad, que comienza a transformarse, nos llena de felicidad. Esto requer\u00eda voluntad, y nuestro alcalde (Dumek Turbay) la tuvo. Hoy es un d\u00eda de regocijo, se refleja en las instituciones educativas con los ni\u00f1os, en los espacios de nuestros adultos mayores. Un se\u00f1or me dec\u00eda que pens\u00f3 que morir\u00eda sin ver que se hicieran las obras de Bayunca con su alcantarillado. Eso nos emociona profundamente y nos impulsa a seguir luchando por todo lo que esta comunidad merece. S\u00e9 que, a partir de este momento, llegar\u00e1 mucha m\u00e1s prosperidad para Bayunca\u201d, dijo Marcos Pertuz, presidente de la JAC de Bayunca.<\/p>\n<p><img loading=\"lazy\" decoding=\"async\" class=\"alignnone size-medium wp-image-58506\" src=\"https:\/\/revistazetta.com\/wp-content\/uploads\/2025\/10\/WhatsApp-Image-2025-10-20-at-10.46.29-500x333.jpeg\" alt=\"\" width=\"500\" height=\"333\" srcset=\"https:\/\/revistazetta.com\/wp-content\/uploads\/2025\/10\/WhatsApp-Image-2025-10-20-at-10.46.29-500x333.jpeg 500w, https:\/\/revistazetta.com\/wp-content\/uploads\/2025\/10\/WhatsApp-Image-2025-10-20-at-10.46.29-1024x683.jpeg 1024w, https:\/\/revistazetta.com\/wp-content\/uploads\/2025\/10\/WhatsApp-Image-2025-10-20-at-10.46.29-243x162.jpeg 243w, https:\/\/revistazetta.com\/wp-content\/uploads\/2025\/10\/WhatsApp-Image-2025-10-20-at-10.46.29.jpeg 1280w\" sizes=\"auto, (max-width: 500px) 100vw, 500px\" \/><\/p>\n<p>Por su parte, Estela Marrugo, residente de Bayunca, destac\u00f3 que: \u201cHoy es un d\u00eda hist\u00f3rico. Hemos luchado durante a\u00f1os por este sue\u00f1o y lo que est\u00e1 ocurriendo marcar\u00e1 un antes y un despu\u00e9s para Bayunca. Gracias por hacer posible este momento y por convocar este hecho tan importante para nuestra comunidad. Este es el proyecto m\u00e1s grande de la zona norte, ya no veremos las aguas residuales correr por las calles, las enfermedades comenzar\u00e1n a disminuir. En los m\u00e1s de 200 a\u00f1os de historia de esta comunidad, lo que vivimos hoy tiene un valor incalculable\u201d.<\/p>\n<p>Este importante proyecto, liderado por la Alcald\u00eda Mayor de Cartagena, a trav\u00e9s de la Secretar\u00eda de Infraestructura, contempla la instalaci\u00f3n de m\u00e1s de 55 kil\u00f3metros de redes de alcantarillado, dos estaciones de bombeo de aguas residuales, tuber\u00edas de impulsi\u00f3n y miles de registros domiciliarios.<\/p>\n<p><img loading=\"lazy\" decoding=\"async\" class=\"alignnone size-medium wp-image-58495\" src=\"https:\/\/revistazetta.com\/wp-content\/uploads\/2025\/10\/WhatsApp-Image-2025-10-20-at-10.09.28-500x333.jpeg\" alt=\"\" width=\"500\" height=\"333\" srcset=\"https:\/\/revistazetta.com\/wp-content\/uploads\/2025\/10\/WhatsApp-Image-2025-10-20-at-10.09.28-500x333.jpeg 500w, https:\/\/revistazetta.com\/wp-content\/uploads\/2025\/10\/WhatsApp-Image-2025-10-20-at-10.09.28-1024x683.jpeg 1024w, https:\/\/revistazetta.com\/wp-content\/uploads\/2025\/10\/WhatsApp-Image-2025-10-20-at-10.09.28-243x162.jpeg 243w, https:\/\/revistazetta.com\/wp-content\/uploads\/2025\/10\/WhatsApp-Image-2025-10-20-at-10.09.28-1536x1024.jpeg 1536w, https:\/\/revistazetta.com\/wp-content\/uploads\/2025\/10\/WhatsApp-Image-2025-10-20-at-10.09.28-2048x1365.jpeg 2048w\" sizes=\"auto, (max-width: 500px) 100vw, 500px\" \/><\/p>\n<p>\u201cDesde nuestro rol como interventores, reafirmamos el compromiso de Aguas de Cartagena con el desarrollo de infraestructuras que transforman vidas y protegen el entorno. Nuestra misi\u00f3n es velar porque cada recurso invertido se traduzca en beneficios reales y sostenibles para las comunidades\u201d, afirm\u00f3 John Montoya Ca\u00f1as, gerente general de Aguas de Cartagena.<\/p>\n<p>\u201cEstamos comprometidos con el desarrollo integral del territorio y con asegurar que cada proyecto de infraestructura se ejecute con los m\u00e1s altos est\u00e1ndares de calidad y transparencia\u201d, agreg\u00f3 Montoya Ca\u00f1as.<\/p>\n<p>La intervenci\u00f3n hace parte de las acciones del Plan Maestro de Alcantarillado Sanitario, que busca ampliar la cobertura en zonas rurales y corregimientos, promoviendo el cierre de brechas hist\u00f3ricas en el acceso a los servicios p\u00fablicos domiciliarios.<\/p>\n<p>Con el inicio de estas obras, el Distrito de Cartagena, la Gobernaci\u00f3n de Bol\u00edvar, el Ministerio de Vivienda, Ciudad y Territorio y Aguas de Cartagena reafirman su compromiso con la equidad territorial, la transparencia en la gesti\u00f3n p\u00fablica y el bienestar de todos los cartageneros.<\/p>\n<p><img loading=\"lazy\" decoding=\"async\" class=\"alignnone size-medium wp-image-58501\" src=\"https:\/\/revistazetta.com\/wp-content\/uploads\/2025\/10\/WhatsApp-Image-2025-10-20-at-10.09.37-500x333.jpeg\" alt=\"\" width=\"500\" height=\"333\" srcset=\"https:\/\/revistazetta.com\/wp-content\/uploads\/2025\/10\/WhatsApp-Image-2025-10-20-at-10.09.37-500x333.jpeg 500w, https:\/\/revistazetta.com\/wp-content\/uploads\/2025\/10\/WhatsApp-Image-2025-10-20-at-10.09.37-1024x683.jpeg 1024w, https:\/\/revistazetta.com\/wp-content\/uploads\/2025\/10\/WhatsApp-Image-2025-10-20-at-10.09.37-243x162.jpeg 243w, https:\/\/revistazetta.com\/wp-content\/uploads\/2025\/10\/WhatsApp-Image-2025-10-20-at-10.09.37.jpeg 1280w\" sizes=\"auto, (max-width: 500px) 100vw, 500px\" \/><\/p>\n<p><strong>Sobre el hist\u00f3rico proyecto<\/strong><\/p>\n<p>Tras una larga lista de promesas incumplidas y a\u00f1os de espera, el alcantarillado de Bayunca y Pontezuela se convirti\u00f3 en una prioridad para el alcalde Mayor de Cartagena, Dumek Turbay Paz.<\/p>\n<p>Fue as\u00ed como, por solicitud de la Alcald\u00eda Mayor de Cartagena, la Empresa Aguas de Cartagena S.A. \u2013 E.S.P. \u2013 ACUACAR S.A. E.S.P. realiz\u00f3 los estudios y dise\u00f1os detallados para la construcci\u00f3n del alcantarillado sanitario en los corregimientos citados.<\/p>\n<p>La decisi\u00f3n del Gobierno distrital se dio en cumplimiento de la Ley 142 de 1994 y la Sentencia de Acci\u00f3n Popular 265 de 2009, en b\u00fasqueda de medidas para garantizar el acceso al saneamiento b\u00e1sico de esta poblaci\u00f3n.<\/p>\n<p><img loading=\"lazy\" decoding=\"async\" class=\"alignnone size-medium wp-image-58502\" src=\"https:\/\/revistazetta.com\/wp-content\/uploads\/2025\/10\/WhatsApp-Image-2025-10-20-at-10.09.38-500x333.jpeg\" alt=\"\" width=\"500\" height=\"333\" srcset=\"https:\/\/revistazetta.com\/wp-content\/uploads\/2025\/10\/WhatsApp-Image-2025-10-20-at-10.09.38-500x333.jpeg 500w, https:\/\/revistazetta.com\/wp-content\/uploads\/2025\/10\/WhatsApp-Image-2025-10-20-at-10.09.38-1024x683.jpeg 1024w, https:\/\/revistazetta.com\/wp-content\/uploads\/2025\/10\/WhatsApp-Image-2025-10-20-at-10.09.38-243x162.jpeg 243w, https:\/\/revistazetta.com\/wp-content\/uploads\/2025\/10\/WhatsApp-Image-2025-10-20-at-10.09.38.jpeg 1280w\" sizes=\"auto, (max-width: 500px) 100vw, 500px\" \/><\/p>\n<p>El Distrito, en coordinaci\u00f3n con las dem\u00e1s entidades del sector, despleg\u00f3 todas las acciones necesarias para la satisfacci\u00f3n entera de la necesidad.<\/p>\n<p>\u201cSi el progreso no viene desde abajo, nunca ser\u00e1 progreso. Cartagena nunca ser\u00e1 una superciudad si deja atr\u00e1s a comunidades que hist\u00f3ricamente han sido relegadas y han sido v\u00edctimas del rezago social y el abandono estatal\u201d, manifest\u00f3, en su momento, el alcalde Turbay.<\/p>\n<p>En cada corregimiento se construir\u00e1 una Estaci\u00f3n de Bombeo de Aguas Residuales (EBAR). Las aguas servidas de Bayunca ser\u00e1n llevadas por gravedad a la EBAR Bayunca, y desde esta, impulsadas hasta un colector en Pontezuela para integrarse al alcantarillado de este corregimiento, el cual tambi\u00e9n descargar\u00e1 en su propia estaci\u00f3n de bombeo. A partir de la EBAR Pontezuela, se impulsar\u00e1n las aguas residuales hasta la Planta de Tratamiento Aguas Residuales (PTAR) del sistema de alcantarillado de Cartagena, ubicada en el corregimiento de Punta Canoa.<\/p>\n<p><img loading=\"lazy\" decoding=\"async\" class=\"alignnone size-medium wp-image-58505\" src=\"https:\/\/revistazetta.com\/wp-content\/uploads\/2025\/10\/WhatsApp-Image-2025-10-20-at-10.10.12-1-222x333.jpeg\" alt=\"\" width=\"222\" height=\"333\" srcset=\"https:\/\/revistazetta.com\/wp-content\/uploads\/2025\/10\/WhatsApp-Image-2025-10-20-at-10.10.12-1-222x333.jpeg 222w, https:\/\/revistazetta.com\/wp-content\/uploads\/2025\/10\/WhatsApp-Image-2025-10-20-at-10.10.12-1-683x1024.jpeg 683w, https:\/\/revistazetta.com\/wp-content\/uploads\/2025\/10\/WhatsApp-Image-2025-10-20-at-10.10.12-1-108x162.jpeg 108w, https:\/\/revistazetta.com\/wp-content\/uploads\/2025\/10\/WhatsApp-Image-2025-10-20-at-10.10.12-1-1024x1536.jpeg 1024w, https:\/\/revistazetta.com\/wp-content\/uploads\/2025\/10\/WhatsApp-Image-2025-10-20-at-10.10.12-1-1365x2048.jpeg 1365w, https:\/\/revistazetta.com\/wp-content\/uploads\/2025\/10\/WhatsApp-Image-2025-10-20-at-10.10.12-1-scaled.jpeg 1707w\" sizes=\"auto, (max-width: 222px) 100vw, 222px\" \/><\/p>\n<p>Mediante el proyecto se pretende garantizar la cobertura de alcantarillado del 0% al 100% en los corregimientos objeto de este, impactando positivamente en la calidad de vida y sostenibilidad a largo plazo de ambas comunidades. Este proyecto tiene como objetivo general construir cada uno de los componentes que conforman el sistema de alcantarillado sanitario convencional en las zonas.<\/p>\n<p>La construcci\u00f3n del alcantarillado sanitario beneficiar\u00e1 inicialmente a 26.762 habitantes, proyectando alcanzar 80.188 en 25 a\u00f1os, incluyendo zonas de expansi\u00f3n y factibilidad de servicio.<\/p>\n<p><img loading=\"lazy\" decoding=\"async\" class=\"alignnone size-medium wp-image-58496\" src=\"https:\/\/revistazetta.com\/wp-content\/uploads\/2025\/10\/WhatsApp-Image-2025-10-20-at-10.09.29-500x333.jpeg\" alt=\"\" width=\"500\" height=\"333\" srcset=\"https:\/\/revistazetta.com\/wp-content\/uploads\/2025\/10\/WhatsApp-Image-2025-10-20-at-10.09.29-500x333.jpeg 500w, https:\/\/revistazetta.com\/wp-content\/uploads\/2025\/10\/WhatsApp-Image-2025-10-20-at-10.09.29-1024x683.jpeg 1024w, https:\/\/revistazetta.com\/wp-content\/uploads\/2025\/10\/WhatsApp-Image-2025-10-20-at-10.09.29-243x162.jpeg 243w, https:\/\/revistazetta.com\/wp-content\/uploads\/2025\/10\/WhatsApp-Image-2025-10-20-at-10.09.29-1536x1024.jpeg 1536w, https:\/\/revistazetta.com\/wp-content\/uploads\/2025\/10\/WhatsApp-Image-2025-10-20-at-10.09.29-2048x1365.jpeg 2048w\" sizes=\"auto, (max-width: 500px) 100vw, 500px\" \/> <img loading=\"lazy\" decoding=\"async\" class=\"alignnone size-medium wp-image-58497\" src=\"https:\/\/revistazetta.com\/wp-content\/uploads\/2025\/10\/WhatsApp-Image-2025-10-20-at-10.09.31-500x333.jpeg\" alt=\"\" width=\"500\" height=\"333\" srcset=\"https:\/\/revistazetta.com\/wp-content\/uploads\/2025\/10\/WhatsApp-Image-2025-10-20-at-10.09.31-500x333.jpeg 500w, https:\/\/revistazetta.com\/wp-content\/uploads\/2025\/10\/WhatsApp-Image-2025-10-20-at-10.09.31-1024x683.jpeg 1024w, https:\/\/revistazetta.com\/wp-content\/uploads\/2025\/10\/WhatsApp-Image-2025-10-20-at-10.09.31-243x162.jpeg 243w, https:\/\/revistazetta.com\/wp-content\/uploads\/2025\/10\/WhatsApp-Image-2025-10-20-at-10.09.31-1536x1024.jpeg 1536w, https:\/\/revistazetta.com\/wp-content\/uploads\/2025\/10\/WhatsApp-Image-2025-10-20-at-10.09.31-2048x1365.jpeg 2048w\" sizes=\"auto, (max-width: 500px) 100vw, 500px\" \/> \u00a0\u00a0<img loading=\"lazy\" decoding=\"async\" class=\"alignnone size-medium wp-image-58500\" src=\"https:\/\/revistazetta.com\/wp-content\/uploads\/2025\/10\/WhatsApp-Image-2025-10-20-at-10.09.34-500x333.jpeg\" alt=\"\" width=\"500\" height=\"333\" srcset=\"https:\/\/revistazetta.com\/wp-content\/uploads\/2025\/10\/WhatsApp-Image-2025-10-20-at-10.09.34-500x333.jpeg 500w, https:\/\/revistazetta.com\/wp-content\/uploads\/2025\/10\/WhatsApp-Image-2025-10-20-at-10.09.34-1024x683.jpeg 1024w, https:\/\/revistazetta.com\/wp-content\/uploads\/2025\/10\/WhatsApp-Image-2025-10-20-at-10.09.34-243x162.jpeg 243w, https:\/\/revistazetta.com\/wp-content\/uploads\/2025\/10\/WhatsApp-Image-2025-10-20-at-10.09.34.jpeg 1280w\" sizes=\"auto, (max-width: 500px) 100vw, 500px\" \/> \u00a0\u00a0<img loading=\"lazy\" decoding=\"async\" class=\"alignnone size-medium wp-image-58503\" src=\"https:\/\/revistazetta.com\/wp-content\/uploads\/2025\/10\/WhatsApp-Image-2025-10-20-at-10.09.39-500x333.jpeg\" alt=\"\" width=\"500\" height=\"333\" srcset=\"https:\/\/revistazetta.com\/wp-content\/uploads\/2025\/10\/WhatsApp-Image-2025-10-20-at-10.09.39-500x333.jpeg 500w, https:\/\/revistazetta.com\/wp-content\/uploads\/2025\/10\/WhatsApp-Image-2025-10-20-at-10.09.39-1024x683.jpeg 1024w, https:\/\/revistazetta.com\/wp-content\/uploads\/2025\/10\/WhatsApp-Image-2025-10-20-at-10.09.39-243x162.jpeg 243w, https:\/\/revistazetta.com\/wp-content\/uploads\/2025\/10\/WhatsApp-Image-2025-10-20-at-10.09.39-1536x1024.jpeg 1536w, https:\/\/revistazetta.com\/wp-content\/uploads\/2025\/10\/WhatsApp-Image-2025-10-20-at-10.09.39-2048x1366.jpeg 2048w\" sizes=\"auto, (max-width: 500px) 100vw, 500px\" \/><\/p>\n<p><strong>\u201cEl sue\u00f1o de un alcantarillado digno se hace realidad para Bayunca y Pontezuela tras a\u00f1os de espera\u201d: Yamil Arana<\/strong><\/p>\n<p>Durante casi medio siglo, los habitantes de Bayunca y Pontezuela so\u00f1aron con un sistema de alcantarillado digno que les devolviera la tranquilidad, la salud y la esperanza. Hoy, ese anhelo comienza a materializarse con el inicio de la megaobra de saneamiento b\u00e1sico m\u00e1s importante en la historia rural de Cartagena, gracias al trabajo conjunto entre la Gobernaci\u00f3n de Bol\u00edvar, la Alcald\u00eda de Cartagena y el Gobierno Nacional.<\/p>\n<p><img loading=\"lazy\" decoding=\"async\" class=\"alignnone size-medium wp-image-58507\" src=\"https:\/\/revistazetta.com\/wp-content\/uploads\/2025\/10\/WhatsApp-Image-2025-10-20-at-10.46.45-500x333.jpeg\" alt=\"\" width=\"500\" height=\"333\" srcset=\"https:\/\/revistazetta.com\/wp-content\/uploads\/2025\/10\/WhatsApp-Image-2025-10-20-at-10.46.45-500x333.jpeg 500w, https:\/\/revistazetta.com\/wp-content\/uploads\/2025\/10\/WhatsApp-Image-2025-10-20-at-10.46.45-1024x683.jpeg 1024w, https:\/\/revistazetta.com\/wp-content\/uploads\/2025\/10\/WhatsApp-Image-2025-10-20-at-10.46.45-243x162.jpeg 243w, https:\/\/revistazetta.com\/wp-content\/uploads\/2025\/10\/WhatsApp-Image-2025-10-20-at-10.46.45.jpeg 1280w\" sizes=\"auto, (max-width: 500px) 100vw, 500px\" \/><\/p>\n<p>Mar\u00eda Mercedes P\u00e9rez, residente de Bayunca, describi\u00f3 con emoci\u00f3n lo que representa este avance:<\/p>\n<p>\u201cCada familia deb\u00eda reunir hasta 400 mil pesos para limpiar la poza s\u00e9ptica. Viv\u00edamos entre aguas lluvias y servidas, y eso tra\u00eda enfermedades. Hoy sentimos alivio y esperanza. Este sue\u00f1o lo hicieron posible el alcalde y el gobernador\u201d, expres\u00f3.<\/p>\n<p>La ministra de Vivienda destac\u00f3 el car\u00e1cter integral del proyecto, al se\u00f1alar que \u201cen este territorio se est\u00e1n cerrando brechas. Este es un proyecto completo, que traer\u00e1 beneficios para la salud, el ambiente y la calidad de vida. Veremos florecer parques, pavimento y esperanza\u201d.<\/p>\n<p>Tras la ceremonia de colocaci\u00f3n de la primera piedra en Bayunca, los mandatarios se desplazaron a Pontezuela, donde la comunidad los recibi\u00f3 con aplausos y muestras de gratitud.<\/p>\n<p>El proyecto, con una duraci\u00f3n estimada de 19 meses, marca un antes y un despu\u00e9s para estas comunidades rurales de Cartagena. M\u00e1s que una obra de infraestructura, es una obra de dignidad: un compromiso cumplido que mejora el saneamiento, la salud p\u00fablica y el bienestar de cerca de 30 mil bolivarenses que esperaron durante 48 a\u00f1os para ver este sue\u00f1o hecho realidad.<\/p>\n<p><img loading=\"lazy\" decoding=\"async\" class=\"alignnone size-medium wp-image-58508\" src=\"https:\/\/revistazetta.com\/wp-content\/uploads\/2025\/10\/WhatsApp-Image-2025-10-20-at-10.46.46-500x333.jpeg\" alt=\"\" width=\"500\" height=\"333\" srcset=\"https:\/\/revistazetta.com\/wp-content\/uploads\/2025\/10\/WhatsApp-Image-2025-10-20-at-10.46.46-500x333.jpeg 500w, https:\/\/revistazetta.com\/wp-content\/uploads\/2025\/10\/WhatsApp-Image-2025-10-20-at-10.46.46-1024x683.jpeg 1024w, https:\/\/revistazetta.com\/wp-content\/uploads\/2025\/10\/WhatsApp-Image-2025-10-20-at-10.46.46-243x162.jpeg 243w, https:\/\/revistazetta.com\/wp-content\/uploads\/2025\/10\/WhatsApp-Image-2025-10-20-at-10.46.46.jpeg 1280w\" sizes=\"auto, (max-width: 500px) 100vw, 500px\" \/> <img loading=\"lazy\" decoding=\"async\" class=\"alignnone size-medium wp-image-58509\" src=\"https:\/\/revistazetta.com\/wp-content\/uploads\/2025\/10\/WhatsApp-Image-2025-10-20-at-11.06.14-500x333.jpeg\" alt=\"\" width=\"500\" height=\"333\" srcset=\"https:\/\/revistazetta.com\/wp-content\/uploads\/2025\/10\/WhatsApp-Image-2025-10-20-at-11.06.14-500x333.jpeg 500w, https:\/\/revistazetta.com\/wp-content\/uploads\/2025\/10\/WhatsApp-Image-2025-10-20-at-11.06.14-1024x683.jpeg 1024w, https:\/\/revistazetta.com\/wp-content\/uploads\/2025\/10\/WhatsApp-Image-2025-10-20-at-11.06.14-243x162.jpeg 243w, https:\/\/revistazetta.com\/wp-content\/uploads\/2025\/10\/WhatsApp-Image-2025-10-20-at-11.06.14.jpeg 1280w\" sizes=\"auto, (max-width: 500px) 100vw, 500px\" \/><\/p>\n","protected":false},"excerpt":{"rendered":"<p>\u201cSe acab\u00f3 la letrina y el \u2018totumazo\u2019 para ba\u00f1arse\u201d, resalt\u00f3 el alcalde Dumek Turbay. Tras 48 a\u00f1os de espera, Bayunca y Pontezuela tendr\u00e1n alcantarillado: se inici\u00f3 la megaobra que beneficiar\u00e1 a m\u00e1s de 26 mil personas de la zona rural de Cartagena El alcalde Dumek Turbay, junto al gobernador Yamil Arana y Helga Rivas, ministra de Vivienda, lideraron el acto de inicio de un proyecto de $120 mil millones, el cual transformar\u00e1 las realidades de ambos corregimientos, con un tiempo de ejecuci\u00f3n estipulado de 19 meses. Cartagena de Indias, 20&#8230; <\/p>\n","protected":false},"author":3,"featured_media":58512,"comment_status":"closed","ping_status":"closed","sticky":false,"template":"","format":"standard","meta":{"footnotes":"","_links_to":"","_links_to_target":""},"categories":[85,1450,32],"tags":[1116,111,285,296,74,583],"class_list":["post-58493","post","type-post","status-publish","format-standard","has-post-thumbnail","hentry","category-cartagena","category-parasladers","category-actualidad-distrito","tag-alcantarillado-de-bayunca","tag-cartagena","tag-destacada","tag-distrito","tag-dumek-turbay","tag-yamil-arana"],"_links":{"self":[{"href":"https:\/\/revistazetta.com\/index.php?rest_route=\/wp\/v2\/posts\/58493","targetHints":{"allow":["GET"]}}],"collection":[{"href":"https:\/\/revistazetta.com\/index.php?rest_route=\/wp\/v2\/posts"}],"about":[{"href":"https:\/\/revistazetta.com\/index.php?rest_route=\/wp\/v2\/types\/post"}],"author":[{"embeddable":true,"href":"https:\/\/revistazetta.com\/index.php?rest_route=\/wp\/v2\/users\/3"}],"replies":[{"embeddable":true,"href":"https:\/\/revistazetta.com\/index.php?rest_route=%2Fwp%2Fv2%2Fcomments&post=58493"}],"version-history":[{"count":0,"href":"https:\/\/revistazetta.com\/index.php?rest_route=\/wp\/v2\/posts\/58493\/revisions"}],"wp:featuredmedia":[{"embeddable":true,"href":"https:\/\/revistazetta.com\/index.php?rest_route=\/wp\/v2\/media\/58512"}],"wp:attachment":[{"href":"https:\/\/revistazetta.com\/index.php?rest_route=%2Fwp%2Fv2%2Fmedia&parent=58493"}],"wp:term":[{"taxonomy":"category","embeddable":true,"href":"https:\/\/revistazetta.com\/index.php?rest_route=%2Fwp%2Fv2%2Fcategories&post=58493"},{"taxonomy":"post_tag","embeddable":true,"href":"https:\/\/revistazetta.com\/index.php?rest_route=%2Fwp%2Fv2%2Ftags&post=58493"}],"curies":[{"name":"wp","href":"https:\/\/api.w.org\/{rel}","templated":true}]}}