{"id":58513,"date":"2025-10-21T17:00:43","date_gmt":"2025-10-21T22:00:43","guid":{"rendered":"https:\/\/revistazetta.com\/?p=58513"},"modified":"2025-10-21T17:00:43","modified_gmt":"2025-10-21T22:00:43","slug":"cedesarrollo-comfenalco-certifica-a-504-nuevos-tecnicos-laborales-en-su-xxxii-ceremonia-de-graduacion","status":"publish","type":"post","link":"https:\/\/revistazetta.com\/?p=58513","title":{"rendered":"Cedesarrollo Comfenalco certifica a 504 nuevos T\u00e9cnicos Laborales en su XXXII Ceremonia de Graduaci\u00f3n"},"content":{"rendered":"<p style=\"padding-left: 40px;\"><span style=\"color: #0000ff;\"><em>Cedesarrollo Comfenalco gradu\u00f3 a 504 t\u00e9cnicos laborales de las carreras Auxiliar Administrativo, Auxiliar Contable y Financiero, Auxiliar de Sistemas Inform\u00e1ticos, Auxiliar en Atenci\u00f3n a la Primera Infancia, Auxiliar en Comercio Exterior, Seguridad Ocupacional, Auxiliar en Talento Humano, Control de Calidad, Mantenimiento de Hardware y Redes, Mercadeo y Ventas, Procesamiento Industrial, Procesos Log\u00edsticos y Servicios Hoteleros y Tur\u00edsticos.<\/em><\/span><\/p>\n<p><strong>Cartagena de Indias, 21 de octubre de 2025.-<\/strong> La Caja de Compensaci\u00f3n Familiar de Fenalco ANDI Comfenalco Cartagena, a trav\u00e9s de su centro de formaci\u00f3n Cedesarrollo Comfenalco, celebr\u00f3 la trig\u00e9sima segunda ceremonia de graduaci\u00f3n de sus programas t\u00e9cnicos laborales, en la que 504 nuevos t\u00e9cnicos en diversas \u00e1reas del conocimiento obtuvieron su acreditaci\u00f3n.<\/p>\n<p><img loading=\"lazy\" decoding=\"async\" class=\"alignnone size-medium wp-image-58516\" src=\"https:\/\/revistazetta.com\/wp-content\/uploads\/2025\/10\/Grado-2-500x333.jpg\" alt=\"\" width=\"500\" height=\"333\" srcset=\"https:\/\/revistazetta.com\/wp-content\/uploads\/2025\/10\/Grado-2-500x333.jpg 500w, https:\/\/revistazetta.com\/wp-content\/uploads\/2025\/10\/Grado-2-1024x683.jpg 1024w, https:\/\/revistazetta.com\/wp-content\/uploads\/2025\/10\/Grado-2-243x162.jpg 243w, https:\/\/revistazetta.com\/wp-content\/uploads\/2025\/10\/Grado-2-1536x1024.jpg 1536w, https:\/\/revistazetta.com\/wp-content\/uploads\/2025\/10\/Grado-2-2048x1365.jpg 2048w\" sizes=\"auto, (max-width: 500px) 100vw, 500px\" \/><\/p>\n<p>El evento cont\u00f3 con la presencia de directivos, docentes y familiares de los graduandos, quienes fueron testigos de una jornada llena de simbolismo, reconocimiento y alegr\u00eda. La ceremonia fue presidida por Jaime Trucco del Castillo, director general de Comfenalco Cartagena. Tambi\u00e9n integraron la mesan principal Ricardo Senior Torres, subdirector de Educaci\u00f3n de Comfenalco; Beatriz Herrera de \u00c1vila, rectora de Cedesarrollo Comfenalco; Mileydis V\u00e9lez Arias, coordinadora acad\u00e9mica de Cedesarrollo Comfenalco; y \u00d3scar S\u00e1nchez Sierra, coordinador de Admisiones y Registros de Cedesarrollo Comfenalco.<\/p>\n<p><img loading=\"lazy\" decoding=\"async\" class=\"alignnone size-medium wp-image-58523\" src=\"https:\/\/revistazetta.com\/wp-content\/uploads\/2025\/10\/Grado-9-500x333.jpg\" alt=\"\" width=\"500\" height=\"333\" srcset=\"https:\/\/revistazetta.com\/wp-content\/uploads\/2025\/10\/Grado-9-500x333.jpg 500w, https:\/\/revistazetta.com\/wp-content\/uploads\/2025\/10\/Grado-9-1024x682.jpg 1024w, https:\/\/revistazetta.com\/wp-content\/uploads\/2025\/10\/Grado-9-243x162.jpg 243w, https:\/\/revistazetta.com\/wp-content\/uploads\/2025\/10\/Grado-9-1536x1024.jpg 1536w, https:\/\/revistazetta.com\/wp-content\/uploads\/2025\/10\/Grado-9-2048x1365.jpg 2048w\" sizes=\"auto, (max-width: 500px) 100vw, 500px\" \/><\/p>\n<p>El director general de Comfenalco Cartagena, Jaime Trucco del Castillo, felicit\u00f3 a los 504 graduandos por su esfuerzo, dedicaci\u00f3n y perseverancia, destacando que este logro marca el inicio de nuevas oportunidades personales y profesionales.<\/p>\n<p>Subray\u00f3 que la educaci\u00f3n es la herramienta m\u00e1s poderosa para transformar vidas y comunidades, y que cada programa desarrollado por Cedesarrollo responde a las necesidades reales del entorno laboral, abriendo puertas hacia un futuro m\u00e1s pr\u00f3spero.<\/p>\n<p><img loading=\"lazy\" decoding=\"async\" class=\"alignnone size-medium wp-image-58517\" src=\"https:\/\/revistazetta.com\/wp-content\/uploads\/2025\/10\/Grado-3-500x333.jpg\" alt=\"\" width=\"500\" height=\"333\" srcset=\"https:\/\/revistazetta.com\/wp-content\/uploads\/2025\/10\/Grado-3-500x333.jpg 500w, https:\/\/revistazetta.com\/wp-content\/uploads\/2025\/10\/Grado-3-1024x683.jpg 1024w, https:\/\/revistazetta.com\/wp-content\/uploads\/2025\/10\/Grado-3-243x162.jpg 243w, https:\/\/revistazetta.com\/wp-content\/uploads\/2025\/10\/Grado-3-1536x1024.jpg 1536w, https:\/\/revistazetta.com\/wp-content\/uploads\/2025\/10\/Grado-3-2048x1365.jpg 2048w\" sizes=\"auto, (max-width: 500px) 100vw, 500px\" \/><\/p>\n<p>Tambi\u00e9n reconoci\u00f3 el trabajo de instructores, coordinadores y el equipo acad\u00e9mico, as\u00ed como el apoyo de las familias, el FOSFEC, Children International, el ICBF, la Secretar\u00eda de Educaci\u00f3n y las m\u00e1s de 100 empresas afiliadas que conf\u00edan en Comfenalco para la formaci\u00f3n y pr\u00e1cticas de sus colaboradores.<\/p>\n<p>Finalmente, invit\u00f3 a los nuevos t\u00e9cnicos laborales a mantener la curiosidad, la pasi\u00f3n y la \u00e9tica como pilares de su crecimiento, record\u00e1ndoles que el aprendizaje no termina con la certificaci\u00f3n, sino que contin\u00faa como un camino de oportunidades y compromiso social.<\/p>\n<p><img loading=\"lazy\" decoding=\"async\" class=\"alignnone size-medium wp-image-58522\" src=\"https:\/\/revistazetta.com\/wp-content\/uploads\/2025\/10\/Grado-8-500x333.jpg\" alt=\"\" width=\"500\" height=\"333\" srcset=\"https:\/\/revistazetta.com\/wp-content\/uploads\/2025\/10\/Grado-8-500x333.jpg 500w, https:\/\/revistazetta.com\/wp-content\/uploads\/2025\/10\/Grado-8-1024x683.jpg 1024w, https:\/\/revistazetta.com\/wp-content\/uploads\/2025\/10\/Grado-8-243x162.jpg 243w, https:\/\/revistazetta.com\/wp-content\/uploads\/2025\/10\/Grado-8-1536x1024.jpg 1536w, https:\/\/revistazetta.com\/wp-content\/uploads\/2025\/10\/Grado-8-2048x1365.jpg 2048w\" sizes=\"auto, (max-width: 500px) 100vw, 500px\" \/><\/p>\n<p>Durante el acto, se otorgaron menciones de honor a los estudiantes con los mejores promedios acad\u00e9micos por programa, destacando el esfuerzo, la disciplina y el compromiso de quienes sobresalieron en su proceso formativo. La ceremonia incluy\u00f3 momentos solemnes como el juramento de bandera, la entrega de certificados, palabras de despedida por parte de la estudiante con mejor promedio general, y un emotivo homenaje que celebr\u00f3 el logro de los estudiantes.<\/p>\n<p>Nevis Caballero, del programa de Auxiliar Contable y Financiero y quien obtuvo el mejor promedio acad\u00e9mico, comparti\u00f3 un emotivo mensaje que reflej\u00f3 el esp\u00edritu de superaci\u00f3n y gratitud de todos los graduandos:<\/p>\n<p>\u201cHoy es un d\u00eda que quedar\u00e1 grabado en nuestra memoria, un d\u00eda lleno de emoci\u00f3n y gratitud. No solo celebramos el final de una etapa, sino el comienzo de un nuevo camino lleno de sue\u00f1os, metas y oportunidades. Este logro no es casualidad, es el resultado de noches largas, sacrificios silenciosos, de la gu\u00eda de nuestros profesores, del amor incondicional de nuestras familias y, sobre todo, de la gracia de Dios que nos sostuvo cuando m\u00e1s lo necesit\u00e1bamos\u201d, expres\u00f3 Caballero.<\/p>\n<p>Con este nuevo grupo de t\u00e9cnicos laborales, Comfenalco Cartagena contin\u00faa fortaleciendo el tejido social y econ\u00f3mico de la regi\u00f3n, brindando oportunidades de formaci\u00f3n para el trabajo que impactan positivamente en la vida de muchas de familias de Cartagena y Bol\u00edvar.<\/p>\n<p><img loading=\"lazy\" decoding=\"async\" class=\"alignnone size-medium wp-image-58518\" src=\"https:\/\/revistazetta.com\/wp-content\/uploads\/2025\/10\/Grado-4-500x333.jpg\" alt=\"\" width=\"500\" height=\"333\" srcset=\"https:\/\/revistazetta.com\/wp-content\/uploads\/2025\/10\/Grado-4-500x333.jpg 500w, https:\/\/revistazetta.com\/wp-content\/uploads\/2025\/10\/Grado-4-1024x683.jpg 1024w, https:\/\/revistazetta.com\/wp-content\/uploads\/2025\/10\/Grado-4-243x162.jpg 243w, https:\/\/revistazetta.com\/wp-content\/uploads\/2025\/10\/Grado-4-1536x1024.jpg 1536w, https:\/\/revistazetta.com\/wp-content\/uploads\/2025\/10\/Grado-4-2048x1365.jpg 2048w\" sizes=\"auto, (max-width: 500px) 100vw, 500px\" \/><\/p>\n<p><strong>Nuevo modelo de macrocertificaciones:<\/strong><\/p>\n<p>Recientemente, Cedesarrollo Comfenalco present\u00f3 su nuevo modelo de formaci\u00f3n que est\u00e1 basado en macrocertificaciones, que consiste en una tendencia educativa innovadora con un enfoque \u00e1gil y din\u00e1mico, que promueve el desarrollo laboral, vocacional, versatilidad acad\u00e9mica profesional y mejor accesibilidad econ\u00f3mica, lo que se constituye como una oportunidad \u00fanica para fortalecer el futuro de aquellos que se certifiquen bajo este modelo.<\/p>\n<p>Estas macrocertificaciones agrupan varias competencias de una l\u00ednea de \u00e9nfasis, a diferencia de otros modelos que se basan solo en saberes. Con esto se garantiza que, en un corto tiempo de dos meses y medio, las personas desarrollen competencias en distintos sectores productivos a trav\u00e9s de un enfoque pr\u00e1ctico aplicado con flexibilidad, agilidad acad\u00e9mica y que apunte a la empleabilidad.<\/p>\n<p><img loading=\"lazy\" decoding=\"async\" class=\"alignnone size-medium wp-image-58519\" src=\"https:\/\/revistazetta.com\/wp-content\/uploads\/2025\/10\/Grado-5-500x333.jpg\" alt=\"\" width=\"500\" height=\"333\" srcset=\"https:\/\/revistazetta.com\/wp-content\/uploads\/2025\/10\/Grado-5-500x333.jpg 500w, https:\/\/revistazetta.com\/wp-content\/uploads\/2025\/10\/Grado-5-1024x683.jpg 1024w, https:\/\/revistazetta.com\/wp-content\/uploads\/2025\/10\/Grado-5-243x162.jpg 243w, https:\/\/revistazetta.com\/wp-content\/uploads\/2025\/10\/Grado-5-1536x1024.jpg 1536w, https:\/\/revistazetta.com\/wp-content\/uploads\/2025\/10\/Grado-5-2048x1365.jpg 2048w\" sizes=\"auto, (max-width: 500px) 100vw, 500px\" \/> <img loading=\"lazy\" decoding=\"async\" class=\"alignnone size-medium wp-image-58520\" src=\"https:\/\/revistazetta.com\/wp-content\/uploads\/2025\/10\/Grado-6-500x333.jpg\" alt=\"\" width=\"500\" height=\"333\" srcset=\"https:\/\/revistazetta.com\/wp-content\/uploads\/2025\/10\/Grado-6-500x333.jpg 500w, https:\/\/revistazetta.com\/wp-content\/uploads\/2025\/10\/Grado-6-1024x683.jpg 1024w, https:\/\/revistazetta.com\/wp-content\/uploads\/2025\/10\/Grado-6-243x162.jpg 243w, https:\/\/revistazetta.com\/wp-content\/uploads\/2025\/10\/Grado-6-1536x1024.jpg 1536w, https:\/\/revistazetta.com\/wp-content\/uploads\/2025\/10\/Grado-6-2048x1365.jpg 2048w\" sizes=\"auto, (max-width: 500px) 100vw, 500px\" \/> <img loading=\"lazy\" decoding=\"async\" class=\"alignnone size-medium wp-image-58521\" src=\"https:\/\/revistazetta.com\/wp-content\/uploads\/2025\/10\/Grado-7-500x333.jpg\" alt=\"\" width=\"500\" height=\"333\" srcset=\"https:\/\/revistazetta.com\/wp-content\/uploads\/2025\/10\/Grado-7-500x333.jpg 500w, https:\/\/revistazetta.com\/wp-content\/uploads\/2025\/10\/Grado-7-1024x683.jpg 1024w, https:\/\/revistazetta.com\/wp-content\/uploads\/2025\/10\/Grado-7-243x162.jpg 243w, https:\/\/revistazetta.com\/wp-content\/uploads\/2025\/10\/Grado-7-1536x1024.jpg 1536w, https:\/\/revistazetta.com\/wp-content\/uploads\/2025\/10\/Grado-7-2048x1365.jpg 2048w\" sizes=\"auto, (max-width: 500px) 100vw, 500px\" \/> \u00a0\u00a0<img loading=\"lazy\" decoding=\"async\" class=\"alignnone size-medium wp-image-58524\" src=\"https:\/\/revistazetta.com\/wp-content\/uploads\/2025\/10\/Grado-10-500x333.jpg\" alt=\"\" width=\"500\" height=\"333\" srcset=\"https:\/\/revistazetta.com\/wp-content\/uploads\/2025\/10\/Grado-10-500x333.jpg 500w, https:\/\/revistazetta.com\/wp-content\/uploads\/2025\/10\/Grado-10-1024x683.jpg 1024w, https:\/\/revistazetta.com\/wp-content\/uploads\/2025\/10\/Grado-10-243x162.jpg 243w, https:\/\/revistazetta.com\/wp-content\/uploads\/2025\/10\/Grado-10-1536x1024.jpg 1536w, https:\/\/revistazetta.com\/wp-content\/uploads\/2025\/10\/Grado-10-2048x1365.jpg 2048w\" sizes=\"auto, (max-width: 500px) 100vw, 500px\" \/><\/p>\n","protected":false},"excerpt":{"rendered":"<p>Cedesarrollo Comfenalco gradu\u00f3 a 504 t\u00e9cnicos laborales de las carreras Auxiliar Administrativo, Auxiliar Contable y Financiero, Auxiliar de Sistemas Inform\u00e1ticos, Auxiliar en Atenci\u00f3n a la Primera Infancia, Auxiliar en Comercio Exterior, Seguridad Ocupacional, Auxiliar en Talento Humano, Control de Calidad, Mantenimiento de Hardware y Redes, Mercadeo y Ventas, Procesamiento Industrial, Procesos Log\u00edsticos y Servicios Hoteleros y Tur\u00edsticos. Cartagena de Indias, 21 de octubre de 2025.- La Caja de Compensaci\u00f3n Familiar de Fenalco ANDI Comfenalco Cartagena, a trav\u00e9s de su centro de formaci\u00f3n Cedesarrollo Comfenalco, celebr\u00f3 la trig\u00e9sima segunda ceremonia de&#8230; <\/p>\n","protected":false},"author":3,"featured_media":58514,"comment_status":"closed","ping_status":"closed","sticky":false,"template":"","format":"standard","meta":{"footnotes":"","_links_to":"","_links_to_target":""},"categories":[3,1450,51],"tags":[2412,292,1781,285,293],"class_list":["post-58513","post","type-post","status-publish","format-standard","has-post-thumbnail","hentry","category-ciudad","category-parasladers","category-universidad","tag-cedesarrollo","tag-ciudad","tag-comfenalco","tag-destacada","tag-universidad"],"_links":{"self":[{"href":"https:\/\/revistazetta.com\/index.php?rest_route=\/wp\/v2\/posts\/58513","targetHints":{"allow":["GET"]}}],"collection":[{"href":"https:\/\/revistazetta.com\/index.php?rest_route=\/wp\/v2\/posts"}],"about":[{"href":"https:\/\/revistazetta.com\/index.php?rest_route=\/wp\/v2\/types\/post"}],"author":[{"embeddable":true,"href":"https:\/\/revistazetta.com\/index.php?rest_route=\/wp\/v2\/users\/3"}],"replies":[{"embeddable":true,"href":"https:\/\/revistazetta.com\/index.php?rest_route=%2Fwp%2Fv2%2Fcomments&post=58513"}],"version-history":[{"count":0,"href":"https:\/\/revistazetta.com\/index.php?rest_route=\/wp\/v2\/posts\/58513\/revisions"}],"wp:featuredmedia":[{"embeddable":true,"href":"https:\/\/revistazetta.com\/index.php?rest_route=\/wp\/v2\/media\/58514"}],"wp:attachment":[{"href":"https:\/\/revistazetta.com\/index.php?rest_route=%2Fwp%2Fv2%2Fmedia&parent=58513"}],"wp:term":[{"taxonomy":"category","embeddable":true,"href":"https:\/\/revistazetta.com\/index.php?rest_route=%2Fwp%2Fv2%2Fcategories&post=58513"},{"taxonomy":"post_tag","embeddable":true,"href":"https:\/\/revistazetta.com\/index.php?rest_route=%2Fwp%2Fv2%2Ftags&post=58513"}],"curies":[{"name":"wp","href":"https:\/\/api.w.org\/{rel}","templated":true}]}}