{"id":58529,"date":"2025-10-22T10:58:16","date_gmt":"2025-10-22T15:58:16","guid":{"rendered":"https:\/\/revistazetta.com\/?p=58529"},"modified":"2025-10-22T10:58:16","modified_gmt":"2025-10-22T15:58:16","slug":"gracias-gobernador-la-candelaria-celebra-la-pavimentacion-de-la-calle-sargento-melendez","status":"publish","type":"post","link":"https:\/\/revistazetta.com\/?p=58529","title":{"rendered":"\u201cGracias, Gobernador\u201d: La Candelaria celebra la pavimentaci\u00f3n de la calle Sargento Mel\u00e9ndez"},"content":{"rendered":"<p><strong>Cartagena de Indias, 22 de octubre de 2025.-<\/strong> En medio de aplausos, m\u00fasica y gratitud, los habitantes del sector Omaira S\u00e1nchez, en el barrio La Candelaria, recibieron oficialmente la pavimentaci\u00f3n de la calle Sargento Mel\u00e9ndez, una obra que marca un nuevo cap\u00edtulo en la transformaci\u00f3n urbana de esta zona del sur de Cartagena.<\/p>\n<p>El proyecto, que forma parte del programa COMPI (Construcci\u00f3n de Obras Motivadoras de Participaci\u00f3n Integral), es la v\u00eda n\u00famero 24 entregada por la Gobernaci\u00f3n de Bol\u00edvar en la capital, y se consolida como un ejemplo de participaci\u00f3n ciudadana y corresponsabilidad entre el gobierno departamental y las comunidades.<\/p>\n<p><img loading=\"lazy\" decoding=\"async\" class=\"alignnone size-medium wp-image-58531\" src=\"https:\/\/revistazetta.com\/wp-content\/uploads\/2025\/10\/WhatsApp-Image-2025-10-21-at-17.53.24-500x333.jpeg\" alt=\"\" width=\"500\" height=\"333\" srcset=\"https:\/\/revistazetta.com\/wp-content\/uploads\/2025\/10\/WhatsApp-Image-2025-10-21-at-17.53.24-500x333.jpeg 500w, https:\/\/revistazetta.com\/wp-content\/uploads\/2025\/10\/WhatsApp-Image-2025-10-21-at-17.53.24-1024x683.jpeg 1024w, https:\/\/revistazetta.com\/wp-content\/uploads\/2025\/10\/WhatsApp-Image-2025-10-21-at-17.53.24-243x162.jpeg 243w, https:\/\/revistazetta.com\/wp-content\/uploads\/2025\/10\/WhatsApp-Image-2025-10-21-at-17.53.24.jpeg 1280w\" sizes=\"auto, (max-width: 500px) 100vw, 500px\" \/><\/p>\n<p><strong>Una obra construida con uni\u00f3n y sentido social<\/strong><\/p>\n<p>La jornada de entrega estuvo acompa\u00f1ada de un ambiente festivo. Ni\u00f1os, j\u00f3venes y adultos participaron en actividades culturales y bailes folcl\u00f3ricos, entre ellos la coreograf\u00eda Son de Negros, que simboliz\u00f3 la alegr\u00eda colectiva por una meta alcanzada despu\u00e9s de a\u00f1os de espera.<\/p>\n<p>Durante el acto, el gobernador Yamil Arana Padau\u00ed resalt\u00f3 el compromiso comunitario que permiti\u00f3 hacer realidad la obra y subray\u00f3 que los proyectos m\u00e1s exitosos son aquellos donde la ciudadan\u00eda se involucra activamente.<\/p>\n<p><img loading=\"lazy\" decoding=\"async\" class=\"alignnone size-medium wp-image-58538\" src=\"https:\/\/revistazetta.com\/wp-content\/uploads\/2025\/10\/WhatsApp-Image-2025-10-21-at-17.53.27-444x333.jpeg\" alt=\"\" width=\"444\" height=\"333\" srcset=\"https:\/\/revistazetta.com\/wp-content\/uploads\/2025\/10\/WhatsApp-Image-2025-10-21-at-17.53.27-444x333.jpeg 444w, https:\/\/revistazetta.com\/wp-content\/uploads\/2025\/10\/WhatsApp-Image-2025-10-21-at-17.53.27-1024x768.jpeg 1024w, https:\/\/revistazetta.com\/wp-content\/uploads\/2025\/10\/WhatsApp-Image-2025-10-21-at-17.53.27-216x162.jpeg 216w, https:\/\/revistazetta.com\/wp-content\/uploads\/2025\/10\/WhatsApp-Image-2025-10-21-at-17.53.27.jpeg 1280w\" sizes=\"auto, (max-width: 444px) 100vw, 444px\" \/><\/p>\n<p>\u201cEsta obra, hecha con sus propias manos, es una muestra palpable de que trabajar en equipo entrega como resultado final una excelente obra, de gran calidad, para el disfrute de ustedes mismos\u201d, afirm\u00f3 el mandatario.<\/p>\n<p>Arana destac\u00f3 que el proyecto no solo mejora la movilidad y la calidad de vida, sino que tambi\u00e9n rinde homenaje a un l\u00edder barrial que dej\u00f3 huella en su comunidad.<\/p>\n<p>\u201cEste COMPI es un homenaje al sargento Luis Carlos Mel\u00e9ndez, quien luch\u00f3 por este barrio y so\u00f1\u00f3 con ver sus calles pavimentadas. Hoy ese sue\u00f1o se cumple, y con \u00e9l, la oportunidad de un desarrollo hist\u00f3rico para su gente\u201d, expres\u00f3.<\/p>\n<p><img loading=\"lazy\" decoding=\"async\" class=\"alignnone size-medium wp-image-58533\" src=\"https:\/\/revistazetta.com\/wp-content\/uploads\/2025\/10\/WhatsApp-Image-2025-10-21-at-17.53.25-500x333.jpeg\" alt=\"\" width=\"500\" height=\"333\" srcset=\"https:\/\/revistazetta.com\/wp-content\/uploads\/2025\/10\/WhatsApp-Image-2025-10-21-at-17.53.25-500x333.jpeg 500w, https:\/\/revistazetta.com\/wp-content\/uploads\/2025\/10\/WhatsApp-Image-2025-10-21-at-17.53.25-1024x683.jpeg 1024w, https:\/\/revistazetta.com\/wp-content\/uploads\/2025\/10\/WhatsApp-Image-2025-10-21-at-17.53.25-243x162.jpeg 243w, https:\/\/revistazetta.com\/wp-content\/uploads\/2025\/10\/WhatsApp-Image-2025-10-21-at-17.53.25.jpeg 1280w\" sizes=\"auto, (max-width: 500px) 100vw, 500px\" \/><\/p>\n<p>El Gobernador agreg\u00f3 que la obra tiene un profundo simbolismo de memoria y paz.<\/p>\n<p>\u201cEsta calle no es solo pavimento, sino el recuerdo vivo de alguien que dio su vida por su comunidad. Que nunca olvidemos que la paz debe habitar en los corazones de todos los colombianos, porque es el valor que no podemos perder de vista. Me siento profundamente emocionado al ver aqu\u00ed a su madre, a su familia y a toda la comunidad reunida\u201d, puntualiz\u00f3.<\/p>\n<p>El momento m\u00e1s emotivo de la jornada se vivi\u00f3 cuando, en memoria del sargento Mel\u00e9ndez, los asistentes lanzaron globos blancos al cielo, como gesto de respeto y esperanza.<\/p>\n<p><img loading=\"lazy\" decoding=\"async\" class=\"alignnone size-medium wp-image-58536\" src=\"https:\/\/revistazetta.com\/wp-content\/uploads\/2025\/10\/WhatsApp-Image-2025-10-21-at-17.53.26-500x333.jpeg\" alt=\"\" width=\"500\" height=\"333\" srcset=\"https:\/\/revistazetta.com\/wp-content\/uploads\/2025\/10\/WhatsApp-Image-2025-10-21-at-17.53.26-500x333.jpeg 500w, https:\/\/revistazetta.com\/wp-content\/uploads\/2025\/10\/WhatsApp-Image-2025-10-21-at-17.53.26-1024x683.jpeg 1024w, https:\/\/revistazetta.com\/wp-content\/uploads\/2025\/10\/WhatsApp-Image-2025-10-21-at-17.53.26-243x162.jpeg 243w, https:\/\/revistazetta.com\/wp-content\/uploads\/2025\/10\/WhatsApp-Image-2025-10-21-at-17.53.26.jpeg 1280w\" sizes=\"auto, (max-width: 500px) 100vw, 500px\" \/><\/p>\n<p><strong>Impacto t\u00e9cnico y social<\/strong><\/p>\n<p>La nueva v\u00eda fue construida en concreto r\u00edgido, con una longitud de 198 metros lineales, un ancho de 4,4 metros y un espesor de 18 cent\u00edmetros, lo que garantiza su resistencia y durabilidad.<\/p>\n<p>Adem\u00e1s, el proyecto incluy\u00f3 la construcci\u00f3n de 400 metros de andenes y bordillos, mejorando la accesibilidad y la seguridad peatonal del sector. En total, la obra tuvo una inversi\u00f3n de $337.700.000, de los cuales $306.000.000 fueron aportados por la Gobernaci\u00f3n de Bol\u00edvar y $31.700.000 por la comunidad.<\/p>\n<p>La intervenci\u00f3n beneficia directamente a 45 viviendas y cerca de 300 personas, y gener\u00f3 14 empleos locales durante su ejecuci\u00f3n, fortaleciendo la econom\u00eda barrial.<\/p>\n<p><img loading=\"lazy\" decoding=\"async\" class=\"alignnone size-medium wp-image-58534\" src=\"https:\/\/revistazetta.com\/wp-content\/uploads\/2025\/10\/WhatsApp-Image-2025-10-21-at-17.53.26-1-500x333.jpeg\" alt=\"\" width=\"500\" height=\"333\" srcset=\"https:\/\/revistazetta.com\/wp-content\/uploads\/2025\/10\/WhatsApp-Image-2025-10-21-at-17.53.26-1-500x333.jpeg 500w, https:\/\/revistazetta.com\/wp-content\/uploads\/2025\/10\/WhatsApp-Image-2025-10-21-at-17.53.26-1-1024x683.jpeg 1024w, https:\/\/revistazetta.com\/wp-content\/uploads\/2025\/10\/WhatsApp-Image-2025-10-21-at-17.53.26-1-243x162.jpeg 243w, https:\/\/revistazetta.com\/wp-content\/uploads\/2025\/10\/WhatsApp-Image-2025-10-21-at-17.53.26-1.jpeg 1280w\" sizes=\"auto, (max-width: 500px) 100vw, 500px\" \/><\/p>\n<p><strong>Voces de la comunidad<\/strong><\/p>\n<p>Para los habitantes de La Candelaria, la pavimentaci\u00f3n representa dignidad, inclusi\u00f3n y progreso.<\/p>\n<p>Yasbelis Ortiz Ospino, residente del sector, lo expres\u00f3 con emoci\u00f3n:<\/p>\n<p>\u201cPor mucho tiempo, pese a mi discapacidad, me toc\u00f3 caminar entre el barro. Hoy le doy gracias a Dios, al Gobernador y a todos los que ayudaron a hacerlo posible. La calle qued\u00f3 espectacular; ya no tenemos que pisar barro, ahora caminamos sobre pavimento\u201d.<\/p>\n<p><img loading=\"lazy\" decoding=\"async\" class=\"alignnone size-medium wp-image-58537\" src=\"https:\/\/revistazetta.com\/wp-content\/uploads\/2025\/10\/WhatsApp-Image-2025-10-21-at-17.53.27-1-444x333.jpeg\" alt=\"\" width=\"444\" height=\"333\" srcset=\"https:\/\/revistazetta.com\/wp-content\/uploads\/2025\/10\/WhatsApp-Image-2025-10-21-at-17.53.27-1-444x333.jpeg 444w, https:\/\/revistazetta.com\/wp-content\/uploads\/2025\/10\/WhatsApp-Image-2025-10-21-at-17.53.27-1-1024x768.jpeg 1024w, https:\/\/revistazetta.com\/wp-content\/uploads\/2025\/10\/WhatsApp-Image-2025-10-21-at-17.53.27-1-216x162.jpeg 216w, https:\/\/revistazetta.com\/wp-content\/uploads\/2025\/10\/WhatsApp-Image-2025-10-21-at-17.53.27-1.jpeg 1280w\" sizes=\"auto, (max-width: 444px) 100vw, 444px\" \/><\/p>\n<p>Jimmy Carabal\u00ed, otro vecino, tambi\u00e9n celebr\u00f3 la transformaci\u00f3n:<\/p>\n<p>\u201cEstamos bastante contentos. Ya podemos ver y pisar el pavimento. Le damos muchas gracias al Gobernador, que nos ayud\u00f3 para que este sue\u00f1o fuera una realidad\u201d.<\/p>\n<p>La edilesa Ver\u00f3nica Jim\u00e9nez destac\u00f3 el sentido simb\u00f3lico de la obra:<\/p>\n<p>\u201cEsta tarde es especial, porque m\u00e1s que pavimentar una calle o inaugurar una obra de infraestructura, estamos inaugurando un recuerdo. Hoy, gracias a usted, Gobernador, dejamos en este espacio la memoria del sargento Mel\u00e9ndez. Su esp\u00edritu, su ejemplo y su coraz\u00f3n permanecen aqu\u00ed, entre su gente\u201d.<\/p>\n<p><img loading=\"lazy\" decoding=\"async\" class=\"alignnone size-medium wp-image-58540\" src=\"https:\/\/revistazetta.com\/wp-content\/uploads\/2025\/10\/WhatsApp-Image-2025-10-21-at-17.53.29-500x333.jpeg\" alt=\"\" width=\"500\" height=\"333\" srcset=\"https:\/\/revistazetta.com\/wp-content\/uploads\/2025\/10\/WhatsApp-Image-2025-10-21-at-17.53.29-500x333.jpeg 500w, https:\/\/revistazetta.com\/wp-content\/uploads\/2025\/10\/WhatsApp-Image-2025-10-21-at-17.53.29-1024x683.jpeg 1024w, https:\/\/revistazetta.com\/wp-content\/uploads\/2025\/10\/WhatsApp-Image-2025-10-21-at-17.53.29-243x162.jpeg 243w, https:\/\/revistazetta.com\/wp-content\/uploads\/2025\/10\/WhatsApp-Image-2025-10-21-at-17.53.29.jpeg 1280w\" sizes=\"auto, (max-width: 500px) 100vw, 500px\" \/><\/p>\n<p><strong>Un COMPI que deja huella<\/strong><\/p>\n<p>Con esta intervenci\u00f3n, el programa COMPI reafirma su prop\u00f3sito de llevar infraestructura digna y de calidad a los barrios de Cartagena y Bol\u00edvar, fomentando la participaci\u00f3n ciudadana y el sentido de pertenencia.<\/p>\n<p>Cada calle construida bajo este esquema se convierte en un s\u00edmbolo de colaboraci\u00f3n y progreso compartido. En La Candelaria, ese s\u00edmbolo hoy tiene nombre propio: Sargento Mel\u00e9ndez, el hombre que so\u00f1\u00f3 con ver pavimentado su barrio, y cuya memoria qued\u00f3 grabada en el concreto que hoy pisan sus vecinos.<\/p>\n<p><img loading=\"lazy\" decoding=\"async\" class=\"alignnone size-medium wp-image-58532\" src=\"https:\/\/revistazetta.com\/wp-content\/uploads\/2025\/10\/WhatsApp-Image-2025-10-21-at-17.53.25-1-500x333.jpeg\" alt=\"\" width=\"500\" height=\"333\" srcset=\"https:\/\/revistazetta.com\/wp-content\/uploads\/2025\/10\/WhatsApp-Image-2025-10-21-at-17.53.25-1-500x333.jpeg 500w, https:\/\/revistazetta.com\/wp-content\/uploads\/2025\/10\/WhatsApp-Image-2025-10-21-at-17.53.25-1-1024x683.jpeg 1024w, https:\/\/revistazetta.com\/wp-content\/uploads\/2025\/10\/WhatsApp-Image-2025-10-21-at-17.53.25-1-243x162.jpeg 243w, https:\/\/revistazetta.com\/wp-content\/uploads\/2025\/10\/WhatsApp-Image-2025-10-21-at-17.53.25-1.jpeg 1280w\" sizes=\"auto, (max-width: 500px) 100vw, 500px\" \/><\/p>\n","protected":false},"excerpt":{"rendered":"<p>Cartagena de Indias, 22 de octubre de 2025.- En medio de aplausos, m\u00fasica y gratitud, los habitantes del sector Omaira S\u00e1nchez, en el barrio La Candelaria, recibieron oficialmente la pavimentaci\u00f3n de la calle Sargento Mel\u00e9ndez, una obra que marca un nuevo cap\u00edtulo en la transformaci\u00f3n urbana de esta zona del sur de Cartagena. El proyecto, que forma parte del programa COMPI (Construcci\u00f3n de Obras Motivadoras de Participaci\u00f3n Integral), es la v\u00eda n\u00famero 24 entregada por la Gobernaci\u00f3n de Bol\u00edvar en la capital, y se consolida como un ejemplo de participaci\u00f3n&#8230; <\/p>\n","protected":false},"author":3,"featured_media":58530,"comment_status":"closed","ping_status":"closed","sticky":false,"template":"","format":"standard","meta":{"footnotes":"","_links_to":"","_links_to_target":""},"categories":[85,1450,32],"tags":[111,285,296,583],"class_list":["post-58529","post","type-post","status-publish","format-standard","has-post-thumbnail","hentry","category-cartagena","category-parasladers","category-actualidad-distrito","tag-cartagena","tag-destacada","tag-distrito","tag-yamil-arana"],"_links":{"self":[{"href":"https:\/\/revistazetta.com\/index.php?rest_route=\/wp\/v2\/posts\/58529","targetHints":{"allow":["GET"]}}],"collection":[{"href":"https:\/\/revistazetta.com\/index.php?rest_route=\/wp\/v2\/posts"}],"about":[{"href":"https:\/\/revistazetta.com\/index.php?rest_route=\/wp\/v2\/types\/post"}],"author":[{"embeddable":true,"href":"https:\/\/revistazetta.com\/index.php?rest_route=\/wp\/v2\/users\/3"}],"replies":[{"embeddable":true,"href":"https:\/\/revistazetta.com\/index.php?rest_route=%2Fwp%2Fv2%2Fcomments&post=58529"}],"version-history":[{"count":0,"href":"https:\/\/revistazetta.com\/index.php?rest_route=\/wp\/v2\/posts\/58529\/revisions"}],"wp:featuredmedia":[{"embeddable":true,"href":"https:\/\/revistazetta.com\/index.php?rest_route=\/wp\/v2\/media\/58530"}],"wp:attachment":[{"href":"https:\/\/revistazetta.com\/index.php?rest_route=%2Fwp%2Fv2%2Fmedia&parent=58529"}],"wp:term":[{"taxonomy":"category","embeddable":true,"href":"https:\/\/revistazetta.com\/index.php?rest_route=%2Fwp%2Fv2%2Fcategories&post=58529"},{"taxonomy":"post_tag","embeddable":true,"href":"https:\/\/revistazetta.com\/index.php?rest_route=%2Fwp%2Fv2%2Ftags&post=58529"}],"curies":[{"name":"wp","href":"https:\/\/api.w.org\/{rel}","templated":true}]}}