{"id":58558,"date":"2025-10-23T21:29:29","date_gmt":"2025-10-24T02:29:29","guid":{"rendered":"https:\/\/revistazetta.com\/?p=58558"},"modified":"2025-10-23T21:43:02","modified_gmt":"2025-10-24T02:43:02","slug":"los-caminos-de-cambio-radical-para-las-elecciones-de-marzo-2026-analisis-de-john-zamora","status":"publish","type":"post","link":"https:\/\/revistazetta.com\/?p=58558","title":{"rendered":"Los caminos de Cambio Radical para las elecciones de marzo 2026 &#8211; An\u00e1lisis de John Zamora"},"content":{"rendered":"<p><strong>Por John Zamora (Director Revista Zetta).- Cartagena de Indias, 23 de octubre de 2025.-<\/strong> La pol\u00edtica tiene innumerables ejemplos de situaciones adversas que, de un momento a otro, resultan victoriosas. Ese es el caso del partido Cambio Radical, que tanto a nivel nacional como departamental enfrenta el reto de elaborar sus listas tanto para Senado como para C\u00e1mara, en medio de brumosas circunstancias.<\/p>\n<p>La primera dificultad al elaborar la lista a Senado es que varios de los actuales senadores no quieren la reelecci\u00f3n y ello tiene varias explicaciones. Una de ellas, el costo de la oposici\u00f3n.<\/p>\n<p>Lo cosa cambiar\u00eda si el l\u00edder natural Germ\u00e1n Vargas Lleras, aquejado por quebrantos de salud, pudiera salir al ruedo y batirse como le\u00f3n encabezando lista, pero eso est\u00e1 complicado, sobre todo porque es una opci\u00f3n para Presidencia de la Rep\u00fablica.<\/p>\n<p>Aspectos externos tambi\u00e9n inciden, como la probabilidad de que \u00c1lvaro Uribe -ahora declarado inocente y revitalizado- ocupe la casilla 25 en una lista cerrada de Centro Democr\u00e1tico, atrayendo gran votaci\u00f3n nacional que le restar\u00eda posibilidades a Cambio Radical.<\/p>\n<p>En esos vaivenes est\u00e1 el senador cartagenero Jorge Benedetti, quien ha estado muy vigoroso en el debate legislativo pero silente en la dial\u00e9ctica regional. A quienes apuestan por una retirada sin aspiraci\u00f3n a reelecci\u00f3n, es probable que se sorprendan con una renovada campa\u00f1a de respaldos locales y regionales.<\/p>\n<p>Aun as\u00ed, con estos nubarrones, el panorama para Senado est\u00e1 m\u00e1s claro que el de C\u00e1mara de Representantes en Bol\u00edvar.<\/p>\n<p>Cambio Radical no ha encontrado f\u00f3rmula para confeccionar una lista. El m\u00e1s din\u00e1mico ha sido el diputado V\u00edctor Mendoza, de quien incluso se dijo que renunciar\u00eda este 31 de octubre, pero tal apuesta ahora resulta improbable. La explicaci\u00f3n es que \u201cno hay con qui\u00e9n\u201d y el tiempo se estrecha para las inscripciones. M\u00e1s all\u00e1 de la militancia partidista, es sabido que en Bol\u00edvar el grupo de los hermanos Mendoza Saleme tiene un pie en el conservatismo con el concejal de Cartagena, Edgar Mendoza Saleme, pero tambi\u00e9n nexos con el liberalismo con la exconcejal liberal Katya Mendoza Saleme, y por esa v\u00eda se habilitar\u00eda un espacio para el \u201cmendocismo\u201d. \u00bfQu\u00e9 tal reforzando la lista liberal y \u201casustando\u201d con dos curules: Silvio Carrasquilla y Katya?<\/p>\n<p>Ante el silencio del senador Benedetti y los vanos esfuerzos de Mendoza, las diputadas Viviana Villalobos y Karen Cure se han mantenido expectantes, pues saben que la lista a C\u00e1mara est\u00e1 embolatada. Conducta similar han tenido los concejales de Cartagena Pedro Aponte, Wilson Toncel y Carlos Barrios, quienes miran los toros desde la barrera.<\/p>\n<p>Una f\u00f3rmula en alg\u00fan momento era con el Nuevo Liberalismo de Fejed Al\u00ed y la opci\u00f3n de Jocho Ardila, pero este finalmente se apunt\u00f3 por Centro Democr\u00e1tico, mientras el NL -con nueva vocer\u00eda en cabeza de Carolina Lozano- explora opciones de acuerdo con La U y Alianza Verde, am\u00e9n del ya conocido acuerdo nacional con MIRA.<\/p>\n<p>El gran problema es que los n\u00fameros no dan. Por m\u00e1s que V\u00edctor Mendoza se \u00abeche al hombro\u00bb la lista de Cambio Radical, si no encuentra otros \u00abcaballos\u00bb que lo ayuden a cabalgar y sumar, de nada valdr\u00e1 el esfuerzo y naufragar\u00e1. Nadie puede olvidar que en el escenario est\u00e1 el potente Partido Conservador, que pondr\u00e1 una votaci\u00f3n para obtener al menos cuatro curules, y el s\u00f3lido grupo del senador Lidio Garc\u00eda en el Partido Liberal, y se perfilan candidaturas en otras colectividades. Todos esos votos entran en la misma cesta y solo tendr\u00e1n futuro los que superen el umbral, y despu\u00e9s la cifra repartidora para las seis curules de Bol\u00edvar.<\/p>\n<p>Por lo pronto, las \u201cf\u00f3rmulas matem\u00e1ticas\u201d seguir\u00e1n haciendo sus c\u00e1lculos de sumas y restas hasta que se cierre el periodo oficial de inscripciones. De ello depende la vigencia y supervivencia de Cambio Radical en Bol\u00edvar.<\/p>\n<p>&nbsp;<\/p>\n","protected":false},"excerpt":{"rendered":"<p>Por John Zamora (Director Revista Zetta).- Cartagena de Indias, 23 de octubre de 2025.- La pol\u00edtica tiene innumerables ejemplos de situaciones adversas que, de un momento a otro, resultan victoriosas. Ese es el caso del partido Cambio Radical, que tanto a nivel nacional como departamental enfrenta el reto de elaborar sus listas tanto para Senado como para C\u00e1mara, en medio de brumosas circunstancias. La primera dificultad al elaborar la lista a Senado es que varios de los actuales senadores no quieren la reelecci\u00f3n y ello tiene varias explicaciones. Una de&#8230; <\/p>\n","protected":false},"author":3,"featured_media":58560,"comment_status":"closed","ping_status":"closed","sticky":false,"template":"","format":"standard","meta":{"footnotes":"","_links_to":"","_links_to_target":""},"categories":[66,1450,44],"tags":[314,417,285,2451,257,226,288,539,619],"class_list":["post-58558","post","type-post","status-publish","format-standard","has-post-thumbnail","hentry","category-analisis","category-parasladers","category-materiagris","tag-analisis","tag-cambio-radical","tag-destacada","tag-elecciones-2026","tag-jorge-benedetti","tag-karen-cure","tag-materia-gris","tag-victor-mendoza","tag-viviana-villalobos"],"_links":{"self":[{"href":"https:\/\/revistazetta.com\/index.php?rest_route=\/wp\/v2\/posts\/58558","targetHints":{"allow":["GET"]}}],"collection":[{"href":"https:\/\/revistazetta.com\/index.php?rest_route=\/wp\/v2\/posts"}],"about":[{"href":"https:\/\/revistazetta.com\/index.php?rest_route=\/wp\/v2\/types\/post"}],"author":[{"embeddable":true,"href":"https:\/\/revistazetta.com\/index.php?rest_route=\/wp\/v2\/users\/3"}],"replies":[{"embeddable":true,"href":"https:\/\/revistazetta.com\/index.php?rest_route=%2Fwp%2Fv2%2Fcomments&post=58558"}],"version-history":[{"count":0,"href":"https:\/\/revistazetta.com\/index.php?rest_route=\/wp\/v2\/posts\/58558\/revisions"}],"wp:featuredmedia":[{"embeddable":true,"href":"https:\/\/revistazetta.com\/index.php?rest_route=\/wp\/v2\/media\/58560"}],"wp:attachment":[{"href":"https:\/\/revistazetta.com\/index.php?rest_route=%2Fwp%2Fv2%2Fmedia&parent=58558"}],"wp:term":[{"taxonomy":"category","embeddable":true,"href":"https:\/\/revistazetta.com\/index.php?rest_route=%2Fwp%2Fv2%2Fcategories&post=58558"},{"taxonomy":"post_tag","embeddable":true,"href":"https:\/\/revistazetta.com\/index.php?rest_route=%2Fwp%2Fv2%2Ftags&post=58558"}],"curies":[{"name":"wp","href":"https:\/\/api.w.org\/{rel}","templated":true}]}}