{"id":58564,"date":"2025-10-24T08:49:46","date_gmt":"2025-10-24T13:49:46","guid":{"rendered":"https:\/\/revistazetta.com\/?p=58564"},"modified":"2025-10-24T08:49:46","modified_gmt":"2025-10-24T13:49:46","slug":"la-justicia-tarifaria-no-puede-ser-un-discurso-sino-realidad-senador-antonio-correa","status":"publish","type":"post","link":"https:\/\/revistazetta.com\/?p=58564","title":{"rendered":"La justicia tarifaria no puede ser un discurso sino realidad: Senador Antonio Correa"},"content":{"rendered":"<p><strong>Bogot\u00e1, 24 de octubre de 2025.-<\/strong> El senador Antonio Jos\u00e9 Correa Jim\u00e9nez hizo un llamado para que por fin exista una justicia tarifaria en favor de los m\u00e1s vulnerables, indic\u00f3 que las p\u00e9rdidas t\u00e9cnicas, y no t\u00e9cnicas, la mala gesti\u00f3n y la corrupci\u00f3n elevaron las tarifas, y hoy por hoy los m\u00e1s pobres pagan la energ\u00eda m\u00e1s cara del pa\u00eds, asfixiados e impotentes ante semejante injusticia.<\/p>\n<p>El congresista se\u00f1al\u00f3 que en la regi\u00f3n Caribe las obras para evitar las p\u00e9rdidas t\u00e9cnicas con recursos p\u00fablicos en la \u00e9poca de la extinta Electricaribe, fueron siniestradas, luego en el gobierno anterior le dieron la gabela en el Plan Nacional de Desarrollo, de trasladarle esas p\u00e9rdidas t\u00e9cnicas al bolsillo de los usuarios, mientras tanto AFINIA Y AIREE con las c\u00e9dulas comercializan y hacen ferias con la factura de energ\u00eda.<span class=\"Apple-converted-space\">\u00a0<\/span><\/p>\n<p>En el mismo sentido dijo que tambi\u00e9n es preocupante el hecho de que las generadoras de energ\u00eda no venden directamente a las comercializadoras si no a bolsas de intermediarios del mercado que se enriquecen con el servicio p\u00fablico de energ\u00eda el\u00e9ctrica.<span class=\"Apple-converted-space\">\u00a0<\/span><\/p>\n<p>Por otro lado, afirm\u00f3 que las concesiones de alumbrado p\u00fablico se volvieron negociados sin beneficios sociales, pero si para el bolsillo del due\u00f1o de la concesi\u00f3n. Hoy existen dos proyectos de ley que buscan aliviar el bolsillo del Caribe y de los colombianos uno de la autor\u00eda del gobierno Petro, y otro de su autor\u00eda y conf\u00eda que estas iniciativas no sean bloqueadas, ya que en la pasada legislatura en el \u00faltimo debate fue bloqueado el de su autor\u00eda, por intereses oscuros.<\/p>\n<p>Correa Jim\u00e9nez insisti\u00f3 en que su compromiso es con la equidad tarifaria, la transparencia en la gesti\u00f3n y la defensa del usuario, porque en Colombia la energ\u00eda no puede ser un privilegio, debe ser un derecho, amanecer\u00e1 y veremos, despu\u00e9s se horrorizan cuando hablan de constituyente, recuerden el pueblo tiene la \u00faltima palabra pronto elecciones.<\/p>\n","protected":false},"excerpt":{"rendered":"<p>Bogot\u00e1, 24 de octubre de 2025.- El senador Antonio Jos\u00e9 Correa Jim\u00e9nez hizo un llamado para que por fin exista una justicia tarifaria en favor de los m\u00e1s vulnerables, indic\u00f3 que las p\u00e9rdidas t\u00e9cnicas, y no t\u00e9cnicas, la mala gesti\u00f3n y la corrupci\u00f3n elevaron las tarifas, y hoy por hoy los m\u00e1s pobres pagan la energ\u00eda m\u00e1s cara del pa\u00eds, asfixiados e impotentes ante semejante injusticia. El congresista se\u00f1al\u00f3 que en la regi\u00f3n Caribe las obras para evitar las p\u00e9rdidas t\u00e9cnicas con recursos p\u00fablicos en la \u00e9poca de la extinta&#8230; <\/p>\n","protected":false},"author":3,"featured_media":58565,"comment_status":"closed","ping_status":"closed","sticky":false,"template":"","format":"standard","meta":{"footnotes":"","_links_to":"","_links_to_target":""},"categories":[1450,4,82],"tags":[259,285,298,234],"class_list":["post-58564","post","type-post","status-publish","format-standard","has-post-thumbnail","hentry","category-parasladers","category-politica","category-senado","tag-antonio-correa","tag-destacada","tag-politica","tag-senado"],"_links":{"self":[{"href":"https:\/\/revistazetta.com\/index.php?rest_route=\/wp\/v2\/posts\/58564","targetHints":{"allow":["GET"]}}],"collection":[{"href":"https:\/\/revistazetta.com\/index.php?rest_route=\/wp\/v2\/posts"}],"about":[{"href":"https:\/\/revistazetta.com\/index.php?rest_route=\/wp\/v2\/types\/post"}],"author":[{"embeddable":true,"href":"https:\/\/revistazetta.com\/index.php?rest_route=\/wp\/v2\/users\/3"}],"replies":[{"embeddable":true,"href":"https:\/\/revistazetta.com\/index.php?rest_route=%2Fwp%2Fv2%2Fcomments&post=58564"}],"version-history":[{"count":0,"href":"https:\/\/revistazetta.com\/index.php?rest_route=\/wp\/v2\/posts\/58564\/revisions"}],"wp:featuredmedia":[{"embeddable":true,"href":"https:\/\/revistazetta.com\/index.php?rest_route=\/wp\/v2\/media\/58565"}],"wp:attachment":[{"href":"https:\/\/revistazetta.com\/index.php?rest_route=%2Fwp%2Fv2%2Fmedia&parent=58564"}],"wp:term":[{"taxonomy":"category","embeddable":true,"href":"https:\/\/revistazetta.com\/index.php?rest_route=%2Fwp%2Fv2%2Fcategories&post=58564"},{"taxonomy":"post_tag","embeddable":true,"href":"https:\/\/revistazetta.com\/index.php?rest_route=%2Fwp%2Fv2%2Ftags&post=58564"}],"curies":[{"name":"wp","href":"https:\/\/api.w.org\/{rel}","templated":true}]}}