{"id":58606,"date":"2025-10-28T10:49:56","date_gmt":"2025-10-28T15:49:56","guid":{"rendered":"https:\/\/revistazetta.com\/?p=58606"},"modified":"2025-10-28T10:49:56","modified_gmt":"2025-10-28T15:49:56","slug":"aguas-de-cartagena-fortalece-el-cuidado-del-entorno-en-la-boquilla-con-jornada-infantil-de-embellecimiento-y-siembra","status":"publish","type":"post","link":"https:\/\/revistazetta.com\/?p=58606","title":{"rendered":"Aguas de Cartagena fortalece el cuidado del entorno en La Boquilla con jornada infantil de embellecimiento y siembra"},"content":{"rendered":"<p dir=\"ltr\"><strong>Cartagena de Indias, 28 de octubre de 2025.-<\/strong> Como parte de su compromiso con la educaci\u00f3n ambiental y la participaci\u00f3n comunitaria, Aguas de Cartagena desarroll\u00f3 una jornada de recuperaci\u00f3n y embellecimiento en los alrededores de la Estaci\u00f3n de Bombeo de Aguas Residuales (EBAR) La Boquilla, en el marco de las acciones paralelas al programa Clubes Defensores del Agua.<\/p>\n<p dir=\"ltr\">La actividad, liderada por la l\u00ednea de atenci\u00f3n comunitaria de las EBAR, cont\u00f3 con la participaci\u00f3n activa de ni\u00f1os y ni\u00f1as del corregimiento, quienes realizaron labores de siembra de \u00e1rboles nativos, pintura de la imagen de la Virgen ubicada en la zona y participaron en actividades educativas con premios y din\u00e1micas de aprendizaje l\u00fadico.<\/p>\n<p dir=\"ltr\"><img loading=\"lazy\" decoding=\"async\" class=\"alignnone size-medium wp-image-58608\" src=\"https:\/\/revistazetta.com\/wp-content\/uploads\/2025\/10\/WhatsApp-Image-2025-10-27-at-14.20.00-500x333.jpeg\" alt=\"\" width=\"500\" height=\"333\" srcset=\"https:\/\/revistazetta.com\/wp-content\/uploads\/2025\/10\/WhatsApp-Image-2025-10-27-at-14.20.00-500x333.jpeg 500w, https:\/\/revistazetta.com\/wp-content\/uploads\/2025\/10\/WhatsApp-Image-2025-10-27-at-14.20.00-1024x682.jpeg 1024w, https:\/\/revistazetta.com\/wp-content\/uploads\/2025\/10\/WhatsApp-Image-2025-10-27-at-14.20.00-243x162.jpeg 243w, https:\/\/revistazetta.com\/wp-content\/uploads\/2025\/10\/WhatsApp-Image-2025-10-27-at-14.20.00-1536x1023.jpeg 1536w, https:\/\/revistazetta.com\/wp-content\/uploads\/2025\/10\/WhatsApp-Image-2025-10-27-at-14.20.00.jpeg 1600w\" sizes=\"auto, (max-width: 500px) 100vw, 500px\" \/><\/p>\n<p dir=\"ltr\">Esta jornada no solo tuvo como objetivo mejorar el entorno inmediato de la infraestructura operativa, sino tambi\u00e9n fortalecer el sentido de pertenencia y responsabilidad ambiental desde edades tempranas, promoviendo el trabajo en equipo y la apropiaci\u00f3n del espacio p\u00fablico como parte del aprendizaje colectivo.<\/p>\n<p dir=\"ltr\">\u201cEstas actividades complementan la formaci\u00f3n te\u00f3rica de los ni\u00f1os con acciones concretas de impacto ambiental. La idea es que comprendan que cuidar el agua tambi\u00e9n significa proteger los espacios que la rodean y las infraestructuras que la hacen posible\u201d, se\u00f1al\u00f3 John Montoya Ca\u00f1as, gerente general de Aguas de Cartagena.<\/p>\n<p dir=\"ltr\"><img loading=\"lazy\" decoding=\"async\" class=\"alignnone size-medium wp-image-58609\" src=\"https:\/\/revistazetta.com\/wp-content\/uploads\/2025\/10\/WhatsApp-Image-2025-10-27-at-14.20.01-1-500x333.jpeg\" alt=\"\" width=\"500\" height=\"333\" srcset=\"https:\/\/revistazetta.com\/wp-content\/uploads\/2025\/10\/WhatsApp-Image-2025-10-27-at-14.20.01-1-500x333.jpeg 500w, https:\/\/revistazetta.com\/wp-content\/uploads\/2025\/10\/WhatsApp-Image-2025-10-27-at-14.20.01-1-1024x682.jpeg 1024w, https:\/\/revistazetta.com\/wp-content\/uploads\/2025\/10\/WhatsApp-Image-2025-10-27-at-14.20.01-1-243x162.jpeg 243w, https:\/\/revistazetta.com\/wp-content\/uploads\/2025\/10\/WhatsApp-Image-2025-10-27-at-14.20.01-1-1536x1023.jpeg 1536w, https:\/\/revistazetta.com\/wp-content\/uploads\/2025\/10\/WhatsApp-Image-2025-10-27-at-14.20.01-1.jpeg 1600w\" sizes=\"auto, (max-width: 500px) 100vw, 500px\" \/><\/p>\n<p dir=\"ltr\">Esta intervenci\u00f3n se desarroll\u00f3 de manera paralela a la fase final del programa Clubes Defensores del Agua en La Boquilla, el cual capacit\u00f3 a 60 ni\u00f1os y ni\u00f1as en cultura del agua y la legalidad, salud p\u00fablica, servicios p\u00fablicos y uso responsable del sistema de alcantarillado.. Ambas iniciativas se articulan como una estrategia integral de educaci\u00f3n y acci\u00f3n, que siembra conciencia ambiental desde la ni\u00f1ez y promueve el liderazgo comunitario.<\/p>\n<p dir=\"ltr\">Con estas acciones, Aguas de Cartagena reafirma su compromiso con el desarrollo sostenible de la ciudad, el fortalecimiento del tejido social y la educaci\u00f3n ambiental como herramienta de transformaci\u00f3n territorial.<\/p>\n<p dir=\"ltr\">\u00a0\u00a0<img loading=\"lazy\" decoding=\"async\" class=\"alignnone size-medium wp-image-58610\" src=\"https:\/\/revistazetta.com\/wp-content\/uploads\/2025\/10\/WhatsApp-Image-2025-10-27-at-14.20.01-2-500x333.jpeg\" alt=\"\" width=\"500\" height=\"333\" srcset=\"https:\/\/revistazetta.com\/wp-content\/uploads\/2025\/10\/WhatsApp-Image-2025-10-27-at-14.20.01-2-500x333.jpeg 500w, https:\/\/revistazetta.com\/wp-content\/uploads\/2025\/10\/WhatsApp-Image-2025-10-27-at-14.20.01-2-1024x682.jpeg 1024w, https:\/\/revistazetta.com\/wp-content\/uploads\/2025\/10\/WhatsApp-Image-2025-10-27-at-14.20.01-2-243x162.jpeg 243w, https:\/\/revistazetta.com\/wp-content\/uploads\/2025\/10\/WhatsApp-Image-2025-10-27-at-14.20.01-2-1536x1023.jpeg 1536w, https:\/\/revistazetta.com\/wp-content\/uploads\/2025\/10\/WhatsApp-Image-2025-10-27-at-14.20.01-2.jpeg 1600w\" sizes=\"auto, (max-width: 500px) 100vw, 500px\" \/><\/p>\n","protected":false},"excerpt":{"rendered":"<p>Cartagena de Indias, 28 de octubre de 2025.- Como parte de su compromiso con la educaci\u00f3n ambiental y la participaci\u00f3n comunitaria, Aguas de Cartagena desarroll\u00f3 una jornada de recuperaci\u00f3n y embellecimiento en los alrededores de la Estaci\u00f3n de Bombeo de Aguas Residuales (EBAR) La Boquilla, en el marco de las acciones paralelas al programa Clubes Defensores del Agua. La actividad, liderada por la l\u00ednea de atenci\u00f3n comunitaria de las EBAR, cont\u00f3 con la participaci\u00f3n activa de ni\u00f1os y ni\u00f1as del corregimiento, quienes realizaron labores de siembra de \u00e1rboles nativos, pintura&#8230; <\/p>\n","protected":false},"author":3,"featured_media":58607,"comment_status":"closed","ping_status":"closed","sticky":false,"template":"","format":"standard","meta":{"footnotes":"","_links_to":"","_links_to_target":""},"categories":[3,50],"tags":[386,292,306],"class_list":["post-58606","post","type-post","status-publish","format-standard","has-post-thumbnail","hentry","category-ciudad","category-empresa","tag-aguas-de-cartagena","tag-ciudad","tag-empresa"],"_links":{"self":[{"href":"https:\/\/revistazetta.com\/index.php?rest_route=\/wp\/v2\/posts\/58606","targetHints":{"allow":["GET"]}}],"collection":[{"href":"https:\/\/revistazetta.com\/index.php?rest_route=\/wp\/v2\/posts"}],"about":[{"href":"https:\/\/revistazetta.com\/index.php?rest_route=\/wp\/v2\/types\/post"}],"author":[{"embeddable":true,"href":"https:\/\/revistazetta.com\/index.php?rest_route=\/wp\/v2\/users\/3"}],"replies":[{"embeddable":true,"href":"https:\/\/revistazetta.com\/index.php?rest_route=%2Fwp%2Fv2%2Fcomments&post=58606"}],"version-history":[{"count":0,"href":"https:\/\/revistazetta.com\/index.php?rest_route=\/wp\/v2\/posts\/58606\/revisions"}],"wp:featuredmedia":[{"embeddable":true,"href":"https:\/\/revistazetta.com\/index.php?rest_route=\/wp\/v2\/media\/58607"}],"wp:attachment":[{"href":"https:\/\/revistazetta.com\/index.php?rest_route=%2Fwp%2Fv2%2Fmedia&parent=58606"}],"wp:term":[{"taxonomy":"category","embeddable":true,"href":"https:\/\/revistazetta.com\/index.php?rest_route=%2Fwp%2Fv2%2Fcategories&post=58606"},{"taxonomy":"post_tag","embeddable":true,"href":"https:\/\/revistazetta.com\/index.php?rest_route=%2Fwp%2Fv2%2Ftags&post=58606"}],"curies":[{"name":"wp","href":"https:\/\/api.w.org\/{rel}","templated":true}]}}