{"id":58613,"date":"2025-10-29T18:07:28","date_gmt":"2025-10-29T23:07:28","guid":{"rendered":"https:\/\/revistazetta.com\/?p=58613"},"modified":"2025-10-29T18:07:28","modified_gmt":"2025-10-29T23:07:28","slug":"uninunez-celebro-40-anos-de-educacion-superior-de-calidad-para-el-desarrollo-del-caribe-colombiano","status":"publish","type":"post","link":"https:\/\/revistazetta.com\/?p=58613","title":{"rendered":"Unin\u00fa\u00f1ez celebr\u00f3 40 a\u00f1os de educaci\u00f3n superior de calidad para el desarrollo del Caribe colombiano"},"content":{"rendered":"<p><strong>Cartagena de Indias, 29 de octubre de 2025.-<\/strong> Con una emotiva ceremonia que reuni\u00f3 a aliados estrat\u00e9gicos, egresados, estudiantes, docentes y directivos, la Corporaci\u00f3n Universitaria Rafael N\u00fa\u00f1ez celebr\u00f3 sus 40 a\u00f1os de trayectoria institucional, reafirmando su compromiso con la educaci\u00f3n superior de calidad y el desarrollo del Caribe colombiano.<\/p>\n<p>El evento se llev\u00f3 a cabo en la emblem\u00e1tica sede de Ciencias de la Salud Miguel Henr\u00edquez Emiliani, una edificaci\u00f3n moderna dotada con los mejores equipos y espacios dise\u00f1ados para el aprendizaje y la formaci\u00f3n integral de la comunidad acad\u00e9mica y del p\u00fablico en general.<\/p>\n<p><img loading=\"lazy\" decoding=\"async\" class=\"alignnone size-medium wp-image-58624\" src=\"https:\/\/revistazetta.com\/wp-content\/uploads\/2025\/10\/SaveClip.App_572908411_18552019159054951_8448059427754508070_n-500x281.jpg\" alt=\"\" width=\"500\" height=\"281\" srcset=\"https:\/\/revistazetta.com\/wp-content\/uploads\/2025\/10\/SaveClip.App_572908411_18552019159054951_8448059427754508070_n-500x281.jpg 500w, https:\/\/revistazetta.com\/wp-content\/uploads\/2025\/10\/SaveClip.App_572908411_18552019159054951_8448059427754508070_n-1024x575.jpg 1024w, https:\/\/revistazetta.com\/wp-content\/uploads\/2025\/10\/SaveClip.App_572908411_18552019159054951_8448059427754508070_n-250x140.jpg 250w, https:\/\/revistazetta.com\/wp-content\/uploads\/2025\/10\/SaveClip.App_572908411_18552019159054951_8448059427754508070_n.jpg 1080w\" sizes=\"auto, (max-width: 500px) 100vw, 500px\" \/><\/p>\n<p>Durante la ceremonia, se entregaron condecoraciones a personas e instituciones que han marcado huella en el camino de Unin\u00fa\u00f1ez, entre ellas reconocimientos a la trayectoria acad\u00e9mica, a egresados y estudiantes destacados, y a empresas aliadas por su contribuci\u00f3n al crecimiento institucional.<\/p>\n<p>Se rindi\u00f3 adem\u00e1s un homenaje especial al fundador, el doctor Miguel Henr\u00edquez Emiliani, cuya visi\u00f3n y liderazgo hicieron posible la consolidaci\u00f3n de una instituci\u00f3n que hoy forma profesionales con profundo sentido humano y social.<\/p>\n<p><img loading=\"lazy\" decoding=\"async\" class=\"alignnone size-medium wp-image-58615\" src=\"https:\/\/revistazetta.com\/wp-content\/uploads\/2025\/10\/SaveClip.App_571115358_18552019135054951_4172891247092569556_n-500x333.jpg\" alt=\"\" width=\"500\" height=\"333\" srcset=\"https:\/\/revistazetta.com\/wp-content\/uploads\/2025\/10\/SaveClip.App_571115358_18552019135054951_4172891247092569556_n-500x333.jpg 500w, https:\/\/revistazetta.com\/wp-content\/uploads\/2025\/10\/SaveClip.App_571115358_18552019135054951_4172891247092569556_n-1024x682.jpg 1024w, https:\/\/revistazetta.com\/wp-content\/uploads\/2025\/10\/SaveClip.App_571115358_18552019135054951_4172891247092569556_n-243x162.jpg 243w, https:\/\/revistazetta.com\/wp-content\/uploads\/2025\/10\/SaveClip.App_571115358_18552019135054951_4172891247092569556_n.jpg 1066w\" sizes=\"auto, (max-width: 500px) 100vw, 500px\" \/><\/p>\n<p>Asimismo, se reconoci\u00f3 la labor de destacadas empresas aliadas, en las categor\u00edas:<\/p>\n<p>Empresa L\u00edder en Alianzas<\/p>\n<p>Empresa con Aportes a la Educaci\u00f3n Continua<\/p>\n<p>Empresa con Impacto en el Desarrollo Empresarial y Productivo<\/p>\n<p>Empresa de Excelencia en Responsabilidad Social Empresarial (RSE)<\/p>\n<p>En su intervenci\u00f3n, el rector Miguel \u00c1ngel Henr\u00edquez L\u00f3pez expres\u00f3 un profundo agradecimiento a toda la comunidad universitaria, resaltando que \u201cestos 40 a\u00f1os son fruto del compromiso de quienes creen en la educaci\u00f3n como motor de transformaci\u00f3n social. Hoy celebramos una historia viva que sigue creciendo con cada estudiante, docente y aliado que se une a nuestro prop\u00f3sito\u201d.<\/p>\n<p>Con esta conmemoraci\u00f3n, Unin\u00fa\u00f1ez reafirma su misi\u00f3n de continuar transformando vidas a trav\u00e9s de la educaci\u00f3n, guiada por los valores que la han distinguido como una instituci\u00f3n l\u00edder en el Caribe colombiano.<\/p>\n<p><img loading=\"lazy\" decoding=\"async\" class=\"alignnone size-medium wp-image-58616\" src=\"https:\/\/revistazetta.com\/wp-content\/uploads\/2025\/10\/SaveClip.App_571271106_18552019144054951_1465820191215032898_n-500x333.jpg\" alt=\"\" width=\"500\" height=\"333\" srcset=\"https:\/\/revistazetta.com\/wp-content\/uploads\/2025\/10\/SaveClip.App_571271106_18552019144054951_1465820191215032898_n-500x333.jpg 500w, https:\/\/revistazetta.com\/wp-content\/uploads\/2025\/10\/SaveClip.App_571271106_18552019144054951_1465820191215032898_n-1024x682.jpg 1024w, https:\/\/revistazetta.com\/wp-content\/uploads\/2025\/10\/SaveClip.App_571271106_18552019144054951_1465820191215032898_n-243x162.jpg 243w, https:\/\/revistazetta.com\/wp-content\/uploads\/2025\/10\/SaveClip.App_571271106_18552019144054951_1465820191215032898_n.jpg 1066w\" sizes=\"auto, (max-width: 500px) 100vw, 500px\" \/> <img loading=\"lazy\" decoding=\"async\" class=\"alignnone size-medium wp-image-58617\" src=\"https:\/\/revistazetta.com\/wp-content\/uploads\/2025\/10\/SaveClip.App_571796203_18552019255054951_6283852377226970086_n-500x281.jpg\" alt=\"\" width=\"500\" height=\"281\" srcset=\"https:\/\/revistazetta.com\/wp-content\/uploads\/2025\/10\/SaveClip.App_571796203_18552019255054951_6283852377226970086_n-500x281.jpg 500w, https:\/\/revistazetta.com\/wp-content\/uploads\/2025\/10\/SaveClip.App_571796203_18552019255054951_6283852377226970086_n-250x140.jpg 250w, https:\/\/revistazetta.com\/wp-content\/uploads\/2025\/10\/SaveClip.App_571796203_18552019255054951_6283852377226970086_n.jpg 898w\" sizes=\"auto, (max-width: 500px) 100vw, 500px\" \/> \u00a0\u00a0<img loading=\"lazy\" decoding=\"async\" class=\"alignnone size-medium wp-image-58620\" src=\"https:\/\/revistazetta.com\/wp-content\/uploads\/2025\/10\/SaveClip.App_572161107_18552019192054951_3849707065814207651_n-500x333.jpg\" alt=\"\" width=\"500\" height=\"333\" srcset=\"https:\/\/revistazetta.com\/wp-content\/uploads\/2025\/10\/SaveClip.App_572161107_18552019192054951_3849707065814207651_n-500x333.jpg 500w, https:\/\/revistazetta.com\/wp-content\/uploads\/2025\/10\/SaveClip.App_572161107_18552019192054951_3849707065814207651_n-1024x682.jpg 1024w, https:\/\/revistazetta.com\/wp-content\/uploads\/2025\/10\/SaveClip.App_572161107_18552019192054951_3849707065814207651_n-243x162.jpg 243w, https:\/\/revistazetta.com\/wp-content\/uploads\/2025\/10\/SaveClip.App_572161107_18552019192054951_3849707065814207651_n.jpg 1066w\" sizes=\"auto, (max-width: 500px) 100vw, 500px\" \/> <img loading=\"lazy\" decoding=\"async\" class=\"alignnone size-medium wp-image-58621\" src=\"https:\/\/revistazetta.com\/wp-content\/uploads\/2025\/10\/SaveClip.App_572381279_18552019183054951_4806387840764128727_n-500x333.jpg\" alt=\"\" width=\"500\" height=\"333\" srcset=\"https:\/\/revistazetta.com\/wp-content\/uploads\/2025\/10\/SaveClip.App_572381279_18552019183054951_4806387840764128727_n-500x333.jpg 500w, https:\/\/revistazetta.com\/wp-content\/uploads\/2025\/10\/SaveClip.App_572381279_18552019183054951_4806387840764128727_n-1024x682.jpg 1024w, https:\/\/revistazetta.com\/wp-content\/uploads\/2025\/10\/SaveClip.App_572381279_18552019183054951_4806387840764128727_n-243x162.jpg 243w, https:\/\/revistazetta.com\/wp-content\/uploads\/2025\/10\/SaveClip.App_572381279_18552019183054951_4806387840764128727_n.jpg 1066w\" sizes=\"auto, (max-width: 500px) 100vw, 500px\" \/> <img loading=\"lazy\" decoding=\"async\" class=\"alignnone size-medium wp-image-58622\" src=\"https:\/\/revistazetta.com\/wp-content\/uploads\/2025\/10\/SaveClip.App_572383820_18552019171054951_8899725316111700768_n-250x333.jpg\" alt=\"\" width=\"250\" height=\"333\" srcset=\"https:\/\/revistazetta.com\/wp-content\/uploads\/2025\/10\/SaveClip.App_572383820_18552019171054951_8899725316111700768_n-250x333.jpg 250w, https:\/\/revistazetta.com\/wp-content\/uploads\/2025\/10\/SaveClip.App_572383820_18552019171054951_8899725316111700768_n-768x1024.jpg 768w, https:\/\/revistazetta.com\/wp-content\/uploads\/2025\/10\/SaveClip.App_572383820_18552019171054951_8899725316111700768_n-122x162.jpg 122w, https:\/\/revistazetta.com\/wp-content\/uploads\/2025\/10\/SaveClip.App_572383820_18552019171054951_8899725316111700768_n.jpg 1066w\" sizes=\"auto, (max-width: 250px) 100vw, 250px\" \/> <img loading=\"lazy\" decoding=\"async\" class=\"alignnone size-medium wp-image-58623\" src=\"https:\/\/revistazetta.com\/wp-content\/uploads\/2025\/10\/SaveClip.App_572664376_18552019210054951_4127384862508980929_n-500x333.jpg\" alt=\"\" width=\"500\" height=\"333\" srcset=\"https:\/\/revistazetta.com\/wp-content\/uploads\/2025\/10\/SaveClip.App_572664376_18552019210054951_4127384862508980929_n-500x333.jpg 500w, https:\/\/revistazetta.com\/wp-content\/uploads\/2025\/10\/SaveClip.App_572664376_18552019210054951_4127384862508980929_n-1024x682.jpg 1024w, https:\/\/revistazetta.com\/wp-content\/uploads\/2025\/10\/SaveClip.App_572664376_18552019210054951_4127384862508980929_n-243x162.jpg 243w, https:\/\/revistazetta.com\/wp-content\/uploads\/2025\/10\/SaveClip.App_572664376_18552019210054951_4127384862508980929_n.jpg 1066w\" sizes=\"auto, (max-width: 500px) 100vw, 500px\" \/> \u00a0<img loading=\"lazy\" decoding=\"async\" class=\"alignnone size-medium wp-image-58625\" src=\"https:\/\/revistazetta.com\/wp-content\/uploads\/2025\/10\/SaveClip.App_573190713_18552019162054951_5694857178741324722_n-500x333.jpg\" alt=\"\" width=\"500\" height=\"333\" srcset=\"https:\/\/revistazetta.com\/wp-content\/uploads\/2025\/10\/SaveClip.App_573190713_18552019162054951_5694857178741324722_n-500x333.jpg 500w, https:\/\/revistazetta.com\/wp-content\/uploads\/2025\/10\/SaveClip.App_573190713_18552019162054951_5694857178741324722_n-1024x682.jpg 1024w, https:\/\/revistazetta.com\/wp-content\/uploads\/2025\/10\/SaveClip.App_573190713_18552019162054951_5694857178741324722_n-243x162.jpg 243w, https:\/\/revistazetta.com\/wp-content\/uploads\/2025\/10\/SaveClip.App_573190713_18552019162054951_5694857178741324722_n.jpg 1066w\" sizes=\"auto, (max-width: 500px) 100vw, 500px\" \/> <img loading=\"lazy\" decoding=\"async\" class=\"alignnone size-medium wp-image-58626\" src=\"https:\/\/revistazetta.com\/wp-content\/uploads\/2025\/10\/SaveClip.App_573245607_18552019300054951_291382854432208508_n-500x333.jpg\" alt=\"\" width=\"500\" height=\"333\" srcset=\"https:\/\/revistazetta.com\/wp-content\/uploads\/2025\/10\/SaveClip.App_573245607_18552019300054951_291382854432208508_n-500x333.jpg 500w, https:\/\/revistazetta.com\/wp-content\/uploads\/2025\/10\/SaveClip.App_573245607_18552019300054951_291382854432208508_n-1024x682.jpg 1024w, https:\/\/revistazetta.com\/wp-content\/uploads\/2025\/10\/SaveClip.App_573245607_18552019300054951_291382854432208508_n-243x162.jpg 243w, https:\/\/revistazetta.com\/wp-content\/uploads\/2025\/10\/SaveClip.App_573245607_18552019300054951_291382854432208508_n.jpg 1066w\" sizes=\"auto, (max-width: 500px) 100vw, 500px\" \/><\/p>\n","protected":false},"excerpt":{"rendered":"<p>Cartagena de Indias, 29 de octubre de 2025.- Con una emotiva ceremonia que reuni\u00f3 a aliados estrat\u00e9gicos, egresados, estudiantes, docentes y directivos, la Corporaci\u00f3n Universitaria Rafael N\u00fa\u00f1ez celebr\u00f3 sus 40 a\u00f1os de trayectoria institucional, reafirmando su compromiso con la educaci\u00f3n superior de calidad y el desarrollo del Caribe colombiano. El evento se llev\u00f3 a cabo en la emblem\u00e1tica sede de Ciencias de la Salud Miguel Henr\u00edquez Emiliani, una edificaci\u00f3n moderna dotada con los mejores equipos y espacios dise\u00f1ados para el aprendizaje y la formaci\u00f3n integral de la comunidad acad\u00e9mica y&#8230; <\/p>\n","protected":false},"author":3,"featured_media":58614,"comment_status":"closed","ping_status":"closed","sticky":false,"template":"","format":"standard","meta":{"footnotes":"","_links_to":"","_links_to_target":""},"categories":[3,1450,51],"tags":[292,285,1907,293],"class_list":["post-58613","post","type-post","status-publish","format-standard","has-post-thumbnail","hentry","category-ciudad","category-parasladers","category-universidad","tag-ciudad","tag-destacada","tag-uninunez","tag-universidad"],"_links":{"self":[{"href":"https:\/\/revistazetta.com\/index.php?rest_route=\/wp\/v2\/posts\/58613","targetHints":{"allow":["GET"]}}],"collection":[{"href":"https:\/\/revistazetta.com\/index.php?rest_route=\/wp\/v2\/posts"}],"about":[{"href":"https:\/\/revistazetta.com\/index.php?rest_route=\/wp\/v2\/types\/post"}],"author":[{"embeddable":true,"href":"https:\/\/revistazetta.com\/index.php?rest_route=\/wp\/v2\/users\/3"}],"replies":[{"embeddable":true,"href":"https:\/\/revistazetta.com\/index.php?rest_route=%2Fwp%2Fv2%2Fcomments&post=58613"}],"version-history":[{"count":0,"href":"https:\/\/revistazetta.com\/index.php?rest_route=\/wp\/v2\/posts\/58613\/revisions"}],"wp:featuredmedia":[{"embeddable":true,"href":"https:\/\/revistazetta.com\/index.php?rest_route=\/wp\/v2\/media\/58614"}],"wp:attachment":[{"href":"https:\/\/revistazetta.com\/index.php?rest_route=%2Fwp%2Fv2%2Fmedia&parent=58613"}],"wp:term":[{"taxonomy":"category","embeddable":true,"href":"https:\/\/revistazetta.com\/index.php?rest_route=%2Fwp%2Fv2%2Fcategories&post=58613"},{"taxonomy":"post_tag","embeddable":true,"href":"https:\/\/revistazetta.com\/index.php?rest_route=%2Fwp%2Fv2%2Ftags&post=58613"}],"curies":[{"name":"wp","href":"https:\/\/api.w.org\/{rel}","templated":true}]}}