{"id":58686,"date":"2025-10-30T17:12:31","date_gmt":"2025-10-30T22:12:31","guid":{"rendered":"https:\/\/revistazetta.com\/?p=58686"},"modified":"2025-10-30T17:12:31","modified_gmt":"2025-10-30T22:12:31","slug":"caicedo-pone-en-ruta-su-aspiracion-presidencial","status":"publish","type":"post","link":"https:\/\/revistazetta.com\/?p=58686","title":{"rendered":"Caicedo pone en ruta su aspiraci\u00f3n presidencial"},"content":{"rendered":"<p><img loading=\"lazy\" decoding=\"async\" class=\"alignnone size-medium wp-image-58692\" src=\"https:\/\/revistazetta.com\/wp-content\/uploads\/2025\/10\/WhatsApp-Image-2025-10-30-at-14.26.39-500x333.jpeg\" alt=\"\" width=\"500\" height=\"333\" srcset=\"https:\/\/revistazetta.com\/wp-content\/uploads\/2025\/10\/WhatsApp-Image-2025-10-30-at-14.26.39-500x333.jpeg 500w, https:\/\/revistazetta.com\/wp-content\/uploads\/2025\/10\/WhatsApp-Image-2025-10-30-at-14.26.39-1024x683.jpeg 1024w, https:\/\/revistazetta.com\/wp-content\/uploads\/2025\/10\/WhatsApp-Image-2025-10-30-at-14.26.39-243x162.jpeg 243w, https:\/\/revistazetta.com\/wp-content\/uploads\/2025\/10\/WhatsApp-Image-2025-10-30-at-14.26.39.jpeg 1280w\" sizes=\"auto, (max-width: 500px) 100vw, 500px\" \/><\/p>\n<p><strong>Bogot\u00e1, 30 de octubre de 2025.- <\/strong>El l\u00edder progresista Carlos Caicedo formaliz\u00f3 hoy ante la Registradur\u00eda Nacional del<br \/>\nEstado Civil el registro del Grupo Significativo de Ciudadanos \u201cCaicedo Presidente\u201d, con el que inicia la recolecci\u00f3n de m\u00e1s de tres millones de firmas que respaldar\u00e1n su aspiraci\u00f3n a la Presidencia de la Rep\u00fablica.<\/p>\n<p><img loading=\"lazy\" decoding=\"async\" class=\"alignnone size-medium wp-image-58691\" src=\"https:\/\/revistazetta.com\/wp-content\/uploads\/2025\/10\/WhatsApp-Image-2025-10-30-at-14.26.36-500x333.jpeg\" alt=\"\" width=\"500\" height=\"333\" srcset=\"https:\/\/revistazetta.com\/wp-content\/uploads\/2025\/10\/WhatsApp-Image-2025-10-30-at-14.26.36-500x333.jpeg 500w, https:\/\/revistazetta.com\/wp-content\/uploads\/2025\/10\/WhatsApp-Image-2025-10-30-at-14.26.36-1024x682.jpeg 1024w, https:\/\/revistazetta.com\/wp-content\/uploads\/2025\/10\/WhatsApp-Image-2025-10-30-at-14.26.36-243x162.jpeg 243w, https:\/\/revistazetta.com\/wp-content\/uploads\/2025\/10\/WhatsApp-Image-2025-10-30-at-14.26.36-1536x1023.jpeg 1536w, https:\/\/revistazetta.com\/wp-content\/uploads\/2025\/10\/WhatsApp-Image-2025-10-30-at-14.26.36.jpeg 1600w\" sizes=\"auto, (max-width: 500px) 100vw, 500px\" \/><\/p>\n<p>El acto marca el punto de partida de un proyecto nacional que busca consolidar una izquierda con resultados, nacida desde los territorios y respaldada por el pueblo organizado.<\/p>\n<p>Durante la inscripci\u00f3n, Caicedo comparti\u00f3 con medios y simpatizantes su visi\u00f3n de pa\u00eds, sustentada en m\u00e1s de dos d\u00e9cadas de servicio p\u00fablico. Su trayectoria como rector de la Universidad del Magdalena, alcalde de Santa Marta y gobernador del Magdalena lo proyecta como el primer dirigente del Caribe que convirti\u00f3 la gesti\u00f3n p\u00fablica en resultados palpables, demostrando que se puede gobernar con eficiencia, transparencia y rigor.<\/p>\n<p><img loading=\"lazy\" decoding=\"async\" class=\"alignnone size-medium wp-image-58689\" src=\"https:\/\/revistazetta.com\/wp-content\/uploads\/2025\/10\/WhatsApp-Image-2025-10-30-at-14.26.32-500x333.jpeg\" alt=\"\" width=\"500\" height=\"333\" srcset=\"https:\/\/revistazetta.com\/wp-content\/uploads\/2025\/10\/WhatsApp-Image-2025-10-30-at-14.26.32-500x333.jpeg 500w, https:\/\/revistazetta.com\/wp-content\/uploads\/2025\/10\/WhatsApp-Image-2025-10-30-at-14.26.32-1024x683.jpeg 1024w, https:\/\/revistazetta.com\/wp-content\/uploads\/2025\/10\/WhatsApp-Image-2025-10-30-at-14.26.32-243x162.jpeg 243w, https:\/\/revistazetta.com\/wp-content\/uploads\/2025\/10\/WhatsApp-Image-2025-10-30-at-14.26.32.jpeg 1280w\" sizes=\"auto, (max-width: 500px) 100vw, 500px\" \/><\/p>\n<p>El exgobernador explic\u00f3 que de esas luchas naci\u00f3 el Modelo Magdalena, primer gobierno de izquierda en el Caribe, \u201cun gobierno que obedece al pueblo, no a clanes o \u00e9lites; que se funda en el poder popular, planifica y ejecuta con resultados\u201d. Ese modelo, agreg\u00f3, quiere llevarse ahora a toda Colombia para profundizar el cambio iniciado por el primer gobierno progresista.<\/p>\n<p><img loading=\"lazy\" decoding=\"async\" class=\"alignnone size-medium wp-image-58693\" src=\"https:\/\/revistazetta.com\/wp-content\/uploads\/2025\/10\/WhatsApp-Image-2025-10-30-at-14.26.49-500x333.jpeg\" alt=\"\" width=\"500\" height=\"333\" srcset=\"https:\/\/revistazetta.com\/wp-content\/uploads\/2025\/10\/WhatsApp-Image-2025-10-30-at-14.26.49-500x333.jpeg 500w, https:\/\/revistazetta.com\/wp-content\/uploads\/2025\/10\/WhatsApp-Image-2025-10-30-at-14.26.49-1024x682.jpeg 1024w, https:\/\/revistazetta.com\/wp-content\/uploads\/2025\/10\/WhatsApp-Image-2025-10-30-at-14.26.49-243x162.jpeg 243w, https:\/\/revistazetta.com\/wp-content\/uploads\/2025\/10\/WhatsApp-Image-2025-10-30-at-14.26.49-1536x1023.jpeg 1536w, https:\/\/revistazetta.com\/wp-content\/uploads\/2025\/10\/WhatsApp-Image-2025-10-30-at-14.26.49.jpeg 1600w\" sizes=\"auto, (max-width: 500px) 100vw, 500px\" \/><\/p>\n<p>La recolecci\u00f3n de firmas se activar\u00e1 en todo el pa\u00eds con una movilizaci\u00f3n ciudadana que recorrer\u00e1 las regiones por tierra.<br \/>\nEn esta ruta, Caicedo dialogar\u00e1 con comunidades, organizaciones sociales, sindicatos, juventudes y liderazgos regionales para construir, de abajo hacia arriba, el programa de gobierno que extienda el Modelo Magdalena a escala nacional.<\/p>\n<p><img loading=\"lazy\" decoding=\"async\" class=\"alignnone size-medium wp-image-58688\" src=\"https:\/\/revistazetta.com\/wp-content\/uploads\/2025\/10\/WhatsApp-Image-2025-10-30-at-14.26.30-500x333.jpeg\" alt=\"\" width=\"500\" height=\"333\" srcset=\"https:\/\/revistazetta.com\/wp-content\/uploads\/2025\/10\/WhatsApp-Image-2025-10-30-at-14.26.30-500x333.jpeg 500w, https:\/\/revistazetta.com\/wp-content\/uploads\/2025\/10\/WhatsApp-Image-2025-10-30-at-14.26.30-1024x683.jpeg 1024w, https:\/\/revistazetta.com\/wp-content\/uploads\/2025\/10\/WhatsApp-Image-2025-10-30-at-14.26.30-243x162.jpeg 243w, https:\/\/revistazetta.com\/wp-content\/uploads\/2025\/10\/WhatsApp-Image-2025-10-30-at-14.26.30.jpeg 1280w\" sizes=\"auto, (max-width: 500px) 100vw, 500px\" \/><\/p>\n<p>El lanzamiento oficial ser\u00e1 este viernes 31 de octubre en El Banco, Magdalena, tierra de la cumbia y s\u00edmbolo de transformaci\u00f3n social. Desde all\u00ed iniciar\u00e1 una gira nacional que continuar\u00e1 el s\u00e1bado 1 de noviembre en Monter\u00eda, avanzar\u00e1 por el Caribe y el nororiente \u2014Bucaramanga, C\u00facuta\u2014 y llegar\u00e1 a Bogot\u00e1, impulsando la recolecci\u00f3n de firmas en cerca de 20 capitales, mientras se activan equipos en ciudades intermedias y municipios.<\/p>\n<p><img loading=\"lazy\" decoding=\"async\" class=\"alignnone size-medium wp-image-58690\" src=\"https:\/\/revistazetta.com\/wp-content\/uploads\/2025\/10\/WhatsApp-Image-2025-10-30-at-14.26.34-222x333.jpeg\" alt=\"\" width=\"222\" height=\"333\" srcset=\"https:\/\/revistazetta.com\/wp-content\/uploads\/2025\/10\/WhatsApp-Image-2025-10-30-at-14.26.34-222x333.jpeg 222w, https:\/\/revistazetta.com\/wp-content\/uploads\/2025\/10\/WhatsApp-Image-2025-10-30-at-14.26.34-683x1024.jpeg 683w, https:\/\/revistazetta.com\/wp-content\/uploads\/2025\/10\/WhatsApp-Image-2025-10-30-at-14.26.34-108x162.jpeg 108w, https:\/\/revistazetta.com\/wp-content\/uploads\/2025\/10\/WhatsApp-Image-2025-10-30-at-14.26.34.jpeg 854w\" sizes=\"auto, (max-width: 222px) 100vw, 222px\" \/><\/p>\n","protected":false},"excerpt":{"rendered":"<p>Bogot\u00e1, 30 de octubre de 2025.- El l\u00edder progresista Carlos Caicedo formaliz\u00f3 hoy ante la Registradur\u00eda Nacional del Estado Civil el registro del Grupo Significativo de Ciudadanos \u201cCaicedo Presidente\u201d, con el que inicia la recolecci\u00f3n de m\u00e1s de tres millones de firmas que respaldar\u00e1n su aspiraci\u00f3n a la Presidencia de la Rep\u00fablica. El acto marca el punto de partida de un proyecto nacional que busca consolidar una izquierda con resultados, nacida desde los territorios y respaldada por el pueblo organizado. Durante la inscripci\u00f3n, Caicedo comparti\u00f3 con medios y simpatizantes su&#8230; <\/p>\n","protected":false},"author":3,"featured_media":58687,"comment_status":"closed","ping_status":"closed","sticky":false,"template":"","format":"standard","meta":{"footnotes":"","_links_to":"","_links_to_target":""},"categories":[1450,2375,4],"tags":[285,2451,298],"class_list":["post-58686","post","type-post","status-publish","format-standard","has-post-thumbnail","hentry","category-parasladers","category-elecciones-2026","category-politica","tag-destacada","tag-elecciones-2026","tag-politica"],"_links":{"self":[{"href":"https:\/\/revistazetta.com\/index.php?rest_route=\/wp\/v2\/posts\/58686","targetHints":{"allow":["GET"]}}],"collection":[{"href":"https:\/\/revistazetta.com\/index.php?rest_route=\/wp\/v2\/posts"}],"about":[{"href":"https:\/\/revistazetta.com\/index.php?rest_route=\/wp\/v2\/types\/post"}],"author":[{"embeddable":true,"href":"https:\/\/revistazetta.com\/index.php?rest_route=\/wp\/v2\/users\/3"}],"replies":[{"embeddable":true,"href":"https:\/\/revistazetta.com\/index.php?rest_route=%2Fwp%2Fv2%2Fcomments&post=58686"}],"version-history":[{"count":0,"href":"https:\/\/revistazetta.com\/index.php?rest_route=\/wp\/v2\/posts\/58686\/revisions"}],"wp:featuredmedia":[{"embeddable":true,"href":"https:\/\/revistazetta.com\/index.php?rest_route=\/wp\/v2\/media\/58687"}],"wp:attachment":[{"href":"https:\/\/revistazetta.com\/index.php?rest_route=%2Fwp%2Fv2%2Fmedia&parent=58686"}],"wp:term":[{"taxonomy":"category","embeddable":true,"href":"https:\/\/revistazetta.com\/index.php?rest_route=%2Fwp%2Fv2%2Fcategories&post=58686"},{"taxonomy":"post_tag","embeddable":true,"href":"https:\/\/revistazetta.com\/index.php?rest_route=%2Fwp%2Fv2%2Ftags&post=58686"}],"curies":[{"name":"wp","href":"https:\/\/api.w.org\/{rel}","templated":true}]}}