{"id":58695,"date":"2025-11-01T08:02:50","date_gmt":"2025-11-01T13:02:50","guid":{"rendered":"https:\/\/revistazetta.com\/?p=58695"},"modified":"2025-11-01T08:02:50","modified_gmt":"2025-11-01T13:02:50","slug":"procuraduria-impone-sancion-de-destitucion-e-inhabilidad-de-12-anos-a-dau","status":"publish","type":"post","link":"https:\/\/revistazetta.com\/?p=58695","title":{"rendered":"Procuradur\u00eda impone sanci\u00f3n de destituci\u00f3n e inhabilidad de 12 a\u00f1os a Dau"},"content":{"rendered":"<p data-start=\"2624\" data-end=\"2948\"><strong>Bogot\u00e1, D.C., 1\u00a0de noviembre\u00a0de 2025 (@PGN_COL).\u00a0<\/strong>La Procuradur\u00eda General de la Naci\u00f3n sancion\u00f3 con destituci\u00f3n e inhabilidad general por el t\u00e9rmino de <strong data-start=\"2726\" data-end=\"2739\">doce a\u00f1os<\/strong> al exalcalde de Cartagena, <strong data-start=\"2767\" data-end=\"2802\">William Dau Chamatt (2020\u20132023)<\/strong>, por utilizar su cargo para participar en actividades partidistas e intervenir en controversias pol\u00edticas con fines electorales durante <strong data-start=\"2939\" data-end=\"2947\">2022<\/strong>.<\/p>\n<p data-start=\"2950\" data-end=\"3353\">En fallo de primera instancia, la <strong data-start=\"2984\" data-end=\"3027\">Delegada Disciplinaria de Juzgamiento 4<\/strong> se\u00f1al\u00f3 que el entonces alcalde intervino en controversias pol\u00edticas al manifestar su respaldo, en un audio difundido por la aplicaci\u00f3n <strong data-start=\"3163\" data-end=\"3175\">WhatsApp<\/strong>, en favor de dos candidatas que hac\u00edan campa\u00f1a para ocupar una curul en el Congreso de la Rep\u00fablica en el per\u00edodo <strong data-start=\"3290\" data-end=\"3303\">2022\u20132026<\/strong>, conducta prohibida para los servidores p\u00fablicos.<\/p>\n<p data-start=\"3355\" data-end=\"3715\">El \u00f3rgano de control indic\u00f3 que el contenido del audio, aunque correspond\u00eda a una conversaci\u00f3n aparentemente privada, <em>\u201cadquiere un car\u00e1cter pol\u00edtico claro, pues el entonces alcalde de Cartagena expres\u00f3 afinidad y respaldo<strong> hacia candidatas identificadas con una coalici\u00f3n espec\u00edfica, <\/strong>en un momento inmediatamente anterior a las elecciones legislativas de 2022\u201d.<\/em><\/p>\n<p data-start=\"3717\" data-end=\"4165\">Para la Procuradur\u00eda, la calidad del sujeto disciplinable y el contexto electoral en que se profirieron<strong> las expresiones transformaron el mensaje en un acto de significaci\u00f3n p\u00fablica, al proyectar ante la ciudadan\u00eda una posici\u00f3n pol\u00edtica institucionalmente relevante. <\/strong><em>\u201cNo se trata, por tanto, de una mera manifestaci\u00f3n de opini\u00f3n privada, sino de un acto comunicativo de autoridad con potencial de incidencia pol\u00edtica\u201d, <\/em>precis\u00f3 el Ministerio P\u00fablico.<\/p>\n<p data-start=\"4167\" data-end=\"4426\">Por esos hechos, la Procuradur\u00eda se\u00f1al\u00f3 que <strong>el entonces mandatario local vulner\u00f3 los principios de neutralidad, imparcialidad y moralidad administrativa, <\/strong>pilares de la funci\u00f3n p\u00fablica, y calific\u00f3 su conducta como una falta grav\u00edsima cometida a t\u00edtulo de dolo.<\/p>\n<p data-start=\"4428\" data-end=\"4610\">El fallo de primera instancia puede ser apelado por el ahora sancionado ante la <strong data-start=\"4508\" data-end=\"4588\">Sala Disciplinaria de Juzgamiento de Servidores P\u00fablicos de Elecci\u00f3n Popular<\/strong> de la Procuradur\u00eda.<\/p>\n<p data-start=\"4428\" data-end=\"4610\"><img loading=\"lazy\" decoding=\"async\" class=\"alignnone size-medium wp-image-58696\" src=\"https:\/\/revistazetta.com\/wp-content\/uploads\/2025\/11\/Captura-de-Pantalla-2022-01-30-a-las-9.02.04-a.-m.-1018x1024-1-331x333.png\" alt=\"\" width=\"331\" height=\"333\" srcset=\"https:\/\/revistazetta.com\/wp-content\/uploads\/2025\/11\/Captura-de-Pantalla-2022-01-30-a-las-9.02.04-a.-m.-1018x1024-1-331x333.png 331w, https:\/\/revistazetta.com\/wp-content\/uploads\/2025\/11\/Captura-de-Pantalla-2022-01-30-a-las-9.02.04-a.-m.-1018x1024-1-161x162.png 161w, https:\/\/revistazetta.com\/wp-content\/uploads\/2025\/11\/Captura-de-Pantalla-2022-01-30-a-las-9.02.04-a.-m.-1018x1024-1.png 1018w\" sizes=\"auto, (max-width: 331px) 100vw, 331px\" \/><\/p>\n<p data-start=\"4428\" data-end=\"4610\">En su momento, la Misi\u00f3n de Observaci\u00f3n Electoral en Cartagena llam\u00f3 la atenci\u00f3n sobre la participaci\u00f3n en pol\u00edtica:<\/p>\n<blockquote class=\"twitter-tweet\">\n<p dir=\"ltr\" lang=\"es\">MOE Cartagena recuerda que participaci\u00f3n indebida de servidores p\u00fablicos en pol\u00edtica es una contravenci\u00f3n a la Ley 996 de 2005.<\/p>\n<p>Desliza y ent\u00e9rate. <a href=\"https:\/\/t.co\/kvHru8FbH8\">pic.twitter.com\/kvHru8FbH8<\/a><\/p>\n<p>\u2014 MOE Cartagena (@MOE_Cartagena) <a href=\"https:\/\/twitter.com\/MOE_Cartagena\/status\/1629164255764250624?ref_src=twsrc%5Etfw\" target=\"_blank\" rel=\"noopener\">February 24, 2023<\/a><\/p><\/blockquote>\n<p><script async src=\"https:\/\/platform.twitter.com\/widgets.js\" charset=\"utf-8\"><\/script><\/p>\n<p>Revista Zetta public\u00f3 esto el 30 de enero de 2022:<\/p>\n<blockquote class=\"wp-embedded-content\" data-secret=\"WqyZDc5NZd\"><p><a href=\"https:\/\/revistazetta.com\/?p=44273\">Malandr\u00edn de malandrines: \u00abAnticorruptivo\u00bb esc\u00e1ndalo, Dau confiesa su politiquer\u00eda y admite que como Alcalde ten\u00eda candidatas a C\u00e1mara<\/a><\/p><\/blockquote>\n<p><iframe loading=\"lazy\" class=\"wp-embedded-content\" sandbox=\"allow-scripts\" security=\"restricted\" style=\"position: absolute; visibility: hidden;\" title=\"\u00abMalandr\u00edn de malandrines: \u00abAnticorruptivo\u00bb esc\u00e1ndalo, Dau confiesa su politiquer\u00eda y admite que como Alcalde ten\u00eda candidatas a C\u00e1mara\u00bb \u2014 RevistaZetta.com\" src=\"https:\/\/revistazetta.com\/?p=44273&#038;embed=true#?secret=Pl4Cbvi8jT#?secret=WqyZDc5NZd\" data-secret=\"WqyZDc5NZd\" width=\"500\" height=\"282\" frameborder=\"0\" marginwidth=\"0\" marginheight=\"0\" scrolling=\"no\"><\/iframe><\/p>\n","protected":false},"excerpt":{"rendered":"<p>Bogot\u00e1, D.C., 1\u00a0de noviembre\u00a0de 2025 (@PGN_COL).\u00a0La Procuradur\u00eda General de la Naci\u00f3n sancion\u00f3 con destituci\u00f3n e inhabilidad general por el t\u00e9rmino de doce a\u00f1os al exalcalde de Cartagena, William Dau Chamatt (2020\u20132023), por utilizar su cargo para participar en actividades partidistas e intervenir en controversias pol\u00edticas con fines electorales durante 2022. En fallo de primera instancia, la Delegada Disciplinaria de Juzgamiento 4 se\u00f1al\u00f3 que el entonces alcalde intervino en controversias pol\u00edticas al manifestar su respaldo, en un audio difundido por la aplicaci\u00f3n WhatsApp, en favor de dos candidatas que hac\u00edan campa\u00f1a&#8230; <\/p>\n","protected":false},"author":3,"featured_media":58698,"comment_status":"closed","ping_status":"closed","sticky":false,"template":"","format":"standard","meta":{"footnotes":"","_links_to":"","_links_to_target":""},"categories":[1450,26,4],"tags":[628,285,2561,350,298,431],"class_list":["post-58695","post","type-post","status-publish","format-standard","has-post-thumbnail","hentry","category-parasladers","category-politica-noticias","category-politica","tag-corrupcion","tag-destacada","tag-destitucion","tag-noticias","tag-politica","tag-william-dau"],"_links":{"self":[{"href":"https:\/\/revistazetta.com\/index.php?rest_route=\/wp\/v2\/posts\/58695","targetHints":{"allow":["GET"]}}],"collection":[{"href":"https:\/\/revistazetta.com\/index.php?rest_route=\/wp\/v2\/posts"}],"about":[{"href":"https:\/\/revistazetta.com\/index.php?rest_route=\/wp\/v2\/types\/post"}],"author":[{"embeddable":true,"href":"https:\/\/revistazetta.com\/index.php?rest_route=\/wp\/v2\/users\/3"}],"replies":[{"embeddable":true,"href":"https:\/\/revistazetta.com\/index.php?rest_route=%2Fwp%2Fv2%2Fcomments&post=58695"}],"version-history":[{"count":0,"href":"https:\/\/revistazetta.com\/index.php?rest_route=\/wp\/v2\/posts\/58695\/revisions"}],"wp:featuredmedia":[{"embeddable":true,"href":"https:\/\/revistazetta.com\/index.php?rest_route=\/wp\/v2\/media\/58698"}],"wp:attachment":[{"href":"https:\/\/revistazetta.com\/index.php?rest_route=%2Fwp%2Fv2%2Fmedia&parent=58695"}],"wp:term":[{"taxonomy":"category","embeddable":true,"href":"https:\/\/revistazetta.com\/index.php?rest_route=%2Fwp%2Fv2%2Fcategories&post=58695"},{"taxonomy":"post_tag","embeddable":true,"href":"https:\/\/revistazetta.com\/index.php?rest_route=%2Fwp%2Fv2%2Ftags&post=58695"}],"curies":[{"name":"wp","href":"https:\/\/api.w.org\/{rel}","templated":true}]}}