{"id":58717,"date":"2025-11-07T08:21:26","date_gmt":"2025-11-07T13:21:26","guid":{"rendered":"https:\/\/revistazetta.com\/?p=58717"},"modified":"2025-11-07T08:21:26","modified_gmt":"2025-11-07T13:21:26","slug":"11-de-noviembre-de-1815-la-batalla-del-cerro-de-la-popa-en-una-cartagena-sitiada-opinion-de-luis-eduardo-brochet","status":"publish","type":"post","link":"https:\/\/revistazetta.com\/?p=58717","title":{"rendered":"11 de noviembre de 1815: La batalla del cerro de la Popa en una Cartagena sitiada &#8211; Opini\u00f3n de Luis Eduardo Brochet"},"content":{"rendered":"<p><b>Por Luis Eduardo Brochet Pineda (Especial para Revista Zetta).- Cartagena de Indias, 7 de noviembre de 2025.- <\/b>El pr\u00f3ximo martes 11 de noviembre se cumplen 210 a\u00f1os de aquella gesta heroica de una ciudad sitiada por todos sus flancos, que resist\u00eda y se defend\u00eda sin tregua con dientes y u\u00f1as, a pesar de las precariedades vestidas de hambre, enfermedades, escasez, miedos, abandono y soledad.<\/p>\n<p>Hab\u00edan transcurrido 81 d\u00edas del cerco de Pablo Morillo por tierra y mar; ese d\u00eda ya estaban instalados los ca\u00f1ones de Francisco Tom\u00e1s Morales en Ca\u00f1o de Loro y preparaba su invasi\u00f3n a Tierrabomba. Sin embargo, desde tempranas horas de aquel s\u00e1bado 11 de noviembre de 1815, la Villa del Estado Soberano de Cartagena parec\u00eda renacer tras d\u00edas de intensas lluvias y tormentas el\u00e9ctricas, con el ta\u00f1er de las campanas del amanecer en las iglesias de Santo Domingo, Santo Toribio y la Catedral, acompa\u00f1adas de una salva de artiller\u00eda desde el Castillo de San Felipe de Barajas y desde la explanada del fuerte de San Sebasti\u00e1n del Pastelillo, d\u00f3nde opera hoy el Club de Pesca Marina, en conmemoraci\u00f3n y regocijo por el cuarto a\u00f1o de la independencia absoluta del Reino de Espa\u00f1a.<\/p>\n<p><b>Los abatidos habitantes y sobrevivientes del corralito de piedra se despertaron aquel d\u00eda con un h\u00e1lito de esperanzas, antes de reanudarse el bombardeo sobre la plaza, el cual ya era habitual a cualquier hora de la noche o del d\u00eda.<\/b><\/p>\n<p>Pero el Pacificador Morillo, visiblemente sorprendido por el \u00e1nimo de los cartageneros, ten\u00eda otros planes adicionales para ese d\u00eda: Mientras Francisco Tom\u00e1s Morales invad\u00eda Tierrabomba, las tropas de Cazadores al mando del capit\u00e1n Jos\u00e9 Maort\u00faa, con 300 hombres bien armados y ansiosos de entrar en acci\u00f3n, bajo las instrucciones precisas de Morillo de intentar por todos los flancos tomarse el cerro de La Popa, previendo que los sitiados defensores deb\u00edan estar distra\u00eddos con la juerga o muy debilitados en su salud, buscaban distraer las acciones invasivas de Morales y, de darse las circunstancias favorables, asaltar la fortaleza casi infranqueable de La Popa, para asestar dos golpes al tiempo, casi definitivos, para la resistencia de la plaza de Cartagena.<\/p>\n<p>El avance, aunque en principio favorable a Maort\u00faa que no encontr\u00f3 mucha resistencia, no impidi\u00f3 que se diera la alerta entre los defensores del cerro, que entraron en una feroz batalla cuerpo a cuerpo en las inmediaciones de los parapetos en la fortaleza de la cima de La Popa; combates que se sucedieron a lo largo de aquel d\u00eda.<\/p>\n<p><b>Luego de la avanzada final que no dur\u00f3 m\u00e1s de una hora, el contingente espa\u00f1ol emprendi\u00f3 fuga y retirada, resultando muerto el capit\u00e1n Jos\u00e9 Maort\u00faa, dos oficiales y treinta soldados de la columna de Cazadores de Pablo Morillo.<\/b><\/p>\n<p>Fue una victoria regocijante, reivindicadora, aunque ef\u00edmera y p\u00edrrica, debido a las constantes bajas y desaciertos tanto pol\u00edticos como militares y estrat\u00e9gicos, acaecidos durante el sitio que se consumar\u00eda veinticuatro d\u00edas despu\u00e9s, cuando el hambre y las enfermedades rendir\u00edan la resistencia de Cartagena, inmolando a la tercera parte de su poblaci\u00f3n, antes de la \u00e9poca del terror, la horca y los fusilamientos.<\/p>\n<p>Pero esa batalla de La Popa, aunque fuere una an\u00e9cdota legendaria, elev\u00f3 a la gloria de los h\u00e9roes de la Patria al capit\u00e1n venezolano <b>Francisco Pi\u00f1ango<\/b>, qui\u00e9n, al o\u00edr decir a uno de los asaltantes espa\u00f1oles <b>\u201cYa son nuestros\u201d<\/b>, respondi\u00f3: <b>\u201cNo estando Pi\u00f1ango vivo\u201d.<\/b> Seguidamente, con su sable, acometi\u00f3 a los asaltantes decapitando a dos de ellos.<span class=\"Apple-converted-space\">\u00a0<\/span><\/p>\n<p>En Cartagena, su memoria es recordada en una importante avenida del barrio Castillogrande que lleva su nombre y, entre algunos cartageneros de la generaci\u00f3n septuag\u00e9sima, la frase <b>\u201cNo estando Pi\u00f1ango vivo\u201d<\/b> traduce que nada est\u00e1 definitivamente perdido.<\/p>\n<p>Todas las guerras y batallas por la libertad de los pueblos americanos han sido, por igual, importantes y significativas, pero la resistencia de Cartagena de Indias al ej\u00e9rcito de la reconquista espa\u00f1ola y de tierra firme es, quiz\u00e1s, la gesta emancipadora m\u00e1s representativa de nuestros pueblos, en virtud de las miles de vidas ofrendadas, la convicci\u00f3n impert\u00e9rrita, el prop\u00f3sito superior por la libertad y la soberan\u00eda; la entrega y el sacrificio hasta el holocausto.<\/p>\n<p>Ello, debe llamar a un permanente estado de reflexi\u00f3n ciudadana, sobre cu\u00e1nto ha costado la construcci\u00f3n de una democracia y un estado de derecho en algo m\u00e1s de 200 a\u00f1os de vida republicana, y cu\u00e1n fr\u00e1gil puede ser conservarlos.<\/p>\n<p>Salve, Cartagena redentora, 210 a\u00f1os <b>CIUDAD HEROICA.<span class=\"Apple-converted-space\">\u00a0<\/span><\/b><\/p>\n<p><b>*Presidente de la FUNDACI\u00d3N SITIO DE CARTAGENA: los h\u00e9roes olvidados de 1815.<\/b><\/p>\n","protected":false},"excerpt":{"rendered":"<p>Por Luis Eduardo Brochet Pineda (Especial para Revista Zetta).- Cartagena de Indias, 7 de noviembre de 2025.- El pr\u00f3ximo martes 11 de noviembre se cumplen 210 a\u00f1os de aquella gesta heroica de una ciudad sitiada por todos sus flancos, que resist\u00eda y se defend\u00eda sin tregua con dientes y u\u00f1as, a pesar de las precariedades vestidas de hambre, enfermedades, escasez, miedos, abandono y soledad. Hab\u00edan transcurrido 81 d\u00edas del cerco de Pablo Morillo por tierra y mar; ese d\u00eda ya estaban instalados los ca\u00f1ones de Francisco Tom\u00e1s Morales en Ca\u00f1o&#8230; <\/p>\n","protected":false},"author":3,"featured_media":58718,"comment_status":"closed","ping_status":"closed","sticky":false,"template":"","format":"standard","meta":{"footnotes":"","_links_to":"","_links_to_target":""},"categories":[1450,44,65],"tags":[],"class_list":["post-58717","post","type-post","status-publish","format-standard","has-post-thumbnail","hentry","category-parasladers","category-materiagris","category-opinion"],"_links":{"self":[{"href":"https:\/\/revistazetta.com\/index.php?rest_route=\/wp\/v2\/posts\/58717","targetHints":{"allow":["GET"]}}],"collection":[{"href":"https:\/\/revistazetta.com\/index.php?rest_route=\/wp\/v2\/posts"}],"about":[{"href":"https:\/\/revistazetta.com\/index.php?rest_route=\/wp\/v2\/types\/post"}],"author":[{"embeddable":true,"href":"https:\/\/revistazetta.com\/index.php?rest_route=\/wp\/v2\/users\/3"}],"replies":[{"embeddable":true,"href":"https:\/\/revistazetta.com\/index.php?rest_route=%2Fwp%2Fv2%2Fcomments&post=58717"}],"version-history":[{"count":0,"href":"https:\/\/revistazetta.com\/index.php?rest_route=\/wp\/v2\/posts\/58717\/revisions"}],"wp:featuredmedia":[{"embeddable":true,"href":"https:\/\/revistazetta.com\/index.php?rest_route=\/wp\/v2\/media\/58718"}],"wp:attachment":[{"href":"https:\/\/revistazetta.com\/index.php?rest_route=%2Fwp%2Fv2%2Fmedia&parent=58717"}],"wp:term":[{"taxonomy":"category","embeddable":true,"href":"https:\/\/revistazetta.com\/index.php?rest_route=%2Fwp%2Fv2%2Fcategories&post=58717"},{"taxonomy":"post_tag","embeddable":true,"href":"https:\/\/revistazetta.com\/index.php?rest_route=%2Fwp%2Fv2%2Ftags&post=58717"}],"curies":[{"name":"wp","href":"https:\/\/api.w.org\/{rel}","templated":true}]}}