{"id":58719,"date":"2025-11-07T08:44:27","date_gmt":"2025-11-07T13:44:27","guid":{"rendered":"https:\/\/revistazetta.com\/?p=58719"},"modified":"2025-11-07T08:45:20","modified_gmt":"2025-11-07T13:45:20","slug":"nuestra-unica-esperanza-es-un-nuevo-gobierno-que-honre-nuestra-democracia-senadora-nadia-blel","status":"publish","type":"post","link":"https:\/\/revistazetta.com\/?p=58719","title":{"rendered":"\u201cConf\u00edo plenamente que cualquier arbitrariedad que tenga planeada, ser\u00e1 frenada por una rama judicial aut\u00f3noma e independiente\u201d : Senadora Nadia Blel"},"content":{"rendered":"<p><strong>Bogot\u00e1, 7 de noviembre de 2025.-<\/strong> La discusi\u00f3n de la reforma al sistema de salud, que nuevamente est\u00e1 para estudio en la Comisi\u00f3n S\u00e9ptima del Senado y donde ya naufrag\u00f3 estrepitosamente, ha tra\u00eddo esperados ataques del gobierno nacional.<\/p>\n<p>La presidenta de esa c\u00e9lula legislativa, y a la vez pres\u00eddela del Partido Conservador, senador Nadia Blel, sali\u00f3 al paso con una clara advertencia: conf\u00eda en que \u00abcualquier arbitrariedad sea frenada\u00bb.<\/p>\n<p>As\u00ed lo expres\u00f3 en este trino en su cuenta X:<\/p>\n<blockquote class=\"twitter-tweet\">\n<p dir=\"ltr\" lang=\"es\">Se acab\u00f3 este gobierno y el presidente <a href=\"https:\/\/twitter.com\/petrogustavo?ref_src=twsrc%5Etfw\" target=\"_blank\" rel=\"noopener\">@petrogustavo<\/a> nunca comprendi\u00f3 que el Congreso ejerce sus funciones con plena autonom\u00eda e independencia, sin subordinarse a los caprichos del Ejecutivo.<\/p>\n<p>Conf\u00edo plenamente que cualquier arbitrariedad que tenga planeada, ser\u00e1 frenada por una\u2026 <a href=\"https:\/\/t.co\/XrhZlJX9yR\">https:\/\/t.co\/XrhZlJX9yR<\/a><\/p>\n<p>\u2014 Nadia Blel Scaff (@nadiablel) <a href=\"https:\/\/twitter.com\/nadiablel\/status\/1986575639269277826?ref_src=twsrc%5Etfw\" target=\"_blank\" rel=\"noopener\">November 6, 2025<\/a><\/p><\/blockquote>\n<p><script async src=\"https:\/\/platform.twitter.com\/widgets.js\" charset=\"utf-8\"><\/script><\/p>\n","protected":false},"excerpt":{"rendered":"<p>Bogot\u00e1, 7 de noviembre de 2025.- La discusi\u00f3n de la reforma al sistema de salud, que nuevamente est\u00e1 para estudio en la Comisi\u00f3n S\u00e9ptima del Senado y donde ya naufrag\u00f3 estrepitosamente, ha tra\u00eddo esperados ataques del gobierno nacional. La presidenta de esa c\u00e9lula legislativa, y a la vez pres\u00eddela del Partido Conservador, senador Nadia Blel, sali\u00f3 al paso con una clara advertencia: conf\u00eda en que \u00abcualquier arbitrariedad sea frenada\u00bb. As\u00ed lo expres\u00f3 en este trino en su cuenta X: Se acab\u00f3 este gobierno y el presidente @petrogustavo nunca comprendi\u00f3 que&#8230; <\/p>\n","protected":false},"author":3,"featured_media":58721,"comment_status":"closed","ping_status":"closed","sticky":false,"template":"","format":"standard","meta":{"footnotes":"","_links_to":"","_links_to_target":""},"categories":[1450,82],"tags":[285,219,298,234],"class_list":["post-58719","post","type-post","status-publish","format-standard","has-post-thumbnail","hentry","category-parasladers","category-senado","tag-destacada","tag-nadia-blel","tag-politica","tag-senado"],"_links":{"self":[{"href":"https:\/\/revistazetta.com\/index.php?rest_route=\/wp\/v2\/posts\/58719","targetHints":{"allow":["GET"]}}],"collection":[{"href":"https:\/\/revistazetta.com\/index.php?rest_route=\/wp\/v2\/posts"}],"about":[{"href":"https:\/\/revistazetta.com\/index.php?rest_route=\/wp\/v2\/types\/post"}],"author":[{"embeddable":true,"href":"https:\/\/revistazetta.com\/index.php?rest_route=\/wp\/v2\/users\/3"}],"replies":[{"embeddable":true,"href":"https:\/\/revistazetta.com\/index.php?rest_route=%2Fwp%2Fv2%2Fcomments&post=58719"}],"version-history":[{"count":0,"href":"https:\/\/revistazetta.com\/index.php?rest_route=\/wp\/v2\/posts\/58719\/revisions"}],"wp:featuredmedia":[{"embeddable":true,"href":"https:\/\/revistazetta.com\/index.php?rest_route=\/wp\/v2\/media\/58721"}],"wp:attachment":[{"href":"https:\/\/revistazetta.com\/index.php?rest_route=%2Fwp%2Fv2%2Fmedia&parent=58719"}],"wp:term":[{"taxonomy":"category","embeddable":true,"href":"https:\/\/revistazetta.com\/index.php?rest_route=%2Fwp%2Fv2%2Fcategories&post=58719"},{"taxonomy":"post_tag","embeddable":true,"href":"https:\/\/revistazetta.com\/index.php?rest_route=%2Fwp%2Fv2%2Ftags&post=58719"}],"curies":[{"name":"wp","href":"https:\/\/api.w.org\/{rel}","templated":true}]}}