{"id":58728,"date":"2025-11-10T07:23:17","date_gmt":"2025-11-10T12:23:17","guid":{"rendered":"https:\/\/revistazetta.com\/?p=58728"},"modified":"2025-11-10T07:23:58","modified_gmt":"2025-11-10T12:23:58","slug":"58728","status":"publish","type":"post","link":"https:\/\/revistazetta.com\/?p=58728","title":{"rendered":"El 4 de diciembre es la entrega de los premios \u00abPersona del A\u00f1o\u00bb 2025 de Revista Zetta"},"content":{"rendered":"<p><strong>Cartagena de Indias, 10 de noviembre de 2025.-<\/strong> Revista Zetta defini\u00f3 la fecha del 4 de diciembre pr\u00f3ximo para la ceremonia de entrega de los premios \u00abPersona del A\u00f1o\u00bb, evento consolidado como el de m\u00e1s alto prestigio en el Caribe.<\/p>\n<p><b><i>\u00bfQui\u00e9nes se destacaron en 2025?<\/i><\/b><\/p>\n<p><b><i>\u00bfQu\u00e9 fue lo mejor de este a\u00f1o?<\/i><\/b><\/p>\n<p><b><i>El pr\u00f3ximo 4 de diciembre lo sabremos<\/i><\/b><\/p>\n<p><b><i>Transmisi\u00f3n por nuestros canales de YouTube y Facebook<\/i><\/b><\/p>\n<p><img loading=\"lazy\" decoding=\"async\" class=\"alignnone size-medium wp-image-58727\" src=\"https:\/\/revistazetta.com\/wp-content\/uploads\/2025\/11\/Revista-Zetta-Persona-2025-anuncio-2-500x281.jpg\" alt=\"\" width=\"500\" height=\"281\" srcset=\"https:\/\/revistazetta.com\/wp-content\/uploads\/2025\/11\/Revista-Zetta-Persona-2025-anuncio-2-500x281.jpg 500w, https:\/\/revistazetta.com\/wp-content\/uploads\/2025\/11\/Revista-Zetta-Persona-2025-anuncio-2-1024x576.jpg 1024w, https:\/\/revistazetta.com\/wp-content\/uploads\/2025\/11\/Revista-Zetta-Persona-2025-anuncio-2-250x141.jpg 250w, https:\/\/revistazetta.com\/wp-content\/uploads\/2025\/11\/Revista-Zetta-Persona-2025-anuncio-2-1536x864.jpg 1536w, https:\/\/revistazetta.com\/wp-content\/uploads\/2025\/11\/Revista-Zetta-Persona-2025-anuncio-2.jpg 1920w\" sizes=\"auto, (max-width: 500px) 100vw, 500px\" \/><\/p>\n<p><strong>Categor\u00edas<\/strong><\/p>\n<p style=\"padding-left: 40px;\"><span style=\"color: #800000;\"><b><i>Persona del A\u00f1o<\/i><\/b><\/span><\/p>\n<p style=\"padding-left: 40px;\"><span style=\"color: #800000;\"><b><i>Dirigente Pol\u00edtico del A\u00f1o<\/i><\/b><\/span><\/p>\n<p style=\"padding-left: 40px;\"><span style=\"color: #800000;\"><b><i>Empresario del A\u00f1o<\/i><\/b><\/span><\/p>\n<p style=\"padding-left: 40px;\"><span style=\"color: #800000;\"><b><i>Entidad del A\u00f1o<\/i><\/b><\/span><\/p>\n<p style=\"padding-left: 40px;\"><span style=\"color: #800000;\"><b><i>Mejor Entidad del Sector Salud<\/i><\/b><\/span><\/p>\n<p style=\"padding-left: 40px;\"><span style=\"color: #800000;\"><b><i>Profesional del A\u00f1o<\/i><\/b><\/span><\/p>\n<p style=\"padding-left: 40px;\"><span style=\"color: #800000;\"><b><i>Programa Social del A\u00f1o<\/i><\/b><\/span><\/p>\n<p style=\"padding-left: 40px;\"><span style=\"color: #800000;\"><b><i>Mejor Alcalde Municipal<\/i><\/b><\/span><\/p>\n<p style=\"padding-left: 40px;\"><span style=\"color: #800000;\"><b><i>Artista del A\u00f1o<\/i><\/b><\/span><\/p>\n<p style=\"padding-left: 40px;\"><span style=\"color: #800000;\"><b><i>Dirigente Gremial del A\u00f1o<\/i><\/b><\/span><\/p>\n<p style=\"padding-left: 40px;\"><span style=\"color: #800000;\"><b><i>Funcionario del A\u00f1o<\/i><\/b><\/span><\/p>\n<p style=\"padding-left: 40px;\"><span style=\"color: #800000;\"><b><i>Ejecutiva del A\u00f1o<\/i><\/b><\/span><\/p>\n","protected":false},"excerpt":{"rendered":"<p>Cartagena de Indias, 10 de noviembre de 2025.- Revista Zetta defini\u00f3 la fecha del 4 de diciembre pr\u00f3ximo para la ceremonia de entrega de los premios \u00abPersona del A\u00f1o\u00bb, evento consolidado como el de m\u00e1s alto prestigio en el Caribe. \u00bfQui\u00e9nes se destacaron en 2025? \u00bfQu\u00e9 fue lo mejor de este a\u00f1o? El pr\u00f3ximo 4 de diciembre lo sabremos Transmisi\u00f3n por nuestros canales de YouTube y Facebook Categor\u00edas Persona del A\u00f1o Dirigente Pol\u00edtico del A\u00f1o Empresario del A\u00f1o Entidad del A\u00f1o Mejor Entidad del Sector Salud Profesional del A\u00f1o Programa&#8230; <\/p>\n","protected":false},"author":3,"featured_media":58726,"comment_status":"closed","ping_status":"closed","sticky":false,"template":"","format":"standard","meta":{"footnotes":"","_links_to":"","_links_to_target":""},"categories":[1450,1356],"tags":[285,1357],"class_list":["post-58728","post","type-post","status-publish","format-standard","has-post-thumbnail","hentry","category-parasladers","category-persona-del-ano","tag-destacada","tag-persona-del-ano"],"_links":{"self":[{"href":"https:\/\/revistazetta.com\/index.php?rest_route=\/wp\/v2\/posts\/58728","targetHints":{"allow":["GET"]}}],"collection":[{"href":"https:\/\/revistazetta.com\/index.php?rest_route=\/wp\/v2\/posts"}],"about":[{"href":"https:\/\/revistazetta.com\/index.php?rest_route=\/wp\/v2\/types\/post"}],"author":[{"embeddable":true,"href":"https:\/\/revistazetta.com\/index.php?rest_route=\/wp\/v2\/users\/3"}],"replies":[{"embeddable":true,"href":"https:\/\/revistazetta.com\/index.php?rest_route=%2Fwp%2Fv2%2Fcomments&post=58728"}],"version-history":[{"count":0,"href":"https:\/\/revistazetta.com\/index.php?rest_route=\/wp\/v2\/posts\/58728\/revisions"}],"wp:featuredmedia":[{"embeddable":true,"href":"https:\/\/revistazetta.com\/index.php?rest_route=\/wp\/v2\/media\/58726"}],"wp:attachment":[{"href":"https:\/\/revistazetta.com\/index.php?rest_route=%2Fwp%2Fv2%2Fmedia&parent=58728"}],"wp:term":[{"taxonomy":"category","embeddable":true,"href":"https:\/\/revistazetta.com\/index.php?rest_route=%2Fwp%2Fv2%2Fcategories&post=58728"},{"taxonomy":"post_tag","embeddable":true,"href":"https:\/\/revistazetta.com\/index.php?rest_route=%2Fwp%2Fv2%2Ftags&post=58728"}],"curies":[{"name":"wp","href":"https:\/\/api.w.org\/{rel}","templated":true}]}}