{"id":58757,"date":"2025-11-14T09:13:25","date_gmt":"2025-11-14T14:13:25","guid":{"rendered":"https:\/\/revistazetta.com\/?p=58757"},"modified":"2025-11-14T09:13:25","modified_gmt":"2025-11-14T14:13:25","slug":"centro-democratico-desmonta-encuesta-para-definir-candidato-presidencial","status":"publish","type":"post","link":"https:\/\/revistazetta.com\/?p=58757","title":{"rendered":"Centro Democr\u00e1tico desmonta encuesta para definir candidato presidencial"},"content":{"rendered":"<p><strong>Bogot\u00e1, 14 de noviembre de 2025.-<\/strong> La tormenta pol\u00edtica interna del Centro Democr\u00e1tico dej\u00f3 damnificado el mecanismo de encuesta para definir candidatura presidencial, y todo apunta a una consulta interpartidista.<\/p>\n<p>Tras las refriegas internas entre aspirantes que precipitaron la negativa de una firma extranjera a realizar la controvertida encuesta, el partido emiti\u00f3 un comunicado oficial, publicado este jueves 13 de noviembre, informando que tomar\u00e1 la decisi\u00f3n \u201cdentro del periodo establecido por el calendario electoral<strong>,<\/strong> cuya fecha l\u00edmite de inscripci\u00f3n es el 6 de febrero de 2026\u201d.<\/p>\n<p>Seg\u00fan lo manifestado, la selecci\u00f3n podr\u00e1 hacerse a trav\u00e9s de cualquiera de los mecanismos previstos en los estatutos del partido, sin precisar a\u00fan si se tratar\u00e1 de una convenci\u00f3n, una designaci\u00f3n directa o alg\u00fan tipo de consulta interna no abierta al p\u00fablico.<\/p>\n<p>Esta decisi\u00f3n de no hacer encuesta interna abre un nuevo escenario pol\u00edtico dentro del Centro Democr\u00e1tico. En la pr\u00e1ctica, deja en manos del expresidente \u00c1lvaro Uribe V\u00e9lez, jefe natural del partido, un papel decisivo en la escogencia del candidato o candidatos que competir\u00e1n en la consulta de marzo.<\/p>\n<p>En la misiva se lee que el abanderado final del uribismo no necesariamente saldr\u00e1 de los precandidatos que hoy est\u00e1n en contienda: Miguel Uribe Londo\u00f1o, Paloma Valencia, Mar\u00eda Fernanda Cabal y Paola Holgu\u00edn. No se incluye al senador Andr\u00e9s Guerra, quien renunci\u00f3 a su aspiraci\u00f3n en las \u00faltimas horas.<\/p>\n<p>En su pronunciamiento, el Centro Democr\u00e1tico afirm\u00f3 que seguir\u00e1 concentrado en criticar lo que denomina el \u201cneocomunismo destructor\u201d y en presentar al pa\u00eds sus propuestas para lo que llaman una \u201creconstrucci\u00f3n\u201d de Colombia. El partido ha insistido en que su campa\u00f1a presidencial estar\u00e1 enfocada en seguridad, econom\u00eda, institucionalidad y defensa de la empresa privada.<\/p>\n<p>El art\u00edculo 24 de los estatutos del Centro Democr\u00e1tico es el que habla de los mecanismos de elecci\u00f3n y definen los siguientes; \u201cencuestas, consensos, consultas internas o populares, convenciones, consultando criterios de descentralizaci\u00f3n y autonom\u00eda de las regiones\u201d. Finalmente, el partido se\u00f1al\u00f3 que continuar\u00e1 buscando la unidad para derrotar en el 2026 \u201cla inconveniencia del neocomunismo destructor\u201d. Esta decisi\u00f3n se da luego de que el viernes pasado la encuestadora AtlasIntel renunciara a participar en el proceso de elecci\u00f3n.<\/p>\n","protected":false},"excerpt":{"rendered":"<p>Bogot\u00e1, 14 de noviembre de 2025.- La tormenta pol\u00edtica interna del Centro Democr\u00e1tico dej\u00f3 damnificado el mecanismo de encuesta para definir candidatura presidencial, y todo apunta a una consulta interpartidista. Tras las refriegas internas entre aspirantes que precipitaron la negativa de una firma extranjera a realizar la controvertida encuesta, el partido emiti\u00f3 un comunicado oficial, publicado este jueves 13 de noviembre, informando que tomar\u00e1 la decisi\u00f3n \u201cdentro del periodo establecido por el calendario electoral, cuya fecha l\u00edmite de inscripci\u00f3n es el 6 de febrero de 2026\u201d. Seg\u00fan lo manifestado, la&#8230; <\/p>\n","protected":false},"author":3,"featured_media":58758,"comment_status":"closed","ping_status":"closed","sticky":false,"template":"","format":"standard","meta":{"footnotes":"","_links_to":"","_links_to_target":""},"categories":[1450,2375,4],"tags":[2580,263,285,2451,1777,2581,2460,2582,298],"class_list":["post-58757","post","type-post","status-publish","format-standard","has-post-thumbnail","hentry","category-parasladers","category-elecciones-2026","category-politica","tag-alvaro-uribe-velez","tag-centro-democratico","tag-destacada","tag-elecciones-2026","tag-maria-fernanda-cabal","tag-miguel-uribe-londono","tag-paloma-valencia","tag-paola-holguin","tag-politica"],"_links":{"self":[{"href":"https:\/\/revistazetta.com\/index.php?rest_route=\/wp\/v2\/posts\/58757","targetHints":{"allow":["GET"]}}],"collection":[{"href":"https:\/\/revistazetta.com\/index.php?rest_route=\/wp\/v2\/posts"}],"about":[{"href":"https:\/\/revistazetta.com\/index.php?rest_route=\/wp\/v2\/types\/post"}],"author":[{"embeddable":true,"href":"https:\/\/revistazetta.com\/index.php?rest_route=\/wp\/v2\/users\/3"}],"replies":[{"embeddable":true,"href":"https:\/\/revistazetta.com\/index.php?rest_route=%2Fwp%2Fv2%2Fcomments&post=58757"}],"version-history":[{"count":0,"href":"https:\/\/revistazetta.com\/index.php?rest_route=\/wp\/v2\/posts\/58757\/revisions"}],"wp:featuredmedia":[{"embeddable":true,"href":"https:\/\/revistazetta.com\/index.php?rest_route=\/wp\/v2\/media\/58758"}],"wp:attachment":[{"href":"https:\/\/revistazetta.com\/index.php?rest_route=%2Fwp%2Fv2%2Fmedia&parent=58757"}],"wp:term":[{"taxonomy":"category","embeddable":true,"href":"https:\/\/revistazetta.com\/index.php?rest_route=%2Fwp%2Fv2%2Fcategories&post=58757"},{"taxonomy":"post_tag","embeddable":true,"href":"https:\/\/revistazetta.com\/index.php?rest_route=%2Fwp%2Fv2%2Ftags&post=58757"}],"curies":[{"name":"wp","href":"https:\/\/api.w.org\/{rel}","templated":true}]}}