{"id":58772,"date":"2025-11-18T18:19:01","date_gmt":"2025-11-18T23:19:01","guid":{"rendered":"https:\/\/revistazetta.com\/?p=58772"},"modified":"2025-11-18T18:20:05","modified_gmt":"2025-11-18T23:20:05","slug":"presupuesto-de-bolivar-para-2026-es-de-4-17-billones","status":"publish","type":"post","link":"https:\/\/revistazetta.com\/?p=58772","title":{"rendered":"Presupuesto de Bol\u00edvar para 2026 es de $4.17 billones"},"content":{"rendered":"<p><strong>Cartagena de Indias, 18 de noviembre de 2025.-<\/strong> El gobernador de Bol\u00edvar, Yamil Arana, tendr\u00e1 un robusto presupuesto para 2026, pues la Asamblea Departamental aprob\u00f3 hoy un monto de $4.17 billones.<\/p>\n<p>La Duma realiz\u00f3 el segundo debate del proyecto de ordenanza <strong>\u201cPor medio de la cual se fija el presupuesto de rentas, recursos de capital y recursos de fondos especiales; apropiaciones de funcionamiento y servicio de la deuda, as\u00ed como el plan de inversiones y las disposiciones generales para la vigencia fiscal 2026 del departamento de Bol\u00edvar\u201d<\/strong>.<\/p>\n<p>El articulado fue aprobado con 14 votos a favor, es decir, por unanimidad. El documento ser\u00e1 enviado al Despacho del Gobernador para que sancione la ordenanza.<\/p>\n<p>El presupuesto general de rentas e ingresos del departamento de Bol\u00edvar para la vigencia fiscal 2026 es de $4.169.403.113.366. El proyecto fija el presupuesto de rentas e ingresos correspondiente a gastos de la Gobernaci\u00f3n del departamento de Bol\u00edvar para la vigencia 2026 en $ 2.873.129.181.549.<\/p>\n<p><strong>Presupuesto consolidado para la vigencia fiscal 2026<\/strong><\/p>\n<div class=\"wp-block-image\">\n<figure class=\"aligncenter size-full\"><img loading=\"lazy\" decoding=\"async\" class=\"wp-image-34779\" src=\"https:\/\/funcicar.org\/wp-content\/uploads\/2025\/11\/image-1.png\" sizes=\"auto, (max-width: 604px) 100vw, 604px\" srcset=\"https:\/\/funcicar.org\/wp-content\/uploads\/2025\/11\/image-1.png 604w, https:\/\/funcicar.org\/wp-content\/uploads\/2025\/11\/image-1-300x50.png 300w, https:\/\/funcicar.org\/wp-content\/uploads\/2025\/11\/image-1-205x34.png 205w, https:\/\/funcicar.org\/wp-content\/uploads\/2025\/11\/image-1-480x80.png 480w\" alt=\"\" width=\"604\" height=\"101\" \/><\/figure>\n<\/div>\n<p><strong>Nota:<\/strong> Elaboraci\u00f3n Funcicar &#8211; Observatorio a la Asamblea Departamental<\/p>\n<p><strong>Desglose del presupuesto de gastos de la Gobernaci\u00f3n para la Vigencia 2026 por sectores<\/strong><\/p>\n<div class=\"wp-block-image\">\n<figure class=\"aligncenter size-full\"><img loading=\"lazy\" decoding=\"async\" class=\"wp-image-34780\" src=\"https:\/\/funcicar.org\/wp-content\/uploads\/2025\/11\/image.jpeg\" sizes=\"auto, (max-width: 508px) 100vw, 508px\" srcset=\"https:\/\/funcicar.org\/wp-content\/uploads\/2025\/11\/image.jpeg 508w, https:\/\/funcicar.org\/wp-content\/uploads\/2025\/11\/image-300x123.jpeg 300w, https:\/\/funcicar.org\/wp-content\/uploads\/2025\/11\/image-205x84.jpeg 205w, https:\/\/funcicar.org\/wp-content\/uploads\/2025\/11\/image-480x197.jpeg 480w\" alt=\"\" width=\"508\" height=\"209\" \/><\/figure>\n<p><strong>Nota:<\/strong> Elaboraci\u00f3n Funcicar &#8211; Observatorio a la Asamblea Departamental<\/p>\n<\/div>\n","protected":false},"excerpt":{"rendered":"<p>Cartagena de Indias, 18 de noviembre de 2025.- El gobernador de Bol\u00edvar, Yamil Arana, tendr\u00e1 un robusto presupuesto para 2026, pues la Asamblea Departamental aprob\u00f3 hoy un monto de $4.17 billones. La Duma realiz\u00f3 el segundo debate del proyecto de ordenanza \u201cPor medio de la cual se fija el presupuesto de rentas, recursos de capital y recursos de fondos especiales; apropiaciones de funcionamiento y servicio de la deuda, as\u00ed como el plan de inversiones y las disposiciones generales para la vigencia fiscal 2026 del departamento de Bol\u00edvar\u201d. El articulado fue&#8230; <\/p>\n","protected":false},"author":3,"featured_media":58773,"comment_status":"closed","ping_status":"closed","sticky":false,"template":"","format":"standard","meta":{"footnotes":"","_links_to":"","_links_to_target":""},"categories":[33,1450,80],"tags":[],"class_list":["post-58772","post","type-post","status-publish","format-standard","has-post-thumbnail","hentry","category-actualidad-bolivar","category-parasladers","category-region"],"_links":{"self":[{"href":"https:\/\/revistazetta.com\/index.php?rest_route=\/wp\/v2\/posts\/58772","targetHints":{"allow":["GET"]}}],"collection":[{"href":"https:\/\/revistazetta.com\/index.php?rest_route=\/wp\/v2\/posts"}],"about":[{"href":"https:\/\/revistazetta.com\/index.php?rest_route=\/wp\/v2\/types\/post"}],"author":[{"embeddable":true,"href":"https:\/\/revistazetta.com\/index.php?rest_route=\/wp\/v2\/users\/3"}],"replies":[{"embeddable":true,"href":"https:\/\/revistazetta.com\/index.php?rest_route=%2Fwp%2Fv2%2Fcomments&post=58772"}],"version-history":[{"count":0,"href":"https:\/\/revistazetta.com\/index.php?rest_route=\/wp\/v2\/posts\/58772\/revisions"}],"wp:featuredmedia":[{"embeddable":true,"href":"https:\/\/revistazetta.com\/index.php?rest_route=\/wp\/v2\/media\/58773"}],"wp:attachment":[{"href":"https:\/\/revistazetta.com\/index.php?rest_route=%2Fwp%2Fv2%2Fmedia&parent=58772"}],"wp:term":[{"taxonomy":"category","embeddable":true,"href":"https:\/\/revistazetta.com\/index.php?rest_route=%2Fwp%2Fv2%2Fcategories&post=58772"},{"taxonomy":"post_tag","embeddable":true,"href":"https:\/\/revistazetta.com\/index.php?rest_route=%2Fwp%2Fv2%2Ftags&post=58772"}],"curies":[{"name":"wp","href":"https:\/\/api.w.org\/{rel}","templated":true}]}}