{"id":58777,"date":"2025-11-19T10:46:47","date_gmt":"2025-11-19T15:46:47","guid":{"rendered":"https:\/\/revistazetta.com\/?p=58777"},"modified":"2025-11-19T10:46:47","modified_gmt":"2025-11-19T15:46:47","slug":"la-formacion-y-el-trabajo-conjunto-fortalecen-nuestra-ciudad-aguas-de-cartagena-en-clausura-de-primer-diplomado-del-programa-civis-lab-lideres-del-cambio","status":"publish","type":"post","link":"https:\/\/revistazetta.com\/?p=58777","title":{"rendered":"\u00abLa formaci\u00f3n y el trabajo conjunto fortalecen nuestra ciudad\u00bb: Aguas de Cartagena en clausura de primer diplomado del programa Civis Lab \u00abL\u00edderes del Cambio\u00bb"},"content":{"rendered":"<p><strong>Cartagena de Indias, 19 de noviembre de 2025.-<\/strong>\u00a0Con enormes satisfacciones colectivas concluy\u00f3 el primer diplomado del programa Civis Lab: L\u00edderes del Cambio, \u201cParticipaci\u00f3n Ciudadana, Servicios P\u00fablicos y Gesti\u00f3n para el Desarrollo Local\u201d, dirigido a 32 gestores comunitarios de la ciudad, el cual se desarroll\u00f3 bajo la coordinaci\u00f3n de Aguas de Cartagena, en alianza con la Universidad del Sin\u00fa y la Alcald\u00eda de la Localidad Industrial y de la Bah\u00eda.<\/p>\n<p><img loading=\"lazy\" decoding=\"async\" class=\"alignnone size-medium wp-image-58779\" src=\"https:\/\/revistazetta.com\/wp-content\/uploads\/2025\/11\/WhatsApp-Image-2025-11-18-at-16.51.26-500x315.jpeg\" alt=\"\" width=\"500\" height=\"315\" srcset=\"https:\/\/revistazetta.com\/wp-content\/uploads\/2025\/11\/WhatsApp-Image-2025-11-18-at-16.51.26-500x315.jpeg 500w, https:\/\/revistazetta.com\/wp-content\/uploads\/2025\/11\/WhatsApp-Image-2025-11-18-at-16.51.26-1024x646.jpeg 1024w, https:\/\/revistazetta.com\/wp-content\/uploads\/2025\/11\/WhatsApp-Image-2025-11-18-at-16.51.26-250x158.jpeg 250w, https:\/\/revistazetta.com\/wp-content\/uploads\/2025\/11\/WhatsApp-Image-2025-11-18-at-16.51.26.jpeg 1280w\" sizes=\"auto, (max-width: 500px) 100vw, 500px\" \/><\/p>\n<p>Este diplomado tuvo como objetivo fortalecer las competencias de los participantes en la gesti\u00f3n eficiente de los servicios p\u00fablicos, brind\u00e1ndoles formaci\u00f3n integral en liderazgo, \u00e9tica p\u00fablica, acceso legal a los servicios, derechos fundamentales, veedur\u00eda ciudadana y gesti\u00f3n de proyectos sociales.<\/p>\n<p>La ceremonia de culminaci\u00f3n se realiz\u00f3 en el Auditorio del Centro Cultural y Biblioteca Pie de la Popa, destacando el papel de los representantes comunitarios como puente entre la ciudadan\u00eda y las instituciones, as\u00ed como su contribuci\u00f3n a la construcci\u00f3n de confianza, la promoci\u00f3n de la legalidad y la protecci\u00f3n de la infraestructura p\u00fablica. Durante el evento, los familiares de los participantes expresaron su orgullo por este logro, destacando su dedicaci\u00f3n y compromiso con la comunidad.<\/p>\n<p>Los certificados de participaci\u00f3n en el diplomado fueron entregados por:John Montoya Ca\u00f1as, gerente general de Aguas de Cartagena y Vanesa Quintana P\u00e9rez, jefa del Programa de Derecho de la Universidad del Sin\u00fa. Durante la jornada, se enfatiz\u00f3 la importancia de mantener una comunicaci\u00f3n permanente, oportuna y transparente con los representantes comunitarios, reconoci\u00e9ndolos como voceros, agentes de cambio y garantes del control social en sus territorios.<\/p>\n<p>\u201cEste diplomado es un claro ejemplo de c\u00f3mo la formaci\u00f3n y el trabajo conjunto fortalecen nuestra ciudad. Felicitamos a cada participante por su compromiso con sus comunidades y por asumir un papel activo en la promoci\u00f3n de la participaci\u00f3n ciudadana y la gesti\u00f3n eficiente de los servicios p\u00fablicos.\u00bb, expres\u00f3 John Montoya Ca\u00f1as, gerente general de Aguas de Cartagena<\/p>\n<p>&nbsp;<\/p>\n","protected":false},"excerpt":{"rendered":"<p>Cartagena de Indias, 19 de noviembre de 2025.-\u00a0Con enormes satisfacciones colectivas concluy\u00f3 el primer diplomado del programa Civis Lab: L\u00edderes del Cambio, \u201cParticipaci\u00f3n Ciudadana, Servicios P\u00fablicos y Gesti\u00f3n para el Desarrollo Local\u201d, dirigido a 32 gestores comunitarios de la ciudad, el cual se desarroll\u00f3 bajo la coordinaci\u00f3n de Aguas de Cartagena, en alianza con la Universidad del Sin\u00fa y la Alcald\u00eda de la Localidad Industrial y de la Bah\u00eda. Este diplomado tuvo como objetivo fortalecer las competencias de los participantes en la gesti\u00f3n eficiente de los servicios p\u00fablicos, brind\u00e1ndoles formaci\u00f3n&#8230; <\/p>\n","protected":false},"author":3,"featured_media":58778,"comment_status":"closed","ping_status":"closed","sticky":false,"template":"","format":"standard","meta":{"footnotes":"","_links_to":"","_links_to_target":""},"categories":[3,1450],"tags":[386,292,285],"class_list":["post-58777","post","type-post","status-publish","format-standard","has-post-thumbnail","hentry","category-ciudad","category-parasladers","tag-aguas-de-cartagena","tag-ciudad","tag-destacada"],"_links":{"self":[{"href":"https:\/\/revistazetta.com\/index.php?rest_route=\/wp\/v2\/posts\/58777","targetHints":{"allow":["GET"]}}],"collection":[{"href":"https:\/\/revistazetta.com\/index.php?rest_route=\/wp\/v2\/posts"}],"about":[{"href":"https:\/\/revistazetta.com\/index.php?rest_route=\/wp\/v2\/types\/post"}],"author":[{"embeddable":true,"href":"https:\/\/revistazetta.com\/index.php?rest_route=\/wp\/v2\/users\/3"}],"replies":[{"embeddable":true,"href":"https:\/\/revistazetta.com\/index.php?rest_route=%2Fwp%2Fv2%2Fcomments&post=58777"}],"version-history":[{"count":0,"href":"https:\/\/revistazetta.com\/index.php?rest_route=\/wp\/v2\/posts\/58777\/revisions"}],"wp:featuredmedia":[{"embeddable":true,"href":"https:\/\/revistazetta.com\/index.php?rest_route=\/wp\/v2\/media\/58778"}],"wp:attachment":[{"href":"https:\/\/revistazetta.com\/index.php?rest_route=%2Fwp%2Fv2%2Fmedia&parent=58777"}],"wp:term":[{"taxonomy":"category","embeddable":true,"href":"https:\/\/revistazetta.com\/index.php?rest_route=%2Fwp%2Fv2%2Fcategories&post=58777"},{"taxonomy":"post_tag","embeddable":true,"href":"https:\/\/revistazetta.com\/index.php?rest_route=%2Fwp%2Fv2%2Ftags&post=58777"}],"curies":[{"name":"wp","href":"https:\/\/api.w.org\/{rel}","templated":true}]}}