{"id":58780,"date":"2025-11-19T11:04:07","date_gmt":"2025-11-19T16:04:07","guid":{"rendered":"https:\/\/revistazetta.com\/?p=58780"},"modified":"2025-11-19T11:04:07","modified_gmt":"2025-11-19T16:04:07","slug":"tabaco-de-los-montes-de-maria-llegara-a-hoteles-y-tiendas-exclusivas-de-estados-unidos","status":"publish","type":"post","link":"https:\/\/revistazetta.com\/?p=58780","title":{"rendered":"Tabaco de los Montes de Mar\u00eda llegar\u00e1 a hoteles y tiendas exclusivas de Estados Unidos"},"content":{"rendered":"<p><strong>Cartagena de Indias, 19 de noviembre de 2025.-\u00a0<\/strong>La empresa norteamericana Shaner Cigars hizo en Cartagena la presentaci\u00f3n del cigarro \u201cAmelia\u201d, el primer tabaco de calidad Premium de los Montes de Mar\u00eda que llegar\u00e1 a Estados Unidos en momentos en que se busca priorizar la cooperaci\u00f3n para generar nuevas opciones para la econom\u00eda rural, la sustituci\u00f3n de cultivos, crear nuevas posibilidades para el segmento del agroturismo regional y tender nuevos puentes en las relaciones comerciales entre Estados Unidos y el Caribe Colombiano.<\/p>\n<p><strong><img loading=\"lazy\" decoding=\"async\" class=\"alignnone size-medium wp-image-58783\" src=\"https:\/\/revistazetta.com\/wp-content\/uploads\/2025\/11\/WhatsApp-Image-2025-11-19-at-07.14.45-3-250x333.jpeg\" alt=\"\" width=\"250\" height=\"333\" srcset=\"https:\/\/revistazetta.com\/wp-content\/uploads\/2025\/11\/WhatsApp-Image-2025-11-19-at-07.14.45-3-250x333.jpeg 250w, https:\/\/revistazetta.com\/wp-content\/uploads\/2025\/11\/WhatsApp-Image-2025-11-19-at-07.14.45-3-768x1024.jpeg 768w, https:\/\/revistazetta.com\/wp-content\/uploads\/2025\/11\/WhatsApp-Image-2025-11-19-at-07.14.45-3-122x162.jpeg 122w, https:\/\/revistazetta.com\/wp-content\/uploads\/2025\/11\/WhatsApp-Image-2025-11-19-at-07.14.45-3-1152x1536.jpeg 1152w, https:\/\/revistazetta.com\/wp-content\/uploads\/2025\/11\/WhatsApp-Image-2025-11-19-at-07.14.45-3.jpeg 1200w\" sizes=\"auto, (max-width: 250px) 100vw, 250px\" \/><\/strong><\/p>\n<p>Esta empresa internacional, con presencia en Estados Unidos y varios pa\u00edses, anunci\u00f3 ayer el inicio en pocos meses de la producci\u00f3n del primer tabaco elaborado en los Montes de Mar\u00eda para ser distribuido en tiendas y hoteles exclusivos de Estados Unidos y Colombia.<\/p>\n<p>\u00abEste lanzamiento representa un hito hist\u00f3rico para la industria agr\u00edcola colombiana y un impulso decisivo al renacer econ\u00f3mico, agroturistico y social de esta regi\u00f3n, porque primera vez, un tabaco 100% colombiano, sembrado, cultivado y producido en los Montes de Mar\u00eda, ser\u00e1 exportado a mercados internacionales de alto nivel\u00bb, expresaron Justin Shaner y Fernando Rojas, directivos de esta empresa internacional.<\/p>\n<p><strong><img loading=\"lazy\" decoding=\"async\" class=\"alignnone size-medium wp-image-58782\" src=\"https:\/\/revistazetta.com\/wp-content\/uploads\/2025\/11\/WhatsApp-Image-2025-11-19-at-07.14.44-250x333.jpeg\" alt=\"\" width=\"250\" height=\"333\" srcset=\"https:\/\/revistazetta.com\/wp-content\/uploads\/2025\/11\/WhatsApp-Image-2025-11-19-at-07.14.44-250x333.jpeg 250w, https:\/\/revistazetta.com\/wp-content\/uploads\/2025\/11\/WhatsApp-Image-2025-11-19-at-07.14.44-768x1024.jpeg 768w, https:\/\/revistazetta.com\/wp-content\/uploads\/2025\/11\/WhatsApp-Image-2025-11-19-at-07.14.44-122x162.jpeg 122w, https:\/\/revistazetta.com\/wp-content\/uploads\/2025\/11\/WhatsApp-Image-2025-11-19-at-07.14.44-1152x1536.jpeg 1152w, https:\/\/revistazetta.com\/wp-content\/uploads\/2025\/11\/WhatsApp-Image-2025-11-19-at-07.14.44-1536x2048.jpeg 1536w, https:\/\/revistazetta.com\/wp-content\/uploads\/2025\/11\/WhatsApp-Image-2025-11-19-at-07.14.44-scaled.jpeg 1920w\" sizes=\"auto, (max-width: 250px) 100vw, 250px\" \/><\/strong><\/p>\n<p>\u00abEste logro posicionar\u00e1 a la regi\u00f3n como un nuevo referente en la producci\u00f3n de tabaco premium y abre oportunidades para que m\u00e1s agricultores puedan integrarse a cadenas de valor sostenibles con proyecci\u00f3n agroturistica junto con otros cultivos de la Regi\u00f3n Caribe como el caf\u00e9 y el cacao\u00bb precis\u00f3 Jes\u00fas Amador Director de la Corporaci\u00f3n de Turismo del Gran Caribe (CORPRETUR).<\/p>\n<p>\u00abCon este proyecto, Shaner Cigars, con el apoyo de CORPRETUR Caribe reafirman su compromiso con la econom\u00eda rural, la innovaci\u00f3n agr\u00edcola y la construcci\u00f3n de paz a trav\u00e9s de modelos productivos dignos, ecoamigables y de largo plazo\u00bb manifest\u00f3 con gran entusiasmo el l\u00edder ambiental de los Montes de Mar\u00eda, George Salgado.<\/p>\n<p><strong>\u00a0<\/strong><\/p>\n","protected":false},"excerpt":{"rendered":"<p>Cartagena de Indias, 19 de noviembre de 2025.-\u00a0La empresa norteamericana Shaner Cigars hizo en Cartagena la presentaci\u00f3n del cigarro \u201cAmelia\u201d, el primer tabaco de calidad Premium de los Montes de Mar\u00eda que llegar\u00e1 a Estados Unidos en momentos en que se busca priorizar la cooperaci\u00f3n para generar nuevas opciones para la econom\u00eda rural, la sustituci\u00f3n de cultivos, crear nuevas posibilidades para el segmento del agroturismo regional y tender nuevos puentes en las relaciones comerciales entre Estados Unidos y el Caribe Colombiano. Esta empresa internacional, con presencia en Estados Unidos y&#8230; <\/p>\n","protected":false},"author":3,"featured_media":58781,"comment_status":"closed","ping_status":"closed","sticky":false,"template":"","format":"standard","meta":{"footnotes":"","_links_to":"","_links_to_target":""},"categories":[1450,83,80],"tags":[285,305,300,2587],"class_list":["post-58780","post","type-post","status-publish","format-standard","has-post-thumbnail","hentry","category-parasladers","category-municipios","category-region","tag-destacada","tag-municipios","tag-region","tag-tabaco"],"_links":{"self":[{"href":"https:\/\/revistazetta.com\/index.php?rest_route=\/wp\/v2\/posts\/58780","targetHints":{"allow":["GET"]}}],"collection":[{"href":"https:\/\/revistazetta.com\/index.php?rest_route=\/wp\/v2\/posts"}],"about":[{"href":"https:\/\/revistazetta.com\/index.php?rest_route=\/wp\/v2\/types\/post"}],"author":[{"embeddable":true,"href":"https:\/\/revistazetta.com\/index.php?rest_route=\/wp\/v2\/users\/3"}],"replies":[{"embeddable":true,"href":"https:\/\/revistazetta.com\/index.php?rest_route=%2Fwp%2Fv2%2Fcomments&post=58780"}],"version-history":[{"count":0,"href":"https:\/\/revistazetta.com\/index.php?rest_route=\/wp\/v2\/posts\/58780\/revisions"}],"wp:featuredmedia":[{"embeddable":true,"href":"https:\/\/revistazetta.com\/index.php?rest_route=\/wp\/v2\/media\/58781"}],"wp:attachment":[{"href":"https:\/\/revistazetta.com\/index.php?rest_route=%2Fwp%2Fv2%2Fmedia&parent=58780"}],"wp:term":[{"taxonomy":"category","embeddable":true,"href":"https:\/\/revistazetta.com\/index.php?rest_route=%2Fwp%2Fv2%2Fcategories&post=58780"},{"taxonomy":"post_tag","embeddable":true,"href":"https:\/\/revistazetta.com\/index.php?rest_route=%2Fwp%2Fv2%2Ftags&post=58780"}],"curies":[{"name":"wp","href":"https:\/\/api.w.org\/{rel}","templated":true}]}}