{"id":58806,"date":"2025-11-25T15:12:18","date_gmt":"2025-11-25T20:12:18","guid":{"rendered":"https:\/\/revistazetta.com\/?p=58806"},"modified":"2025-11-25T15:12:18","modified_gmt":"2025-11-25T20:12:18","slug":"28-29-y-30-de-noviembre-viviendas-desde-142-millones-en-la-feria-de-vivienda-para-todos-de-camacol-bolivar-y-corvivienda","status":"publish","type":"post","link":"https:\/\/revistazetta.com\/?p=58806","title":{"rendered":"28, 29 y 30 de noviembre: Viviendas desde $142 millones en la Feria de Vivienda Para Todos de Camacol Bol\u00edvar y Corvivienda"},"content":{"rendered":"<p><strong>Cartagena de Indias, 25 de noviembre de 2025.-<\/strong> Inicia la Feria de Vivienda Para Todos, un espacio liderado por Camacol Bol\u00edvar en alianza con Corvivienda, que conecta a las familias cartageneras con lo mejor de la oferta inmobiliaria, oportunidades y asesor\u00eda especializada para elegir la casa de sus sue\u00f1os.<\/p>\n<p>Viviendas desde $142 millones, proyectos ubicados a lo largo de la ciudad, que se ajustan a diferentes presupuestos, incluso, con dise\u00f1os adaptados para personas con movilidad reducida; son algunos de los beneficios que encontrar\u00e1n los visitantes de esta versi\u00f3n. Adem\u00e1s, recibir\u00e1n orientaci\u00f3n sobre subsidios distritales, opciones de financiaci\u00f3n, requisitos para compra de vivienda y acompa\u00f1amiento por parte de las marcas participantes.<\/p>\n<p><strong>Una cita con el futuro de las familias<\/strong><\/p>\n<p>Desde el viernes 28 hasta el domingo 30 de noviembre el Centro Comercial La Gran Manzana recibir\u00e1 a las familias cartageneras interesadas en comprar vivienda, desde las 11:00 a. m. hasta las 7:00 p. m. La feria contar\u00e1 con la participaci\u00f3n de m\u00e1s de 15 constructoras de la ciudad, que presentar\u00e1n su oferta de proyectos y brindar\u00e1n asesor\u00eda a los asistentes sobre c\u00f3mo acceder a estas opciones de vivienda.<\/p>\n<p>\u201cEsta feria representa una oportunidad real para que las familias accedan a vivienda propia. Sabemos que hoy existen limitaciones en los subsidios a nivel nacional, por eso cada a\u00f1o trabajamos para que este espacio sea m\u00e1s incluyente, m\u00e1s cercano y verdaderamente \u00fatil para la gente. Los esperamos en esta edici\u00f3n, donde podr\u00e1n conocer una variada oferta de proyectos y recibir orientaci\u00f3n para dar el paso hacia su hogar propio\u201d, afirm\u00f3 Irvin P\u00e9rez, gerente regional de Camacol Bol\u00edvar.<\/p>\n<p><strong>Una oportunidad de impacto para la ciudad<\/strong><\/p>\n<p>En sus ediciones 2023 y 2024, la feria logr\u00f3 reunir 71 expositores, recibi\u00f3 7.213 visitantes, gener\u00f3 7.701 reuniones de negocio y permiti\u00f3 concretar 166 cierres efectivos de negociaci\u00f3n, cifras que reflejan su impacto favorable y real en la din\u00e1mica habitacional de la regi\u00f3n y que benefician el desarrollo individual y colectivo.<\/p>\n<p>La Feria de Vivienda Para Todos se consolida como una cita con el futuro de miles de hogares, un escenario donde convergen informaci\u00f3n, asesor\u00eda y oportunidades reales. Es un espacio abierto, de entrada libre<\/p>\n","protected":false},"excerpt":{"rendered":"<p>Cartagena de Indias, 25 de noviembre de 2025.- Inicia la Feria de Vivienda Para Todos, un espacio liderado por Camacol Bol\u00edvar en alianza con Corvivienda, que conecta a las familias cartageneras con lo mejor de la oferta inmobiliaria, oportunidades y asesor\u00eda especializada para elegir la casa de sus sue\u00f1os. Viviendas desde $142 millones, proyectos ubicados a lo largo de la ciudad, que se ajustan a diferentes presupuestos, incluso, con dise\u00f1os adaptados para personas con movilidad reducida; son algunos de los beneficios que encontrar\u00e1n los visitantes de esta versi\u00f3n. Adem\u00e1s, recibir\u00e1n&#8230; <\/p>\n","protected":false},"author":3,"featured_media":58807,"comment_status":"closed","ping_status":"closed","sticky":false,"template":"","format":"standard","meta":{"footnotes":"","_links_to":"","_links_to_target":""},"categories":[3,1450,50],"tags":[720,292,178,285,306],"class_list":["post-58806","post","type-post","status-publish","format-standard","has-post-thumbnail","hentry","category-ciudad","category-parasladers","category-empresa","tag-camacol","tag-ciudad","tag-corvivienda","tag-destacada","tag-empresa"],"_links":{"self":[{"href":"https:\/\/revistazetta.com\/index.php?rest_route=\/wp\/v2\/posts\/58806","targetHints":{"allow":["GET"]}}],"collection":[{"href":"https:\/\/revistazetta.com\/index.php?rest_route=\/wp\/v2\/posts"}],"about":[{"href":"https:\/\/revistazetta.com\/index.php?rest_route=\/wp\/v2\/types\/post"}],"author":[{"embeddable":true,"href":"https:\/\/revistazetta.com\/index.php?rest_route=\/wp\/v2\/users\/3"}],"replies":[{"embeddable":true,"href":"https:\/\/revistazetta.com\/index.php?rest_route=%2Fwp%2Fv2%2Fcomments&post=58806"}],"version-history":[{"count":0,"href":"https:\/\/revistazetta.com\/index.php?rest_route=\/wp\/v2\/posts\/58806\/revisions"}],"wp:featuredmedia":[{"embeddable":true,"href":"https:\/\/revistazetta.com\/index.php?rest_route=\/wp\/v2\/media\/58807"}],"wp:attachment":[{"href":"https:\/\/revistazetta.com\/index.php?rest_route=%2Fwp%2Fv2%2Fmedia&parent=58806"}],"wp:term":[{"taxonomy":"category","embeddable":true,"href":"https:\/\/revistazetta.com\/index.php?rest_route=%2Fwp%2Fv2%2Fcategories&post=58806"},{"taxonomy":"post_tag","embeddable":true,"href":"https:\/\/revistazetta.com\/index.php?rest_route=%2Fwp%2Fv2%2Ftags&post=58806"}],"curies":[{"name":"wp","href":"https:\/\/api.w.org\/{rel}","templated":true}]}}