{"id":58838,"date":"2025-12-02T14:59:21","date_gmt":"2025-12-02T19:59:21","guid":{"rendered":"https:\/\/revistazetta.com\/?p=58838"},"modified":"2025-12-02T14:59:44","modified_gmt":"2025-12-02T19:59:44","slug":"58838","status":"publish","type":"post","link":"https:\/\/revistazetta.com\/?p=58838","title":{"rendered":"Cemento Pa\u00eds es la Marca del A\u00f1o 2025"},"content":{"rendered":"<p><strong>Cartagena de Indias, 2 de diciembre de 2025.- <\/strong>El 2026 signific\u00f3 la consolidaci\u00f3n de Cemento Pa\u00eds como marca, dada su alta penetraci\u00f3n en el mercado regional, la versatilidad de sus productos y el creciente reconocimiento del p\u00fablico.<\/p>\n<p>En la valoraci\u00f3n de los aportes m\u00e1s relevantes del sector productivo durante el \u00faltimo a\u00f1o, CEMENTO PA\u00cdS sobresale como un faro industrial de la regi\u00f3n, fortaleciendo la econom\u00eda y generando oportunidades reales para el desarrollo de Cartagena y Bol\u00edvar. Su crecimiento sostenido y su aporte al tejido empresarial la consolidan como una marca de impacto y proyecci\u00f3n regional.<\/p>\n<p>La distinci\u00f3n a Cemento Pa\u00eds en la categor\u00eda \u00abMarca del A\u00f1o 2025\u00bb le ser\u00e1 entregada a su gerente comercial, Carlos Espinosa Osorio, en la ceremonia de los Premios Persona del A\u00f1o que confiere la Revista Zetta, este jueves 4 de diciembre, a las 8 de la ma\u00f1ana, en el Centro Hist\u00f3rico de Cartagena de Indias.<\/p>\n<p>\ud83d\uddd3\ufe0f \u00a0Jueves 4 de diciembre<\/p>\n<p>\u23f0 8 a.m.<\/p>\n<p>\ud83d\udcec Sal\u00f3n Pierre Daguet Unibac<\/p>\n<p><strong>Persona del A\u00f1o<\/strong><\/p>\n<p>Los liderazgos que demanda la din\u00e1mica pol\u00edtica, p\u00fablica, empresarial, cultural, gremial y social de Cartagena y Bol\u00edvar encuentran un espacio de reconocimiento en los galardones \u201cPersona del A\u00f1o\u201d, que anualmente otorga Revista Zetta (www.revistazetta.com).<\/p>\n<p>Estas distinciones exaltan liderazgos edificantes, cuyo ejemplo contribuye al progreso de la ciudad y la regi\u00f3n. Para Revista Zetta, destacar a quienes aportan de manera positiva es parte esencial de su pol\u00edtica editorial y de su compromiso con la visibilizaci\u00f3n del m\u00e9rito y el servicio p\u00fablico.<\/p>\n<p>Por su edificante influencia a lo largo de este a\u00f1o 2025, son varias las personas y entidades que se han destacado en Cartagena de Indias y Bol\u00edvar, y Revista Zetta ha venido tomando nota para seleccionar entre ellas qui\u00e9n es la <b>Persona del A\u00f1o 2025<\/b>.<\/p>\n<p>La ceremonia se cumplir\u00e1 el pr\u00f3ximo jueves 4 de diciembre, con transmisi\u00f3n por el Sistema Informativo de Revista Zetta.<\/p>\n<p>De igual forma, hemos definido unas categor\u00edas para exaltar a quienes se han destacado en cada una de estas \u00e1reas, as\u00ed:<\/p>\n<p><b><i>Persona del A\u00f1o<\/i><\/b><\/p>\n<p><b><i>Dirigente Pol\u00edtico del A\u00f1o<\/i><\/b><\/p>\n<p><b><i>Empresario del A\u00f1o<\/i><\/b><\/p>\n<p><b><i>Marca del A\u00f1o<\/i><\/b><\/p>\n<p><b><i>Entidad del A\u00f1o<\/i><\/b><\/p>\n<p><b><i>Est\u00edmulo Emprendedor del A\u00f1o<\/i><\/b><\/p>\n<p><b><i>Mejor Entidad del Sector Salud<\/i><\/b><\/p>\n<p><b><i>Dirigente Gremial del A\u00f1o<\/i><\/b><\/p>\n<p><b><i>Programa OFICIAL del A\u00f1o<\/i><\/b><\/p>\n<p><b><i>Programa Social del A\u00f1o<\/i><\/b><\/p>\n<p><b><i>Mejor Alcalde Municipal<\/i><\/b><\/p>\n<p><b><i>Artista del A\u00f1o<\/i><\/b><\/p>\n<p><b><i>Profesional del A\u00f1o<\/i><\/b><\/p>\n<p><b><i>Influencer del A\u00f1o<\/i><\/b><\/p>\n","protected":false},"excerpt":{"rendered":"<p>Cartagena de Indias, 2 de diciembre de 2025.- El 2026 signific\u00f3 la consolidaci\u00f3n de Cemento Pa\u00eds como marca, dada su alta penetraci\u00f3n en el mercado regional, la versatilidad de sus productos y el creciente reconocimiento del p\u00fablico. En la valoraci\u00f3n de los aportes m\u00e1s relevantes del sector productivo durante el \u00faltimo a\u00f1o, CEMENTO PA\u00cdS sobresale como un faro industrial de la regi\u00f3n, fortaleciendo la econom\u00eda y generando oportunidades reales para el desarrollo de Cartagena y Bol\u00edvar. Su crecimiento sostenido y su aporte al tejido empresarial la consolidan como una marca&#8230; <\/p>\n","protected":false},"author":3,"featured_media":58839,"comment_status":"closed","ping_status":"closed","sticky":false,"template":"","format":"standard","meta":{"footnotes":"","_links_to":"","_links_to_target":""},"categories":[1450,1356],"tags":[1824,285,1890,1357],"class_list":["post-58838","post","type-post","status-publish","format-standard","has-post-thumbnail","hentry","category-parasladers","category-persona-del-ano","tag-cemento-pais","tag-destacada","tag-marca-del-ano","tag-persona-del-ano"],"_links":{"self":[{"href":"https:\/\/revistazetta.com\/index.php?rest_route=\/wp\/v2\/posts\/58838","targetHints":{"allow":["GET"]}}],"collection":[{"href":"https:\/\/revistazetta.com\/index.php?rest_route=\/wp\/v2\/posts"}],"about":[{"href":"https:\/\/revistazetta.com\/index.php?rest_route=\/wp\/v2\/types\/post"}],"author":[{"embeddable":true,"href":"https:\/\/revistazetta.com\/index.php?rest_route=\/wp\/v2\/users\/3"}],"replies":[{"embeddable":true,"href":"https:\/\/revistazetta.com\/index.php?rest_route=%2Fwp%2Fv2%2Fcomments&post=58838"}],"version-history":[{"count":0,"href":"https:\/\/revistazetta.com\/index.php?rest_route=\/wp\/v2\/posts\/58838\/revisions"}],"wp:featuredmedia":[{"embeddable":true,"href":"https:\/\/revistazetta.com\/index.php?rest_route=\/wp\/v2\/media\/58839"}],"wp:attachment":[{"href":"https:\/\/revistazetta.com\/index.php?rest_route=%2Fwp%2Fv2%2Fmedia&parent=58838"}],"wp:term":[{"taxonomy":"category","embeddable":true,"href":"https:\/\/revistazetta.com\/index.php?rest_route=%2Fwp%2Fv2%2Fcategories&post=58838"},{"taxonomy":"post_tag","embeddable":true,"href":"https:\/\/revistazetta.com\/index.php?rest_route=%2Fwp%2Fv2%2Ftags&post=58838"}],"curies":[{"name":"wp","href":"https:\/\/api.w.org\/{rel}","templated":true}]}}